{"id":334278,"date":"2025-08-21T16:18:13","date_gmt":"2025-08-21T16:18:13","guid":{"rendered":"https:\/\/www.europesays.com\/fr\/334278\/"},"modified":"2025-08-21T16:18:13","modified_gmt":"2025-08-21T16:18:13","slug":"le-losc-veut-devancer-rennes-pour-brian-brobbey","status":"publish","type":"post","link":"https:\/\/www.europesays.com\/fr\/334278\/","title":{"rendered":"Le LOSC veut devancer Rennes pour Brian Brobbey"},"content":{"rendered":"<p>Le LOSC tente de doubler le Stade Rennais en essayant de s\u2019imposer dans le dossier <a href=\"https:\/\/www.footmercato.net\/joueur\/brian-brobbey\/\" rel=\"nofollow noopener\" target=\"_blank\">Brian Brobbey<\/a>, selon le Telegraaf. Alors que l\u2019attaquant hollandais <a href=\"https:\/\/www.footmercato.net\/a2097686204632534459-rennes-proche-dun-accord-avec-lajax-pour-brian-brobbey\" rel=\"nofollow noopener\" target=\"_blank\">est d\u00e9j\u00e0 bien avanc\u00e9 dans les n\u00e9gociations avec les Bretons<\/a>, le club nordiste cherche \u00e0 forcer la d\u00e9cision pour convaincre l\u2019Ajax de modifier ses plans.<\/p>\n<p>            La suite apr\u00e8s cette publicit\u00e9<\/p>\n<p>Les dirigeants lillois doivent toutefois composer avec les exigences de l\u2019Ajax, qui r\u00e9clame 25 M\u20ac pour son buteur de 23 ans. Malgr\u00e9 la concurrence de <a href=\"https:\/\/www.footmercato.net\/club\/stade-rennais-fc\/\" rel=\"nofollow noopener\" target=\"_blank\">Rennes<\/a> et le prix \u00e9lev\u00e9 fix\u00e9 par Amsterdam, le LOSC mise sur sa capacit\u00e9 \u00e0 s\u00e9duire Brobbey et \u00e0 conclure un transfert qui renforcerait consid\u00e9rablement son attaque pour la saison \u00e0 venir, malgr\u00e9 les tr\u00e8s bons d\u00e9buts d\u2019Olivier Giroud.<\/p>\n<p>\n    Pub. le 21\/08\/2025 17:41<br \/>\n            &#8211; MAJ le 21\/08\/2025 18:07\n    <\/p>\n","protected":false},"excerpt":{"rendered":"Le LOSC tente de doubler le Stade Rennais en essayant de s\u2019imposer dans le dossier Brian Brobbey, selon&hellip;\n","protected":false},"author":2,"featured_media":334279,"comment_status":"","ping_status":"","sticky":false,"template":"","format":"standard","meta":{"footnotes":""},"categories":[2821],"tags":[1111,11,829,1777,674,1011,27,12,584,25],"class_list":{"0":"post-334278","1":"post","2":"type-post","3":"status-publish","4":"format-standard","5":"has-post-thumbnail","7":"category-rennes","8":"tag-actu","9":"tag-actualites","10":"tag-bretagne","11":"tag-eu","12":"tag-europe","13":"tag-fr","14":"tag-france","15":"tag-news","16":"tag-rennes","17":"tag-republique-francaise"},"share_on_mastodon":{"url":"https:\/\/pubeurope.com\/@fr\/115067663368659453","error":""},"_links":{"self":[{"href":"https:\/\/www.europesays.com\/fr\/wp-json\/wp\/v2\/posts\/334278","targetHints":{"allow":["GET"]}}],"collection":[{"href":"https:\/\/www.europesays.com\/fr\/wp-json\/wp\/v2\/posts"}],"about":[{"href":"https:\/\/www.europesays.com\/fr\/wp-json\/wp\/v2\/types\/post"}],"author":[{"embeddable":true,"href":"https:\/\/www.europesays.com\/fr\/wp-json\/wp\/v2\/users\/2"}],"replies":[{"embeddable":true,"href":"https:\/\/www.europesays.com\/fr\/wp-json\/wp\/v2\/comments?post=334278"}],"version-history":[{"count":0,"href":"https:\/\/www.europesays.com\/fr\/wp-json\/wp\/v2\/posts\/334278\/revisions"}],"wp:featuredmedia":[{"embeddable":true,"href":"https:\/\/www.europesays.com\/fr\/wp-json\/wp\/v2\/media\/334279"}],"wp:attachment":[{"href":"https:\/\/www.europesays.com\/fr\/wp-json\/wp\/v2\/media?parent=334278"}],"wp:term":[{"taxonomy":"category","embeddable":true,"href":"https:\/\/www.europesays.com\/fr\/wp-json\/wp\/v2\/categories?post=334278"},{"taxonomy":"post_tag","embeddable":true,"href":"https:\/\/www.europesays.com\/fr\/wp-json\/wp\/v2\/tags?post=334278"}],"curies":[{"name":"wp","href":"https:\/\/api.w.org\/{rel}","templated":true}]}}