{"id":334280,"date":"2025-08-21T16:19:14","date_gmt":"2025-08-21T16:19:14","guid":{"rendered":"https:\/\/www.europesays.com\/fr\/334280\/"},"modified":"2025-08-21T16:19:14","modified_gmt":"2025-08-21T16:19:14","slug":"strasbourg-les-createurs-locaux-exposent-ce-dimanche-24-aout-place-de-zurich","status":"publish","type":"post","link":"https:\/\/www.europesays.com\/fr\/334280\/","title":{"rendered":"Strasbourg. Les cr\u00e9ateurs locaux exposent ce dimanche 24 ao\u00fbt place de Zurich"},"content":{"rendered":"<p>C\u2019est sur cette nouvelle place de Zurich compl\u00e8tement r\u00e9am\u00e9nag\u00e9e, bord\u00e9e par un ring v\u00e9lo enfin termin\u00e9, qu\u2019une cinquantaine d\u2019exposants s\u2019installeront, dimanche 24\u00a0ao\u00fbt, pour mettre en lumi\u00e8re leurs talents dans des domaines toujours plus \u00e9clectiques. \u00ab\u00a0On essaye de promouvoir la diversit\u00e9 dans l\u2019art. Pour que chacun puisse avoir sa place, on \u00e9vite toujours les doublons ou des artistes trop similaires\u00a0\u00bb, informe Djeb, organisateur de l\u2019\u00e9v\u00e9nement.<\/p>\n<p>Malgr\u00e9 de nombreux march\u00e9s des cr\u00e9ateurs r\u00e9alis\u00e9s au cours de l\u2019ann\u00e9e, aucun risque de s\u2019en lasser\u00a0! \u00ab\u00a0Parmi les exposants pr\u00e9sents, pr\u00e8s de la moiti\u00e9 sont des nouveaux, permettant de faire sur ce march\u00e9 des d\u00e9couvertes in\u00e9dites\u00a0! Que ce soit dans l\u2019illustration, la couture, les bijoux, la c\u00e9ramique et m\u00eame la gourmandise\u2026 \u00a0\u00bb d\u00e9taille Djeb. Vous pourrez par exemple y trouver une lampe upcycl\u00e9e d\u2019Au temps recycl\u00e9s, les \u0153uvres du plasticien Les Toiles des Glaciers ou les produits de la Cabane aux herbes qui propose infusions et cosm\u00e9tiques issus de sa propre terre.<\/p>\n<p>  S\u00e9ance de rattrapage le 14\u00a0septembre<\/p>\n<p>Si vous \u00eates encore en vacances ou par monts et par vaux, pas de panique\u00a0! Vous pourrez vous rattraper pour le dernier march\u00e9 des cr\u00e9ateurs qui se tiendra le dimanche 14\u00a0septembre. Pour cet ultime rendez-vous en 2025, Touch-Arts a vu les choses en grand et a investi les Halles et la place du March\u00e9 de Neudorf avec pas moins d\u2019une centaine de cr\u00e9ateurs\u2026 Parmi lesquels Ulysse Velle (Ulysse. drawing), illustrateur haut en couleur, Falcetta Fanny et sa collection de produits de papeterie, Veget\u00f4, sp\u00e9cialiste de l\u2019art floral, ou encore Mad Mask et son univers imaginaire. N\u2019h\u00e9sitez surtout pas \u00e0 passer dire bonjour au stand de Touch-Arts, qui regorge toujours de surprises\u00a0!<\/p>\n<p class=\"note\">March\u00e9 des cr\u00e9ateurs, dimanche 24\u00a0ao\u00fbt place de Zurich \u00e0 Strasbourg de 10h \u00e0 19h. Dimanche 14\u00a0septembre\u00a0: Halles et place du March\u00e9 \u00e0 Neudorf de 10h \u00e0 18h. Ouverture des inscriptions pour l\u2019ann\u00e9e 2026 d\u00e8s mi-septembre. Plus d\u2019informations\u00a0: https:\/\/marche-des-createurs.fr<\/p>\n","protected":false},"excerpt":{"rendered":"C\u2019est sur cette nouvelle place de Zurich compl\u00e8tement r\u00e9am\u00e9nag\u00e9e, bord\u00e9e par un ring v\u00e9lo enfin termin\u00e9, qu\u2019une cinquantaine&hellip;\n","protected":false},"author":2,"featured_media":334281,"comment_status":"","ping_status":"","sticky":false,"template":"","format":"standard","meta":{"footnotes":""},"categories":[2820],"tags":[1111,11,1687,2880,1777,674,107,1011,27,775,2089,12,25,640,2879],"class_list":{"0":"post-334280","1":"post","2":"type-post","3":"status-publish","4":"format-standard","5":"has-post-thumbnail","7":"category-strasbourg","8":"tag-actu","9":"tag-actualites","10":"tag-culture-loisirs","11":"tag-edition-strasbourg","12":"tag-eu","13":"tag-europe","14":"tag-fil-info","15":"tag-fr","16":"tag-france","17":"tag-grand-est","18":"tag-marche","19":"tag-news","20":"tag-republique-francaise","21":"tag-strasbourg","22":"tag-strasbourg-ville"},"share_on_mastodon":{"url":"https:\/\/pubeurope.com\/@fr\/115067667363308748","error":""},"_links":{"self":[{"href":"https:\/\/www.europesays.com\/fr\/wp-json\/wp\/v2\/posts\/334280","targetHints":{"allow":["GET"]}}],"collection":[{"href":"https:\/\/www.europesays.com\/fr\/wp-json\/wp\/v2\/posts"}],"about":[{"href":"https:\/\/www.europesays.com\/fr\/wp-json\/wp\/v2\/types\/post"}],"author":[{"embeddable":true,"href":"https:\/\/www.europesays.com\/fr\/wp-json\/wp\/v2\/users\/2"}],"replies":[{"embeddable":true,"href":"https:\/\/www.europesays.com\/fr\/wp-json\/wp\/v2\/comments?post=334280"}],"version-history":[{"count":0,"href":"https:\/\/www.europesays.com\/fr\/wp-json\/wp\/v2\/posts\/334280\/revisions"}],"wp:featuredmedia":[{"embeddable":true,"href":"https:\/\/www.europesays.com\/fr\/wp-json\/wp\/v2\/media\/334281"}],"wp:attachment":[{"href":"https:\/\/www.europesays.com\/fr\/wp-json\/wp\/v2\/media?parent=334280"}],"wp:term":[{"taxonomy":"category","embeddable":true,"href":"https:\/\/www.europesays.com\/fr\/wp-json\/wp\/v2\/categories?post=334280"},{"taxonomy":"post_tag","embeddable":true,"href":"https:\/\/www.europesays.com\/fr\/wp-json\/wp\/v2\/tags?post=334280"}],"curies":[{"name":"wp","href":"https:\/\/api.w.org\/{rel}","templated":true}]}}