{"id":334284,"date":"2025-08-21T16:21:19","date_gmt":"2025-08-21T16:21:19","guid":{"rendered":"https:\/\/www.europesays.com\/fr\/334284\/"},"modified":"2025-08-21T16:21:19","modified_gmt":"2025-08-21T16:21:19","slug":"stade-de-football-americain-circuit-de-motos-electriques-palais-des-sports-le-point-sur-les-nouveautes-et-projets-a-nice","status":"publish","type":"post","link":"https:\/\/www.europesays.com\/fr\/334284\/","title":{"rendered":"Stade de football am\u00e9ricain, circuit de motos \u00e9lectriques, \u00ab\u00a0Palais des Sports\u00a0\u00bb&#8230; Le point sur les nouveaut\u00e9s et projets \u00e0 Nice"},"content":{"rendered":"<p><strong>En cette fin ao\u00fbt, l\u2019adjoint au maire\u00a0<a href=\"https:\/\/nicepresse.com\/nice-18-millions-deuros-pour-renover-nos-equipements-sportifs-annonce-ladjoint-pascal-condomitti\/\" rel=\"nofollow noopener\" target=\"_blank\">Pascal Condomitti<\/a>\u00a0faisait le point le 21 ao\u00fbt dans Nice-Presse sur la r\u00e9novation des \u00e9quipements sportifs, ainsi que sur plusieurs nouveaut\u00e9s. La Ville assure qu\u2019elle aura mobilis\u00e9 60 millions d\u2019euros pour cette mission sur le mandat en cours. Voici ce qu\u2019il faut retenir de neuf. <\/strong><\/p>\n<p><strong>En bref \u2013 <\/strong>On note l\u2019ouverture de deux espaces d\u00e9di\u00e9s \u00e0 la pratique du <strong>padel<\/strong>, pour arriver \u00e0 quatre du c\u00f4t\u00e9 du Complexe les Combes, boulevard du Mercantour (livr\u00e9s d\u00e9but juillet, pour 300.000 euros).<\/p>\n<p>Idem pour le Complexe du Mercantour. Les travaux de la sortie de la Voie Mathis ont entra\u00een\u00e9 la modification de deux terrains de tennis, rabot\u00e9s par les pelleteuses. Au final, la commune va en am\u00e9nager un seul, au c\u00f4t\u00e9 d\u2019un emplacement nouveau pour l\u2019autre sport de raquettes. Un local associatif sera d\u00e9livr\u00e9. Tout serait pr\u00eat pour la mi-septembre (500.000 euros).<\/p>\n<p>D\u2019ici \u00e0 la fin de l\u2019ann\u00e9e, un priv\u00e9 installera face \u00e0 l\u2019Allianz Riviera<strong> dix terrains de padel <\/strong>et un de <strong>pickleball<\/strong> (ou \u00ab\u00a0tennis l\u00e9ger\u00a0\u00bb, avec des balles en plastique). La Ville compl\u00e8te l\u2019offre d\u2019un \u00ab\u00a0petit foot\u00a0\u00bb, sur 30\u00d720 m\u00e8tres, ainsi que de six jeux de boules. Les environs seront v\u00e9g\u00e9talis\u00e9s.<\/p>\n<p>Sur les trois terrains de foot proches du chemin de la Lauvette, l\u2019un d\u2019eux accueille d\u00e9sormais plut\u00f4t un<strong> circuit pour les motos \u00e9lectriques <\/strong>(donc silencieuses !). Les aficionados s\u2019en saisiront d\u00e8s le mois de septembre.<\/p>\n<p>Boulevard de l\u2019Oli (secteur de La Trinit\u00e9), l\u2019un des terrains restait jusqu\u2019\u00e0 pr\u00e9sent en friche.\u00a0<\/p>\n<p>\u00ab\u00a0Nous avons d\u00e9cid\u00e9 d\u2019en d\u00e9dier l\u2019usage au <strong>football am\u00e9ricain<\/strong>. Lequel \u00e9tait d\u00e9j\u00e0 jou\u00e9, mais dans un stade mixe, \u00e0 Nice-Ouest. L\u00e0, nous aurons une structure d\u00e9di\u00e9e. L\u2019an prochain, nous y inaugurerons m\u00eame des tribunes pour 300 personnes. Avant cela, quatre vestiaires auront \u00e9t\u00e9 r\u00e9habilit\u00e9s, avec un local tout neuf\u00a0\u00bb.\u00a0Une op\u00e9ration qui se monte \u00e0 1,2 millions d\u2019euros.<\/p>\n<p>Dans ce m\u00eame interview, l\u2019adjoint au maire Pascal Condomitti a pu revenir sur le projet de construction d\u2019un Palais des Sports pour le quartier Saint Roch. Les Ni\u00e7ois ont jusqu\u2019au 31 ao\u00fbt <a href=\"https:\/\/nicepresse.com\/la-mairie-de-nice-evoque-un-nouveau-projet-de-palais-des-sports-voici-dans-quel-quartier-et-avec-quels-equipements\/\" rel=\"nofollow noopener\" target=\"_blank\">pour donner leur avis<\/a>.<\/p>\n<p><a href=\"https:\/\/anneedelamer.nice.fr\/\" rel=\"nofollow noopener\" target=\"_blank\"><img loading=\"lazy\" decoding=\"async\" width=\"300\" height=\"300\" src=\"data:image\/svg+xml,%3Csvg%20xmlns=\" http:=\"\" alt=\"\" class=\"wp-image-235449\" data-lazy-src=\"https:\/\/www.europesays.com\/fr\/wp-content\/uploads\/2025\/04\/IMG_1416-2.png\"\/><\/a><\/p>\n","protected":false},"excerpt":{"rendered":"En cette fin ao\u00fbt, l\u2019adjoint au maire\u00a0Pascal Condomitti\u00a0faisait le point le 21 ao\u00fbt dans Nice-Presse sur la r\u00e9novation&hellip;\n","protected":false},"author":2,"featured_media":334285,"comment_status":"","ping_status":"","sticky":false,"template":"","format":"standard","meta":{"footnotes":""},"categories":[2819],"tags":[1111,11,1777,674,1011,27,12,2401,882,25],"class_list":{"0":"post-334284","1":"post","2":"type-post","3":"status-publish","4":"format-standard","5":"has-post-thumbnail","7":"category-nice","8":"tag-actu","9":"tag-actualites","10":"tag-eu","11":"tag-europe","12":"tag-fr","13":"tag-france","14":"tag-news","15":"tag-nice","16":"tag-provence-alpes-cote-dazur","17":"tag-republique-francaise"},"share_on_mastodon":{"url":"https:\/\/pubeurope.com\/@fr\/115067675218969588","error":""},"_links":{"self":[{"href":"https:\/\/www.europesays.com\/fr\/wp-json\/wp\/v2\/posts\/334284","targetHints":{"allow":["GET"]}}],"collection":[{"href":"https:\/\/www.europesays.com\/fr\/wp-json\/wp\/v2\/posts"}],"about":[{"href":"https:\/\/www.europesays.com\/fr\/wp-json\/wp\/v2\/types\/post"}],"author":[{"embeddable":true,"href":"https:\/\/www.europesays.com\/fr\/wp-json\/wp\/v2\/users\/2"}],"replies":[{"embeddable":true,"href":"https:\/\/www.europesays.com\/fr\/wp-json\/wp\/v2\/comments?post=334284"}],"version-history":[{"count":0,"href":"https:\/\/www.europesays.com\/fr\/wp-json\/wp\/v2\/posts\/334284\/revisions"}],"wp:featuredmedia":[{"embeddable":true,"href":"https:\/\/www.europesays.com\/fr\/wp-json\/wp\/v2\/media\/334285"}],"wp:attachment":[{"href":"https:\/\/www.europesays.com\/fr\/wp-json\/wp\/v2\/media?parent=334284"}],"wp:term":[{"taxonomy":"category","embeddable":true,"href":"https:\/\/www.europesays.com\/fr\/wp-json\/wp\/v2\/categories?post=334284"},{"taxonomy":"post_tag","embeddable":true,"href":"https:\/\/www.europesays.com\/fr\/wp-json\/wp\/v2\/tags?post=334284"}],"curies":[{"name":"wp","href":"https:\/\/api.w.org\/{rel}","templated":true}]}}