{"id":334288,"date":"2025-08-21T16:23:14","date_gmt":"2025-08-21T16:23:14","guid":{"rendered":"https:\/\/www.europesays.com\/fr\/334288\/"},"modified":"2025-08-21T16:23:14","modified_gmt":"2025-08-21T16:23:14","slug":"ces-deux-amies-denfance-ouvrent-un-ravito-club","status":"publish","type":"post","link":"https:\/\/www.europesays.com\/fr\/334288\/","title":{"rendered":"ces deux amies d&rsquo;enfance ouvrent un \u00ab\u00a0Ravito Club\u00a0\u00bb"},"content":{"rendered":"<p>            Par<br \/>\n        <strong><br \/>\n            <a href=\"https:\/\/actu.fr\/auteur\/thomas-bernard\" title=\"Consulter tous les articles de Thomas Bernard\" target=\"_blank\" rel=\"noopener\">Thomas Bernard<\/a><br \/>\n        <\/strong><\/p>\n<p>        Publi\u00e9 le<\/p>\n<p>            21 ao\u00fbt 2025 \u00e0 17h34        <\/p>\n<p>\u00c0 quelques encablures de l\u2019\u00e9l\u00e9phant des Machines, touristes et Nantais fl\u00e2nent le long du quai Fran\u00e7ois-Mitterrand avec <a href=\"https:\/\/actu.fr\/pays-de-la-loire\/nantes_44109\/nantes-et-si-se-baigner-dans-la-loire-redevenait-possible_53901209.html\" target=\"_blank\" rel=\"noopener\">la Loire<\/a> comme point d\u2019horizon. Les plus courageux optent pour une promenade plus sportive sur l\u2019\u00eele de Nantes.<\/p>\n<p class=\" wall-content\">Depuis le d\u00e9but du mois d\u2019ao\u00fbt, tout ce beau monde peut s\u2019arr\u00eater chez <strong>Ravito Club<\/strong>, un nouveau commerce d\u00e9di\u00e9 aux amateurs de course \u00e0 pied mais pas que. Un lieu tenu par <strong>Claire et Cynthia<\/strong>, deux amies d\u2019enfance. Rencontre.<\/p>\n<p>\u00ab\u2009Un lieu o\u00f9 chacun trouve sa place\u2009\u00bb<\/p>\n<p class=\" wall-content\">\u00ab\u2009Ni une salle de sport. Ni un caf\u00e9. Ni une boutique. Un lieu o\u00f9 chacun trouve sa place\u2009\u00bb, c\u2019est la description du concept propos\u00e9 par Claire et Cynthia.<\/p>\n<p class=\" wall-content\">Un endroit hybride o\u00f9 il est possible de boire un verre, d\u00e9jeuner le midi, d\u00e9guster un cookie l\u2019apr\u00e8s-midi, partager une planche de charcuterie apr\u00e8s le travail et courir en groupe le soir.<\/p>\n<p class=\" wall-content\">\u00ab\u2009L\u2019id\u00e9e du Ravito Club, est venue de plusieurs freins que j\u2019ai rencontr\u00e9s dans la pratique du sport\u2009\u00bb, d\u00e9taille Claire, ancienne licenci\u00e9e au Nantes M\u00e9tropole Athl\u00e9tisme.<\/p>\n<p class=\" wall-content\">Pour Claire, il \u00e9tait difficile de <strong>concilier vie professionnelle et performance sportive en club<\/strong>. Le Ravito Club c\u2019est aussi un lieu o\u00f9 l\u2019athl\u00e8te peut retrouver des \u00e9quipements sportifs, de la nutrition adapt\u00e9e et avoir des informations sur les courses organis\u00e9es dans la r\u00e9gion nantaise.<\/p>\n<p class=\" wall-content\">Pour participer aux sorties collectives, il faut s\u2019inscrire sur <a href=\"https:\/\/actu.fr\/dossier\/strava-l-application-pour-sportifs-cartonne-mais-est-elle-sans-danger_61863401.html\" target=\"_blank\" rel=\"noopener\">l\u2019application Strava<\/a>. L\u2019\u00e9v\u00e9nement est relay\u00e9 sur le compte <a href=\"https:\/\/www.instagram.com\/ravitoclubnantes\/\" target=\"_blank\" rel=\"noopener\">Instagram du Ravito Club<\/a>, des courses organis\u00e9es le dimanche. \u00ab\u2009Dans l\u2019id\u00e9al, on souhaiterait faire deux sorties le soir en semaine. Cela d\u00e9pendra de la disponibilit\u00e9 des pacer (une personne qui m\u00e8ne l\u2019allure dans un groupe de running, N.D.L.R)\u2009\u00bb, compl\u00e8te Cynthia.<\/p>\n<p>Votre r\u00e9gion, votre actu !<\/p>\n<p>Recevez chaque jour les infos qui comptent pour vous.<\/p>\n<p>\t<a href=\"https:\/\/actu.fr\/newsletter\" class=\"ac-btn ac-btn--corner ac-btn--medium ac-btn--blue800\" target=\"_blank\" rel=\"noopener\">S&rsquo;incrire<\/a><\/p>\n<p class=\" wall-content\"><a href=\"https:\/\/www.instagram.com\/p\/DNFY9wqMt_t\/embed\" title=\"Ouvrir le lien sur Instagram\" target=\"_blank\" rel=\"noopener\">Visualiser le contenu sur Instagram<\/a><\/p>\n<p class=\" wall-content\">Des parcours et des formats diff\u00e9rents (VMA, sortie de piste, jogging) seront propos\u00e9s en fonction des suggestions des encadrants (pacer).<\/p>\n<p class=\" wall-content\">Apr\u00e8s la sortie de groupe, les coureurs peuvent se rejoindre dans le commerce de l\u2019\u00eele de Nantes. \u00ab\u2009Ils peuvent rester pour partager un moment de convivialit\u00e9 apr\u00e8s l\u2019effort sportif, mais ne sont pas oblig\u00e9s de consommer au Ravito\u2009\u00bb, pr\u00e9cise Claire.<\/p>\n<p class=\" wall-content\">Du c\u00f4t\u00e9 restauration, les deux fondatrices ont mis\u00e9 sur une carte \u00ab\u2009bio, locale et du fait maison\u2009\u00bb. Les clients peuvent se d\u00e9salt\u00e9rer avec du kombucha, de la bi\u00e8re, des boissons p\u00e9tillantes ou du vin.<\/p>\n<p class=\" wall-content\">L\u2019adresse ambitionne d\u2019\u00eatre <strong>\u00ab\u2009identifi\u00e9e comme un rep\u00e8re pour les amateurs de course \u00e0 pied\u2009\u00bb<\/strong>. \u00ab\u2009\u00c0 la rentr\u00e9e, on esp\u00e8re aussi viser les entreprises qui sont autour pour le repas du midi, m\u00eame pour les afterworks (sic)\u2009\u00bb, confie Cynthia.<\/p>\n<p>De l\u2019\u00e9cole primaire au Ravito Club<\/p>\n<p class=\" wall-content\">Cynthia appr\u00e9cie \u00ab\u2009la convivialit\u00e9 et les liens nou\u00e9s\u2009\u00bb depuis le d\u00e9but de l\u2019aventure. Une aventure commenc\u00e9e en d\u00e9cembre dernier sous l\u2019impulsion de Claire. \u00ab\u2009J\u2019ai inform\u00e9 Cynthia et elle a tout de suite adh\u00e9r\u00e9\u2009\u00bb, sourit Claire.<\/p>\n<p class=\" wall-content\">Les Nantaises ont pu \u00e9galement compter sur le soutien de Nicolas, alias <a href=\"https:\/\/www.instagram.com\/runningaddictfr\/\" target=\"_blank\" rel=\"noopener\">Running addict sur les r\u00e9seaux sociaux, <\/a>cofondateur de Campus Coach, et d\u2019Antoine.<\/p>\n<p class=\" wall-content\">Passionn\u00e9es de sport, les deux amies originaires de\u00a0<a href=\"https:\/\/actu.fr\/pays-de-la-loire\/vertou_44215\" target=\"_blank\" rel=\"noopener\">Vertou<\/a> (Loire-Atlantique) <strong>se connaissent depuis l\u2019\u00e9cole primaire<\/strong>. Respectivement ing\u00e9nieure d\u2019affaires et engag\u00e9e dans la police, Claire et Cynthia d\u00e9missionnent de leur poste pour se consacrer \u00e0 l\u2019aventure Ravito Club.<\/p>\n<p class=\" wall-content\">Apr\u00e8s avoir peaufin\u00e9 le concept dans sa globalit\u00e9 et des travaux en juillet, les Vertaviennes ont d\u00e9cid\u00e9 d\u2019ouvrir au courant du mois d\u2019ao\u00fbt pour \u00ab\u2009se roder avant la rentr\u00e9e\u2009\u00bb.<\/p>\n<p class=\" wall-content\">\u00ab\u2009Le Ravito Club est un accomplissement par l\u2019entrepreneuriat. Je n\u2019ai pas l\u2019impression d\u2019aller travailler dans le sens auquel on l\u2019associe \u00e0 \u00ab\u2009un effort\u2009\u00bb. Il y a du plaisir\u2009\u00bb, r\u00e9sume Claire.<\/p>\n<p><strong>Infos pratiques<\/strong>\u2009:<br \/>Ravito Club, 25 Quai Fran\u00e7ois Mitterrand, Nantes<br \/>Ouvert du mardi au dimanche.<br \/>Horaires\u2009: de 11\u2009h \u00e0 22\u2009h (fermeture \u00e0 17h le dimanche \u00e0 partir de septembre).<\/p>\n<p class=\" wall-content\">Personnalisez votre actualit\u00e9 en ajoutant vos villes et m\u00e9dias en favori avec <a href=\"https:\/\/moncompte.actu.fr\" title=\"D\u00e9couvez Mon Actu\" rel=\"nofollow noopener\" data-trk=\"{&quot;cta&quot;:{&quot;action&quot;:&quot;https:\\\/\\\/moncompte.actu.fr&quot;,&quot;category&quot;:&quot;mon compte&quot;,&quot;from&quot;:&quot;article footer&quot;,&quot;name&quot;:&quot;Mon actu&quot;,&quot;type&quot;:&quot;cta&quot;}}\" target=\"_blank\">Mon Actu<\/a>.<\/p>\n<p>                    <script async src=\"\/\/www.instagram.com\/embed.js\"><\/script><\/p>\n","protected":false},"excerpt":{"rendered":"Par Thomas Bernard Publi\u00e9 le 21 ao\u00fbt 2025 \u00e0 17h34 \u00c0 quelques encablures de l\u2019\u00e9l\u00e9phant des Machines, touristes&hellip;\n","protected":false},"author":2,"featured_media":334289,"comment_status":"","ping_status":"","sticky":false,"template":"","format":"standard","meta":{"footnotes":""},"categories":[2818],"tags":[1111,11,215,1777,674,1011,27,766,12,3147,2636,25,104],"class_list":{"0":"post-334288","1":"post","2":"type-post","3":"status-publish","4":"format-standard","5":"has-post-thumbnail","7":"category-nantes","8":"tag-actu","9":"tag-actualites","10":"tag-commerce","11":"tag-eu","12":"tag-europe","13":"tag-fr","14":"tag-france","15":"tag-nantes","16":"tag-news","17":"tag-nouveaux-commerces","18":"tag-pays-de-la-loire","19":"tag-republique-francaise","20":"tag-societe"},"share_on_mastodon":{"url":"https:\/\/pubeurope.com\/@fr\/115067683104808774","error":""},"_links":{"self":[{"href":"https:\/\/www.europesays.com\/fr\/wp-json\/wp\/v2\/posts\/334288","targetHints":{"allow":["GET"]}}],"collection":[{"href":"https:\/\/www.europesays.com\/fr\/wp-json\/wp\/v2\/posts"}],"about":[{"href":"https:\/\/www.europesays.com\/fr\/wp-json\/wp\/v2\/types\/post"}],"author":[{"embeddable":true,"href":"https:\/\/www.europesays.com\/fr\/wp-json\/wp\/v2\/users\/2"}],"replies":[{"embeddable":true,"href":"https:\/\/www.europesays.com\/fr\/wp-json\/wp\/v2\/comments?post=334288"}],"version-history":[{"count":0,"href":"https:\/\/www.europesays.com\/fr\/wp-json\/wp\/v2\/posts\/334288\/revisions"}],"wp:featuredmedia":[{"embeddable":true,"href":"https:\/\/www.europesays.com\/fr\/wp-json\/wp\/v2\/media\/334289"}],"wp:attachment":[{"href":"https:\/\/www.europesays.com\/fr\/wp-json\/wp\/v2\/media?parent=334288"}],"wp:term":[{"taxonomy":"category","embeddable":true,"href":"https:\/\/www.europesays.com\/fr\/wp-json\/wp\/v2\/categories?post=334288"},{"taxonomy":"post_tag","embeddable":true,"href":"https:\/\/www.europesays.com\/fr\/wp-json\/wp\/v2\/tags?post=334288"}],"curies":[{"name":"wp","href":"https:\/\/api.w.org\/{rel}","templated":true}]}}