{"id":334299,"date":"2025-08-21T16:29:18","date_gmt":"2025-08-21T16:29:18","guid":{"rendered":"https:\/\/www.europesays.com\/fr\/334299\/"},"modified":"2025-08-21T16:29:18","modified_gmt":"2025-08-21T16:29:18","slug":"travaux-a-lille-de-fortes-perturbations-attendues-boulevard-de-metz-jusquen-novembre-2025","status":"publish","type":"post","link":"https:\/\/www.europesays.com\/fr\/334299\/","title":{"rendered":"Travaux \u00e0 Lille. De fortes perturbations attendues boulevard de Metz jusqu\u2019en novembre 2025"},"content":{"rendered":"<p>            Par<br \/>\n        <strong><br \/>\n            <a href=\"https:\/\/actu.fr\/auteur\/bastien-grossin\" title=\"Consulter tous les articles de Bastien Grossin\" target=\"_blank\" rel=\"noopener\">Bastien Grossin<\/a><br \/>\n        <\/strong><\/p>\n<p>        Publi\u00e9 le<\/p>\n<p>            21 ao\u00fbt 2025 \u00e0 17h30        <\/p>\n<p>Depuis ce lundi 18\u00a0ao\u00fbt, le <b data-end=\"236\">boulevard de Metz <a href=\"https:\/\/www.google.com\/search?q=Lille+tage+lille+actu&amp;rlz=1C1CHBF_frFR944FR944&amp;oq=Lille+tag+&amp;gs_lcrp=EgZjaHJvbWUqBggBEEUYOzIKCAAQRRgWGB4YOTIGCAEQRRg7MgYIAhAjGCcyBggDECMYJzIICAQQABgWGB4yCAgFEAAYFhgeMgYIBhBFGDwyBggHEEUYPNIBCDIwOTBqMGo3qAIAsAIA&amp;sourceid=chrome&amp;ie=UTF-8\" target=\"_blank\" rel=\"noopener\">\u00e0 Lille<\/a><\/b><a href=\"https:\/\/www.google.com\/search?q=Lille+tage+lille+actu&amp;rlz=1C1CHBF_frFR944FR944&amp;oq=Lille+tag+&amp;gs_lcrp=EgZjaHJvbWUqBggBEEUYOzIKCAAQRRgWGB4YOTIGCAEQRRg7MgYIAhAjGCcyBggDECMYJzIICAQQABgWGB4yCAgFEAAYFhgeMgYIBhBFGDwyBggHEEUYPNIBCDIwOTBqMGo3qAIAsAIA&amp;sourceid=chrome&amp;ie=UTF-8\" target=\"_blank\" rel=\"noopener\"> <\/a>est entr\u00e9 en travaux. Ce chantier de <b data-end=\"284\">voirie<\/b>, qui s\u2019\u00e9tend entre la place Tacq et le square Samain, devrait durer jusqu\u2019au mois de novembre\u00a02025. Pendant plusieurs semaines, la <b data-end=\"426\">circulation<\/b>, le <b data-end=\"448\">stationnement<\/b> et les <b data-end=\"480\">transports en commun<\/b> seront fortement perturb\u00e9s sur ce grand axe de la ville. On vous explique tout.<\/p>\n<p class=\" wall-content\">Concr\u00e8tement, le trottoir sud, les places de stationnement et la bande cyclable sont condamn\u00e9s pendant plusieurs semaines. L<b>\u2019arr\u00eat de bus Renoir, c\u00f4t\u00e9 sud, dispara\u00eet \u00e9galement le temps du chantier<\/b>. Pour les riverains et les habitu\u00e9s, le quotidien sera impact\u00e9 pendant toute cette p\u00e9riode.<\/p>\n<p>Boulevard \u00e0 sens unique en octobre<\/p>\n<p class=\" wall-content\">Le plus gros des perturbations arrivera pendant les vacances de la Toussaint, <b>entre le 18 et le 31\u00a0octobre.<\/b> Le boulevard passera alors en sens unique, ce qui changera beaucoup la circulation. Selon<a href=\"https:\/\/www.lille.fr\/Actualites\/Travaux-boulevard-de-Metz\" target=\"_blank\" rel=\"noopener\"> le site de la mairie<\/a>, du <b>20 au 24\u00a0octobre<\/b>, les voitures seront d\u00e9vi\u00e9es par les rues Saint-Bernard et d\u2019Esquermes, et les arr\u00eats de bus c\u00f4t\u00e9 nord ne seront plus desservis. Les voyageurs devront se reporter vers Montebello ou Isly. Puis, <b>du 27 au 31\u00a0octobre<\/b>, l\u2019entr\u00e9e du boulevard de Metz c\u00f4t\u00e9 place Tacq sera compl\u00e8tement ferm\u00e9e.<\/p>\n<p class=\" wall-content\"><b>La voie de bus sur l\u2019avenue Beethoven sera neutralis\u00e9e<\/b>. Une d\u00e9viation sera mise en place depuis l\u2019avenue Beethoven et le boulevard de la Moselle par la rue d\u2019Isly et le boulevard Montebello. Une autre d\u00e9viation concernera la rue d\u2019Isly, redirigeant les v\u00e9hicules vers l\u2019avenue Beethoven et l\u2019A25. L\u00e0 encore, les arr\u00eats situ\u00e9s c\u00f4t\u00e9 sud seront supprim\u00e9s, avec un report vers Isly et Montebello.<\/p>\n<p class=\" wall-content\">Personnalisez votre actualit\u00e9 en ajoutant vos villes et m\u00e9dias en favori avec <a href=\"https:\/\/moncompte.actu.fr\" title=\"D\u00e9couvez Mon Actu\" rel=\"nofollow noopener\" data-trk=\"{&quot;cta&quot;:{&quot;action&quot;:&quot;https:\\\/\\\/moncompte.actu.fr&quot;,&quot;category&quot;:&quot;mon compte&quot;,&quot;from&quot;:&quot;article footer&quot;,&quot;name&quot;:&quot;Mon actu&quot;,&quot;type&quot;:&quot;cta&quot;}}\" target=\"_blank\">Mon Actu<\/a>.<\/p>\n","protected":false},"excerpt":{"rendered":"Par Bastien Grossin Publi\u00e9 le 21 ao\u00fbt 2025 \u00e0 17h30 Depuis ce lundi 18\u00a0ao\u00fbt, le boulevard de Metz&hellip;\n","protected":false},"author":2,"featured_media":334300,"comment_status":"","ping_status":"","sticky":false,"template":"","format":"standard","meta":{"footnotes":""},"categories":[2815],"tags":[1111,11,1777,674,1011,27,811,1307,12,25,104,2086],"class_list":{"0":"post-334299","1":"post","2":"type-post","3":"status-publish","4":"format-standard","5":"has-post-thumbnail","7":"category-lille","8":"tag-actu","9":"tag-actualites","10":"tag-eu","11":"tag-europe","12":"tag-fr","13":"tag-france","14":"tag-hauts-de-france","15":"tag-lille","16":"tag-news","17":"tag-republique-francaise","18":"tag-societe","19":"tag-travaux"},"share_on_mastodon":{"url":"https:\/\/pubeurope.com\/@fr\/115067706691403731","error":""},"_links":{"self":[{"href":"https:\/\/www.europesays.com\/fr\/wp-json\/wp\/v2\/posts\/334299","targetHints":{"allow":["GET"]}}],"collection":[{"href":"https:\/\/www.europesays.com\/fr\/wp-json\/wp\/v2\/posts"}],"about":[{"href":"https:\/\/www.europesays.com\/fr\/wp-json\/wp\/v2\/types\/post"}],"author":[{"embeddable":true,"href":"https:\/\/www.europesays.com\/fr\/wp-json\/wp\/v2\/users\/2"}],"replies":[{"embeddable":true,"href":"https:\/\/www.europesays.com\/fr\/wp-json\/wp\/v2\/comments?post=334299"}],"version-history":[{"count":0,"href":"https:\/\/www.europesays.com\/fr\/wp-json\/wp\/v2\/posts\/334299\/revisions"}],"wp:featuredmedia":[{"embeddable":true,"href":"https:\/\/www.europesays.com\/fr\/wp-json\/wp\/v2\/media\/334300"}],"wp:attachment":[{"href":"https:\/\/www.europesays.com\/fr\/wp-json\/wp\/v2\/media?parent=334299"}],"wp:term":[{"taxonomy":"category","embeddable":true,"href":"https:\/\/www.europesays.com\/fr\/wp-json\/wp\/v2\/categories?post=334299"},{"taxonomy":"post_tag","embeddable":true,"href":"https:\/\/www.europesays.com\/fr\/wp-json\/wp\/v2\/tags?post=334299"}],"curies":[{"name":"wp","href":"https:\/\/api.w.org\/{rel}","templated":true}]}}