{"id":334305,"date":"2025-08-21T16:32:14","date_gmt":"2025-08-21T16:32:14","guid":{"rendered":"https:\/\/www.europesays.com\/fr\/334305\/"},"modified":"2025-08-21T16:32:14","modified_gmt":"2025-08-21T16:32:14","slug":"marseille-un-mois-apres-lincendie-de-lestaque-des-sinistres-vivent-dans-des-bungalows","status":"publish","type":"post","link":"https:\/\/www.europesays.com\/fr\/334305\/","title":{"rendered":"Marseille : un mois apr\u00e8s l&rsquo;incendie de l&rsquo;Estaque, des sinistr\u00e9s vivent dans des bungalows"},"content":{"rendered":"<ul class=\"jsx-862013697 ArticleChapo__List\">\n<li class=\"jsx-862013697 ArticleChapo__List_Item flex\">Un incendie a ravag\u00e9 le quartier de l&rsquo;Estaque, \u00e0 Marseille, en juillet dernier.<\/li>\n<li class=\"jsx-862013697 ArticleChapo__List_Item flex\">Un mois plus tard, certains s&rsquo;installent dans des bungalows.<\/li>\n<\/ul>\n<p data-module=\"article-paragraph\" class=\"jsx-3046738180 Paragraph\">Un mois apr\u00e8s l&rsquo;incendie qui a ravag\u00e9 le <a href=\"https:\/\/www.tf1info.fr\/justice-faits-divers\/video-reportage-incendie-a-marseille-les-sinistres-de-l-estaque-et-des-pennes-mirabeau-racontent-leurs-moments-d-angoisse-terribles-2381874.html\" target=\"_blank\" rel=\"noopener\">quartier de l&rsquo;Estaque<\/a> \u00e0 Marseille, des habitants du quartier vivent \u00e0 c\u00f4t\u00e9 des ruines de leurs maisons, certains sont toujours sans domicile fixe. Face \u00e0 cette situation, un couple a d\u00e9cid\u00e9 de vivre dans un mobil-home.\u00a0\u00ab\u00a0C&rsquo;est pas \u00e9norme, mais c&rsquo;est mieux que rien\u00a0\u00bb, confie dans la vid\u00e9o en t\u00eate de cet article Anne-Marie Lacroix, l&rsquo;une des sinistr\u00e9es des incendies qui ont ravag\u00e9 70 appartements, dans ce quartier du nord de Marseille.<\/p>\n<p data-module=\"article-paragraph\" class=\"jsx-3046738180 Paragraph\">Il n&rsquo;y a pas encore d&rsquo;<a href=\"https:\/\/www.tf1info.fr\/conso\/video-prix-de-electricite-pourquoi-votre-facture-risque-de-flamber-2386422.html\" target=\"_blank\" rel=\"noopener\">\u00e9lectricit\u00e9<\/a>, mais apr\u00e8s plusieurs semaines pass\u00e9es \u00e0 dormir dans sa voiture, le couple voulait trouver un nouveau refuge. \u00ab\u00a0On n&rsquo;est pas l\u00e0 par plaisir, on est l\u00e0 parce qu&rsquo;on a perdu notre habitation. On n&rsquo;est pas des sans-abri. On est devenus sans-abri malheureusement \u00e0 cause du feu\u00a0\u00bb, ajoute-t-elle.\u00a0<\/p>\n<p data-module=\"article-paragraph\" class=\"jsx-3046738180 Paragraph Paragraph__End\">La mairie a propos\u00e9 aux sinistr\u00e9s de s&rsquo;installer provisoirement sur son terrain, une aide bienvenue pour ce couple qui a d\u00e9bours\u00e9 5.000 euros pour acqu\u00e9rir ce mobil-home. \u00ab\u00a0Les terrains de camping ne vendent pas jusqu&rsquo;au mois de septembre. On ne peut pas se permettre d&rsquo;attendre le mois de septembre. On va dormir l\u00e0, ce sera mieux que de dormir dans les v\u00e9hicules, et apr\u00e8s on verra le reste\u00a0\u00bb, explique Joachim Lacroix.\u00a0<\/p>\n<p><a href=\"https:\/\/www.tf1info.fr\/societe\/video-j-ai-vu-comme-une-boule-tomber-l-emotion-des-proprietaires-d-un-chateau-limousin-classe-detruit-par-un-incendie-2389982.html\" rel=\"noopener\" class=\"jsx-3308031228 Link flex\" target=\"_blank\"><img decoding=\"async\" src=\"https:\/\/www.europesays.com\/fr\/wp-content\/uploads\/2025\/08\/jta-incendie-chateau-de-la-cosse-limousin-d24650-0@1x.jpeg\" alt=\"TF1\" loading=\"lazy\" importance=\"low\" fetchpriority=\"low\" class=\"\" aria-hidden=\"true\"\/><\/p>\n<p class=\"jsx-3657663356 ReadMoreArticle__Title\">Lire aussi<\/p>\n<p class=\"jsx-3657663356\">\u00ab\u00a0J&rsquo;ai vu comme une boule tomber\u00a0\u00bb : l&rsquo;\u00e9motion des propri\u00e9taires d&rsquo;un ch\u00e2teau limousin class\u00e9, d\u00e9truit par un incendie<\/p>\n<p><\/a><\/p>\n<p data-module=\"article-paragraph\" class=\"jsx-3046738180 Paragraph Paragraph__End\">Le conseil municipal de la commune a mis en place des dispositifs d&rsquo;aide pour les m\u00e9nages sinistr\u00e9s, dont une aide financi\u00e8re exceptionnelle.\u00a0Son montant est compris entre 1.000 et 3.000 euros, en fonction des d\u00e9g\u00e2ts.<\/p>\n<p>Thibault JEANNIN<\/p>\n","protected":false},"excerpt":{"rendered":"Un incendie a ravag\u00e9 le quartier de l&rsquo;Estaque, \u00e0 Marseille, en juillet dernier. Un mois plus tard, certains&hellip;\n","protected":false},"author":2,"featured_media":334306,"comment_status":"","ping_status":"","sticky":false,"template":"","format":"standard","meta":{"footnotes":""},"categories":[2814],"tags":[1111,11,1921,6778,1777,674,1011,27,1310,1922,884,12,882,25,133,5010],"class_list":{"0":"post-334305","1":"post","2":"type-post","3":"status-publish","4":"format-standard","5":"has-post-thumbnail","7":"category-marseille","8":"tag-actu","9":"tag-actualites","10":"tag-article-video","11":"tag-bonjour-la-matinale-tf1","12":"tag-eu","13":"tag-europe","14":"tag-fr","15":"tag-france","16":"tag-incendie","17":"tag-info","18":"tag-marseille","19":"tag-news","20":"tag-provence-alpes-cote-dazur","21":"tag-republique-francaise","22":"tag-video","23":"tag-video-sujets-de-societe"},"share_on_mastodon":{"url":"https:\/\/pubeurope.com\/@fr\/115067718493585003","error":""},"_links":{"self":[{"href":"https:\/\/www.europesays.com\/fr\/wp-json\/wp\/v2\/posts\/334305","targetHints":{"allow":["GET"]}}],"collection":[{"href":"https:\/\/www.europesays.com\/fr\/wp-json\/wp\/v2\/posts"}],"about":[{"href":"https:\/\/www.europesays.com\/fr\/wp-json\/wp\/v2\/types\/post"}],"author":[{"embeddable":true,"href":"https:\/\/www.europesays.com\/fr\/wp-json\/wp\/v2\/users\/2"}],"replies":[{"embeddable":true,"href":"https:\/\/www.europesays.com\/fr\/wp-json\/wp\/v2\/comments?post=334305"}],"version-history":[{"count":0,"href":"https:\/\/www.europesays.com\/fr\/wp-json\/wp\/v2\/posts\/334305\/revisions"}],"wp:featuredmedia":[{"embeddable":true,"href":"https:\/\/www.europesays.com\/fr\/wp-json\/wp\/v2\/media\/334306"}],"wp:attachment":[{"href":"https:\/\/www.europesays.com\/fr\/wp-json\/wp\/v2\/media?parent=334305"}],"wp:term":[{"taxonomy":"category","embeddable":true,"href":"https:\/\/www.europesays.com\/fr\/wp-json\/wp\/v2\/categories?post=334305"},{"taxonomy":"post_tag","embeddable":true,"href":"https:\/\/www.europesays.com\/fr\/wp-json\/wp\/v2\/tags?post=334305"}],"curies":[{"name":"wp","href":"https:\/\/api.w.org\/{rel}","templated":true}]}}