{"id":334307,"date":"2025-08-21T16:33:10","date_gmt":"2025-08-21T16:33:10","guid":{"rendered":"https:\/\/www.europesays.com\/fr\/334307\/"},"modified":"2025-08-21T16:33:10","modified_gmt":"2025-08-21T16:33:10","slug":"mobilite-dechets-proprete-ces-agents-de-la-metropole-de-lyon-repondent-a-vos-questions","status":"publish","type":"post","link":"https:\/\/www.europesays.com\/fr\/334307\/","title":{"rendered":"Mobilit\u00e9, d\u00e9chets, propret\u00e9 : ces agents de la M\u00e9tropole de Lyon r\u00e9pondent \u00e0 vos questions"},"content":{"rendered":"<p>Collecte des d\u00e9chets, nettoyage de la voie publique, aides \u00e0 la mobilit\u00e9 verte\u2026 Un centre d&rsquo;information et de contact de la M\u00e9tropole de Lyon vient en aide aux habitants et traite pr\u00e8s de 500 demandes par jour.<\/p>\n<p>Un d\u00e9p\u00f4t sauvage, une aide \u00e0 la mobilit\u00e9 verte, les horaires de la d\u00e9chetterie\u2026 Au total,\u00a0<b>22 agents<\/b>\u00a0du centre d&rsquo;information et de contact sont au service des usagers la M\u00e9tropole de Lyon pour r\u00e9pondre \u00e0 leurs demandes.<\/p>\n<p>Par t\u00e9l\u00e9phone ou internet, ce centre re\u00e7oit en moyenne <b>480 demandes par jour<\/b>. Plus de la moiti\u00e9 sont aujourd&rsquo;hui r\u00e9alis\u00e9es via la plateforme num\u00e9rique <b>Toodego<\/b>, cr\u00e9\u00e9e en 2019.<\/p>\n<p>Le reste des demandes (45%) est r\u00e9alis\u00e9 par t\u00e9l\u00e9phone. Le temps d&rsquo;attente moyen est alors de 1 minute 10.<\/p>\n<p>Les demandes qui concernent la M\u00e9tropole de Lyon<\/p>\n<p>L&rsquo;essentiel des demandes concerne la <b>collecte des d\u00e9chets<\/b>. Vient ensuite la <b>propret\u00e9<\/b>,\u00a0notamment les <b>d\u00e9p\u00f4ts sauvages<\/b> pour lesquels les agents re\u00e7oivent 30 \u00e0 40 appels par jour. <\/p>\n<p>Le centre est \u00e9galement comp\u00e9tent en mati\u00e8re d&rsquo;<b>assainissement<\/b> ou pour les questions de <b>mobilit\u00e9 <\/b>(aides pour acheter un v\u00e9lo \u00e9lectrique, renseignements sur la ZFE ou la ZTL\u2026).<\/p>\n<p>En ce qui concerne tous les sujets sociaux, comme le RSA, ce sont les Maisons de la M\u00e9tropole qui s&rsquo;en occupent.<\/p>\n<p>Les agents de la M\u00e9tropole de Lyon se reconnaissent comp\u00e9tents dans pr\u00e8s de 10% des demandes. Un chiffre en augmentation car le service serait \u201cvictime de son succ\u00e8s\u201d.<\/p>\n<p>Un service qui \u201cr\u00e9pond \u00e0 un vrai besoin de la population\u201d<\/p>\n<p>D&rsquo;apr\u00e8s <b>Laurence Boffet<\/b>, vice-pr\u00e9sidente de la M\u00e9tropole de Lyon charg\u00e9e de la participation citoyenne et de la relation \u00e0 l&rsquo;usager, \u201cles agents sont vraiment comp\u00e9tents, pas comme dans un centre d&rsquo;appels classique\u201d.<\/p>\n<p>Selon elle, il y a un \u201cgros travail d&rsquo;expertise technique\u201d pour v\u00e9rifier que le probl\u00e8me rel\u00e8ve de la M\u00e9tropole et pour trouver une solution au plus vite, souvent dans la journ\u00e9e.<\/p>\n<p>Le centre est joignable au <b>04.78.63.40.00<\/b>, du lundi au vendredi, de 9h \u00e0 12h et de 13h30 \u00e0 16h. Vous pouvez \u00e9galement remplir un formulaire <a class=\"url\" href=\"https:\/\/www.toodego.com\" target=\"_blank\" rel=\"nofollow noopener\">sur la plateforme num\u00e9rique Toodego<\/a>.<\/p>\n<p>Attention, la M\u00e9tropole de Lyon pr\u00e9cise que la commune \u00ab\u00a0reste l&rsquo;interlocuteur privil\u00e9gi\u00e9 pour toute demande concernant l&rsquo;\u00e9clairage public, le stationnement et les incivilit\u00e9s\u00a0\u00bb.<\/p>\n<p><img loading=\"lazy\" decoding=\"async\" src=\"https:\/\/www.europesays.com\/fr\/wp-content\/uploads\/2025\/08\/1755793990_115_img\" width=\"350\" height=\"200\" border=\"0\" title=\"Le m\u00c3\u00a9tro B ne circulera pas pendant deux jours \u00c3\u00a0 Lyon\"\/><\/p>\n<p>\u25baTransport<\/p>\n<p style=\"font-size: 22px;\"><b>Lyon : le m\u00e9tro B sera \u00e0 l&rsquo;arr\u00eat pendant deux jours\u00a0<\/b><\/p>\n<p>La semaine prochaine, le m\u00e9tro B ne circulera pas&#8230;<\/p>\n<p><\/p>\n","protected":false},"excerpt":{"rendered":"Collecte des d\u00e9chets, nettoyage de la voie publique, aides \u00e0 la mobilit\u00e9 verte\u2026 Un centre d&rsquo;information et de&hellip;\n","protected":false},"author":2,"featured_media":334308,"comment_status":"","ping_status":"","sticky":false,"template":"","format":"standard","meta":{"footnotes":""},"categories":[1889],"tags":[1111,11,2430,47153,47154,1777,674,1011,27,2808,47155,2428,10958,12,25,47152],"class_list":{"0":"post-334307","1":"post","2":"type-post","3":"status-publish","4":"format-standard","5":"has-post-thumbnail","7":"category-lyon","8":"tag-actu","9":"tag-actualites","10":"tag-auvergne-rhone-alpes","11":"tag-collecte-des-dchets","12":"tag-dpts-sauvages","13":"tag-eu","14":"tag-europe","15":"tag-fr","16":"tag-france","17":"tag-grand-lyon","18":"tag-laurence-boffet","19":"tag-lyon","20":"tag-mtropole","21":"tag-news","22":"tag-republique-francaise","23":"tag-toodego"},"share_on_mastodon":{"url":"https:\/\/pubeurope.com\/@fr\/115067722569163139","error":""},"_links":{"self":[{"href":"https:\/\/www.europesays.com\/fr\/wp-json\/wp\/v2\/posts\/334307","targetHints":{"allow":["GET"]}}],"collection":[{"href":"https:\/\/www.europesays.com\/fr\/wp-json\/wp\/v2\/posts"}],"about":[{"href":"https:\/\/www.europesays.com\/fr\/wp-json\/wp\/v2\/types\/post"}],"author":[{"embeddable":true,"href":"https:\/\/www.europesays.com\/fr\/wp-json\/wp\/v2\/users\/2"}],"replies":[{"embeddable":true,"href":"https:\/\/www.europesays.com\/fr\/wp-json\/wp\/v2\/comments?post=334307"}],"version-history":[{"count":0,"href":"https:\/\/www.europesays.com\/fr\/wp-json\/wp\/v2\/posts\/334307\/revisions"}],"wp:featuredmedia":[{"embeddable":true,"href":"https:\/\/www.europesays.com\/fr\/wp-json\/wp\/v2\/media\/334308"}],"wp:attachment":[{"href":"https:\/\/www.europesays.com\/fr\/wp-json\/wp\/v2\/media?parent=334307"}],"wp:term":[{"taxonomy":"category","embeddable":true,"href":"https:\/\/www.europesays.com\/fr\/wp-json\/wp\/v2\/categories?post=334307"},{"taxonomy":"post_tag","embeddable":true,"href":"https:\/\/www.europesays.com\/fr\/wp-json\/wp\/v2\/tags?post=334307"}],"curies":[{"name":"wp","href":"https:\/\/api.w.org\/{rel}","templated":true}]}}