{"id":334311,"date":"2025-08-21T16:35:11","date_gmt":"2025-08-21T16:35:11","guid":{"rendered":"https:\/\/www.europesays.com\/fr\/334311\/"},"modified":"2025-08-21T16:35:11","modified_gmt":"2025-08-21T16:35:11","slug":"retour-de-vacances-les-previsions-de-bison-fute-sur-les-routes-de-paris-et-dile-de-france-ce-week-end","status":"publish","type":"post","link":"https:\/\/www.europesays.com\/fr\/334311\/","title":{"rendered":"Retour de vacances. Les pr\u00e9visions de Bison Fut\u00e9 sur les routes de Paris et d&rsquo;\u00cele-de-France ce week-end"},"content":{"rendered":"<p>            Par<br \/>\n        <strong><br \/>\n            <a href=\"https:\/\/actu.fr\/auteur\/redaction-paris\" title=\"Consulter tous les articles de R\u00e9daction Paris\" target=\"_blank\" rel=\"noopener\">R\u00e9daction Paris<\/a><br \/>\n        <\/strong><\/p>\n<p>        Publi\u00e9 le<\/p>\n<p>            21 ao\u00fbt 2025 \u00e0 18h06        <\/p>\n<p>Le mistral va s\u2019habituer \u00e0 courir sans les voiliers mais l\u2019autoroute, elle, <a href=\"https:\/\/actu.fr\/societe\/du-rouge-et-meme-du-noir-bison-fute-prevoit-de-gros-bouchons-sur-la-route-des-retours-de-vacances_63058387.html\" target=\"_blank\" rel=\"noopener\">redoute les vacanciers<\/a>. L\u2019avant-dernier week-end d\u2019ao\u00fbt promet d\u2019\u00eatre mouvement\u00e9 <strong>sur les routes de <a href=\"https:\/\/actu.fr\/ile-de-france\/paris_75056\" target=\"_blank\" rel=\"noopener\">Paris<\/a> et d\u2019\u00cele-de-France.<\/strong><\/p>\n<p class=\" wall-content\">Voici les pr\u00e9visions de circulation de <a href=\"https:\/\/www.bison-fute.gouv.fr\/previsions,10741.html\" target=\"_blank\" rel=\"noopener\">Bison Fut\u00e9<\/a> du vendredi\u00a022 au dimanche 24\u00a0ao\u00fbt 2025.<\/p>\n<p>Samedi class\u00e9 route au niveau national<\/p>\n<p class=\" wall-content\">Le trafic devrait \u00eatre dense dans le sens des retours sur l\u2019ensemble du territoire pour la journ\u00e9e de <strong>vendredi 22\u00a0ao\u00fbt 2025<\/strong>. En \u00cele-de-France, les premiers ralentissements pourraient appara\u00eetre d\u00e8s le d\u00e9but de l\u2019apr\u00e8s-midi, sur l\u2019autoroute A10 entre la barri\u00e8re de p\u00e9age de Saint-Arnoult-en-Yvelines et la commune de Wissous, puis sur l\u2019autoroute A6 entre les communes de Corbeil-Essonnes et de Wissous, pr\u00e9vient Bison Fut\u00e9. La circulation s\u2019intensifiera en milieu d\u2019apr\u00e8s-midi, quand les vacanciers se m\u00ealeront aux travailleurs. La circulation sera dense jusque tard dans la soir\u00e9e, pr\u00e9vient d\u2019ores et d\u00e9j\u00e0 le Centre national d\u2019information routi\u00e8re.<\/p>\n<p class=\" wall-content\"><strong>La journ\u00e9e de samedi<\/strong> est class\u00e9e rouge au niveau nationale pour les retours. En \u00cele-de-France, premiers ralentissements pourraient appara\u00eetre d\u00e8s la fin de matin\u00e9e sur l\u2019autoroute A10 entre Janvry et Wissous, puis sur l\u2019autoroute A6 entre Corbeil-Essonnes et Wissous. \u00c0 partir du milieu de l\u2019apr\u00e8s-midi, des difficult\u00e9s de circulation importantes pourraient \u00eatre enregistr\u00e9es, notamment sur les radiales aux portes de Paris pour acc\u00e9der au Boulevard P\u00e9riph\u00e9rique et sur les rocades.<\/p>\n<p class=\" wall-content\">Enfin, <strong>dimanche en \u00cele-de-France<\/strong>, les vacanciers seront nombreux d\u00e8s le d\u00e9but de l\u2019apr\u00e8s-midi sur l\u2019autoroute A10 puis A6. \u00ab\u2009\u00c0 partir du milieu de l\u2019apr\u00e8s-midi, la conjugaison de ces retours et des trajets pendulaires rendra la circulation difficile selon les secteurs, notamment, sur les radiales aux portes de Paris pour acc\u00e9der au Boulevard P\u00e9riph\u00e9rique et sur les rocades\u2009\u00bb, note Bison Fut\u00e9.<\/p>\n<p>Les conseils de Bison Fut\u00e9 pour l\u2019\u00cele-de-France<\/p>\n<p class=\" wall-content\"><strong>Vendredi 22\u00a0ao\u00fbt 2025, dans le sens des retours\u2009:<\/strong><\/p>\n<ul class=\" wall-content\">\n<li>rejoignez ou traversez l\u2019\u00cele-de-France avant 12h ou apr\u00e8s 23h<\/li>\n<li>\u00e9vitez l\u2019autoroute A10 entre Orl\u00e9ans et Paris, de 12h \u00e0 23h<\/li>\n<\/ul>\n<p>Votre r\u00e9gion, votre actu !<\/p>\n<p>Recevez chaque jour les infos qui comptent pour vous.<\/p>\n<p>\t<a href=\"https:\/\/actu.fr\/newsletter\" class=\"ac-btn ac-btn--corner ac-btn--medium ac-btn--blue800\" target=\"_blank\" rel=\"noopener\">S&rsquo;incrire<\/a><\/p>\n<p class=\" wall-content\"><strong>Samedi 23\u00a0ao\u00fbt 2025, dans le sens des retours\u2009:<\/strong><\/p>\n<ul class=\" wall-content\">\n<li>rejoignez ou traversez l\u2019\u00cele-de-France avant 10h ou apr\u00e8s minuit<\/li>\n<li>\u00e9vitez l\u2019autoroute A11 entre Le\u00a0Mans et Paris, de 11h \u00e0 17h<\/li>\n<\/ul>\n<p class=\" wall-content\"><strong>Dimanche 24\u00a0ao\u00fbt 2025, dans le sens des retours\u2009:<\/strong><\/p>\n<ul class=\" wall-content\">\n<li>rejoignez ou traversez l\u2019\u00cele-de-France avant 10h ou apr\u00e8s 23h<\/li>\n<li>\u00e9vitez l\u2019autoroute A10 entre Orl\u00e9ans et Paris, de 10h \u00e0 21h<\/li>\n<\/ul>\n<p class=\" wall-content\">Personnalisez votre actualit\u00e9 en ajoutant vos villes et m\u00e9dias en favori avec <a href=\"https:\/\/moncompte.actu.fr\" title=\"D\u00e9couvez Mon Actu\" rel=\"nofollow noopener\" data-trk=\"{&quot;cta&quot;:{&quot;action&quot;:&quot;https:\\\/\\\/moncompte.actu.fr&quot;,&quot;category&quot;:&quot;mon compte&quot;,&quot;from&quot;:&quot;article footer&quot;,&quot;name&quot;:&quot;Mon actu&quot;,&quot;type&quot;:&quot;cta&quot;}}\" target=\"_blank\">Mon Actu<\/a>.<\/p>\n","protected":false},"excerpt":{"rendered":"Par R\u00e9daction Paris Publi\u00e9 le 21 ao\u00fbt 2025 \u00e0 18h06 Le mistral va s\u2019habituer \u00e0 courir sans les&hellip;\n","protected":false},"author":2,"featured_media":334312,"comment_status":"","ping_status":"","sticky":false,"template":"","format":"standard","meta":{"footnotes":""},"categories":[1592],"tags":[1111,11,3542,1777,674,1011,27,662,803,12,626,25,104],"class_list":{"0":"post-334311","1":"post","2":"type-post","3":"status-publish","4":"format-standard","5":"has-post-thumbnail","7":"category-ile-de-france","8":"tag-actu","9":"tag-actualites","10":"tag-circulation","11":"tag-eu","12":"tag-europe","13":"tag-fr","14":"tag-france","15":"tag-ile-de-france","16":"tag-info-trafic","17":"tag-news","18":"tag-paris","19":"tag-republique-francaise","20":"tag-societe"},"share_on_mastodon":{"url":"https:\/\/pubeurope.com\/@fr\/115067730325336453","error":""},"_links":{"self":[{"href":"https:\/\/www.europesays.com\/fr\/wp-json\/wp\/v2\/posts\/334311","targetHints":{"allow":["GET"]}}],"collection":[{"href":"https:\/\/www.europesays.com\/fr\/wp-json\/wp\/v2\/posts"}],"about":[{"href":"https:\/\/www.europesays.com\/fr\/wp-json\/wp\/v2\/types\/post"}],"author":[{"embeddable":true,"href":"https:\/\/www.europesays.com\/fr\/wp-json\/wp\/v2\/users\/2"}],"replies":[{"embeddable":true,"href":"https:\/\/www.europesays.com\/fr\/wp-json\/wp\/v2\/comments?post=334311"}],"version-history":[{"count":0,"href":"https:\/\/www.europesays.com\/fr\/wp-json\/wp\/v2\/posts\/334311\/revisions"}],"wp:featuredmedia":[{"embeddable":true,"href":"https:\/\/www.europesays.com\/fr\/wp-json\/wp\/v2\/media\/334312"}],"wp:attachment":[{"href":"https:\/\/www.europesays.com\/fr\/wp-json\/wp\/v2\/media?parent=334311"}],"wp:term":[{"taxonomy":"category","embeddable":true,"href":"https:\/\/www.europesays.com\/fr\/wp-json\/wp\/v2\/categories?post=334311"},{"taxonomy":"post_tag","embeddable":true,"href":"https:\/\/www.europesays.com\/fr\/wp-json\/wp\/v2\/tags?post=334311"}],"curies":[{"name":"wp","href":"https:\/\/api.w.org\/{rel}","templated":true}]}}