{"id":334315,"date":"2025-08-21T16:37:12","date_gmt":"2025-08-21T16:37:12","guid":{"rendered":"https:\/\/www.europesays.com\/fr\/334315\/"},"modified":"2025-08-21T16:37:12","modified_gmt":"2025-08-21T16:37:12","slug":"pourquoi-larcom-na-t-elle-pas-reagi-plus-tot-face-a-la-plateforme-kick","status":"publish","type":"post","link":"https:\/\/www.europesays.com\/fr\/334315\/","title":{"rendered":"pourquoi l&rsquo;Arcom n&rsquo;a-t-elle pas r\u00e9agi plus t\u00f4t face \u00e0 la plateforme Kick\u00a0?"},"content":{"rendered":"\n<p class=\"c-chapo \">\n  Depuis la mort de Jean Pormanove en direct sur Kick, l&rsquo;Autorit\u00e9 de r\u00e9gulation du num\u00e9rique est point\u00e9e du doigt pour son inaction. Mais sur ces plateformes en ligne, les pouvoirs de l&rsquo;Arcom restent limit\u00e9s.\n<\/p>\n<p>            lire plus tard<\/p>\n<p id=\"dialog__title\" class=\"dialog__title\">Pour sauvegarder cet article, connectez-vous ou cr\u00e9ez un compte franceinfo<\/p>\n<p class=\"dialog__description\">Sans paiement. Sans abonnement.<\/p>\n<p>        Fermer la fen\u00eatre d\u2019activation des notifications France Info<\/p>\n<p>            cr\u00e9er votre compte<\/p>\n<p>            se connecter<\/p>\n<p>        Fermer la fen\u00eatre de pr\u00e9sentation<\/p>\n<p>    <img loading=\"lazy\" decoding=\"async\" class=\"signature__image lazyload\" width=\"100\" height=\"100\" data- alt=\"\" src=\"https:\/\/www.europesays.com\/fr\/wp-content\/uploads\/2025\/08\/thomas-pontillon-65e605eb41ae1938813047.png\"\/><\/p>\n<p>    Publi\u00e9 le 21\/08\/2025 16:48<\/p>\n<p>      Mis \u00e0 jour le 21\/08\/2025 17:01<\/p>\n<p>        Temps de lecture : 3min<\/p>\n<p>    <img decoding=\"async\"  alt=\"L'Arcom est accus\u00e9e de ne pas avoir r\u00e9agi assez t\u00f4t face \u00e0 Kick. (LIONEL BONAVENTURE \/ AFP)\" width=\"432\" height=\"243\" src=\"https:\/\/www.europesays.com\/fr\/wp-content\/uploads\/2025\/08\/000-724m4ke-68a7233774b4b240974509.jpg\" fetchpriority=\"high\"\/><\/p>\n<p>      L&rsquo;Arcom est accus\u00e9e de ne pas avoir r\u00e9agi assez t\u00f4t face \u00e0 Kick. (LIONEL BONAVENTURE \/ AFP)<\/p>\n<p>L&rsquo;Arcom est vis\u00e9e de toutes parts. Depuis\u00a0<a href=\"https:\/\/www.franceinfo.fr\/internet\/reseaux-sociaux\/ce-que-l-on-sait-de-la-mort-en-direct-du-streameur-francais-jean-pormanove-victime-reguliere-de-sevices-filmes_7443331.html\" rel=\"nofollow noopener\" target=\"_blank\">la mort de Jean Pormanove<\/a>, de son vrai nom Rapha\u00ebl Graven, dans la nuit du dimanche 17 au lundi 18 ao\u00fbt, en direct sur le r\u00e9seau social Kick, l&rsquo;Autorit\u00e9 de r\u00e9gulation du num\u00e9rique doit faire face \u00e0 de nombreuses critiques, notamment de la part de politiques. Florence Portelli, vice-pr\u00e9sidente de l&rsquo;association des maires de France et vice-pr\u00e9sidente les R\u00e9publicains a ainsi d\u00e9nonc\u00e9 sur Sud Radio \u00ab\u00a0l&rsquo;irresponsabilit\u00e9 de l&rsquo;Arcom\u00a0\u00bb, accus\u00e9e dans cette affaire de n&rsquo;avoir rien fait.<\/p>\n<p>Selon le \u00ab\u00a0gendarme de l&rsquo;audiovisuel\u00a0\u00bb, il \u00e9tait tr\u00e8s difficile d&rsquo;agir parce qu&rsquo;elle n&rsquo;a pas le pouvoir de stopper la diffusion de vid\u00e9os sur internet. <a href=\"https:\/\/www.arcom.fr\/\" target=\"_blank\" rel=\"noopener nofollow\">L&rsquo;Arcom <\/a>peut seulement lancer une demande, aupr\u00e8s des plateformes, de faire de la mod\u00e9ration. Jusqu&rsquo;\u00e0 pr\u00e9sent, c&rsquo;\u00e9tait impossible avec Kick, puisqu&rsquo;il n&rsquo;y avait <a href=\"https:\/\/www.arcom.fr\/presse\/regulation-de-kickcom-larcom-echange-avec-la-plateforme-et-le-regulateur-maltais\" rel=\"nofollow noopener\" target=\"_blank\">aucun interlocuteur \u00e0 qui parler dans l&rsquo;Union europ\u00e9enne<\/a>. La plateforme, bas\u00e9e en Australie, n&rsquo;avait pas de repr\u00e9sentant l\u00e9gal, comme l&rsquo;exige pourtant la l\u00e9gislation europ\u00e9enne pour toutes les plateformes disponibles au sein de l&rsquo;UE.<\/p>\n<p>Cependant, depuis la mort de Rapha\u00ebl Graven, le r\u00e9seau social s&rsquo;est activ\u00e9. <a href=\"https:\/\/www.franceinfo.fr\/internet\/streaming\/mort-du-streamer-jean-pormanove-lors-d-un-direct-l-arcom-a-pris-contact-avec-plusieurs-homologues-europeens-pour-en-savoir-plus-sur-kick-com_7443637.html\" rel=\"nofollow noopener\" target=\"_blank\">La Commission europ\u00e9enne a pr\u00e9venu l&rsquo;Arcom que Kick disposait d\u00e9sormais d&rsquo;un repr\u00e9sentant l\u00e9gal<\/a>, dont le bureau se trouve \u00e0 Malte. Des premiers \u00e9changes ont d\u00e9j\u00e0 eu lieu, d&rsquo;autres vont suivre et la plateforme promet de collaborer pleinement. De plus, <a href=\"https:\/\/www.arcom.fr\/internet-et-reseaux-sociaux\" target=\"_blank\" rel=\"noopener nofollow\">l&rsquo;Arcom ne peut intervenir que sur certaines th\u00e9matiques<\/a>\u00a0: l&rsquo;acc\u00e8s \u00e0 la pornographie par les mineurs, la lutte contre la d\u00e9sinformation ou contre la haine en ligne. Des th\u00e8mes pouvant \u00eatre li\u00e9s \u00e0 l&rsquo;affaire Jean Pormanove. <\/p>\n<p>Mais, l\u00e0 encore, les pouvoirs du r\u00e9gulateur sont limit\u00e9s. Il ne peut pas d\u00e9cider de supprimer des contenus, ni ordonner la fermeture d&rsquo;un site. En revanche, il peut demander \u00e0 la justice de le faire. Cette proc\u00e9dure, tr\u00e8s rare, n&rsquo;intervient que dans certains cas tr\u00e8s graves. En r\u00e9alit\u00e9, la mission principale de l&rsquo;Arcom sur le num\u00e9rique consiste prinicpalement \u00e0 s&rsquo;assurer que les r\u00e9seaux mettent bien en place des outils de r\u00e9gulation pour mod\u00e9rer les contenus en ligne.<\/p>\n<p>Dans le cas de Kick, en l&rsquo;absence d&rsquo;interlocuteur durant de longs mois, l&rsquo;Arcom ne pouvait, de fait, pas remplir sa mission. Mais ce n&rsquo;est pas forc\u00e9ment plus simple et efficace avec les autres r\u00e9seaux, plus connus, comme TikTok, Facebook ou X. L&rsquo;Arcom, elle-m\u00eame, a d&rsquo;ailleurs plusieurs fois \u00e9pingl\u00e9 ces r\u00e9seaux pour leur opacit\u00e9 ou leur mod\u00e9ration tr\u00e8s limit\u00e9es.<\/p>\n<p>La solution viendra peut-\u00eatre du <a href=\"https:\/\/www.economie.gouv.fr\/actualites\/numerique-dsa-entre-en-vigueur\" target=\"_blank\" rel=\"noopener nofollow\">DSA, le nouveau r\u00e8glement europ\u00e9en sur les services num\u00e9riques<\/a>. Ce texte est entr\u00e9 en vigueur il y a un an et vise \u00e0 responsabiliser les plateformes, en leur demandant de lutter davantage contre les contenus illicites. Si elles ne le font pas, elles risquent alors des sanctions, qui vont jusqu&rsquo;\u00e0 la fermeture du site en Europe.<\/p>\n","protected":false},"excerpt":{"rendered":"Depuis la mort de Jean Pormanove en direct sur Kick, l&rsquo;Autorit\u00e9 de r\u00e9gulation du num\u00e9rique est point\u00e9e du&hellip;\n","protected":false},"author":2,"featured_media":334316,"comment_status":"","ping_status":"","sticky":false,"template":"","format":"standard","meta":{"footnotes":""},"categories":[1888],"tags":[1111,1928,11,1927,1777,674,1011,27,12,1926,626,1925,25],"class_list":{"0":"post-334315","1":"post","2":"type-post","3":"status-publish","4":"format-standard","5":"has-post-thumbnail","7":"category-paris","8":"tag-actu","9":"tag-actu-paris","10":"tag-actualites","11":"tag-actualites-paris","12":"tag-eu","13":"tag-europe","14":"tag-fr","15":"tag-france","16":"tag-news","17":"tag-news-paris","18":"tag-paris","19":"tag-paris-news","20":"tag-republique-francaise"},"share_on_mastodon":{"url":"https:\/\/pubeurope.com\/@fr\/115067738237354572","error":""},"_links":{"self":[{"href":"https:\/\/www.europesays.com\/fr\/wp-json\/wp\/v2\/posts\/334315","targetHints":{"allow":["GET"]}}],"collection":[{"href":"https:\/\/www.europesays.com\/fr\/wp-json\/wp\/v2\/posts"}],"about":[{"href":"https:\/\/www.europesays.com\/fr\/wp-json\/wp\/v2\/types\/post"}],"author":[{"embeddable":true,"href":"https:\/\/www.europesays.com\/fr\/wp-json\/wp\/v2\/users\/2"}],"replies":[{"embeddable":true,"href":"https:\/\/www.europesays.com\/fr\/wp-json\/wp\/v2\/comments?post=334315"}],"version-history":[{"count":0,"href":"https:\/\/www.europesays.com\/fr\/wp-json\/wp\/v2\/posts\/334315\/revisions"}],"wp:featuredmedia":[{"embeddable":true,"href":"https:\/\/www.europesays.com\/fr\/wp-json\/wp\/v2\/media\/334316"}],"wp:attachment":[{"href":"https:\/\/www.europesays.com\/fr\/wp-json\/wp\/v2\/media?parent=334315"}],"wp:term":[{"taxonomy":"category","embeddable":true,"href":"https:\/\/www.europesays.com\/fr\/wp-json\/wp\/v2\/categories?post=334315"},{"taxonomy":"post_tag","embeddable":true,"href":"https:\/\/www.europesays.com\/fr\/wp-json\/wp\/v2\/tags?post=334315"}],"curies":[{"name":"wp","href":"https:\/\/api.w.org\/{rel}","templated":true}]}}