{"id":334317,"date":"2025-08-21T16:38:30","date_gmt":"2025-08-21T16:38:30","guid":{"rendered":"https:\/\/www.europesays.com\/fr\/334317\/"},"modified":"2025-08-21T16:38:30","modified_gmt":"2025-08-21T16:38:30","slug":"5-personnes-blessees-dans-un-avion-reliant-paris-a-ajaccio-apres-de-fortes-turbulences-dues-a-un-violent-orage","status":"publish","type":"post","link":"https:\/\/www.europesays.com\/fr\/334317\/","title":{"rendered":"5 personnes bless\u00e9es dans un avion reliant Paris \u00e0 Ajaccio apr\u00e8s de fortes turbulences dues \u00e0 un violent orage"},"content":{"rendered":"<p>Grosse frayeur pendant un vol reliant Paris \u00e0 <a href=\"https:\/\/www.femmeactuelle.fr\/actu\/news-actu\/accident-du-petit-train-touristique-dajaccio-le-conducteur-bientot-mis-en-examen-par-la-justice-2196557\" rel=\"nofollow noopener\" target=\"_blank\">Ajaccio<\/a>. Ce mercredi 20 ao\u00fbt 2025, les passagers et le personnel de bord de l&rsquo;avion, parti de l\u2019a\u00e9roport d\u2019Orly \u00e0 13h02 pour rejoindre l&rsquo;<a href=\"https:\/\/www.femmeactuelle.fr\/cuisine\/recettes-de-cuisine\/fiadone-corse-la-recette-citronnee-et-authentique-a-preparer-avec-du-brocciu-2193908\" rel=\"nofollow noopener\" target=\"_blank\">\u00eele de Beaut\u00e9<\/a>, ont subi \u201cune grosse secousse violente\u201d rapporte Corse Matin. Bilan des courses : deux passagers ainsi que trois membres de l\u2019\u00e9quipage ont \u00e9t\u00e9 bless\u00e9s, l\u00e9g\u00e8rement.<\/p>\n<p>Ce vol, dans un Airbus A320, affr\u00e9t\u00e9 par <a href=\"https:\/\/www.femmeactuelle.fr\/sante\/news-sante\/syndrome-aerotoxique-quest-ce-que-ce-probleme-de-sante-qui-a-pousse-un-steward-a-deposer-plainte-contre-air-france-2193695\" rel=\"nofollow noopener\" target=\"_blank\">Air France<\/a>, a travers\u00e9, alors qu\u2019il se trouvait \u00e0 11.000 m\u00e8tres d\u2019altitude, un violent orage sec. Cette cellule orageuse peu pr\u00e9visible n\u2019avait pas \u00e9t\u00e9 d\u00e9tect\u00e9e. L\u2019avion transportait 143 passagers, ainsi que le personnel de bord (4 personnes) et deux pilotes. Les trois membres de l\u2019\u00e9quipage qui ont \u00e9t\u00e9 bless\u00e9s pendant l\u2019incident \u00e9taient en train de proc\u00e9der \u00e0 des v\u00e9rifications du port de la ceinture de s\u00e9curit\u00e9, quand les turbulences sont survenues. Quant aux deux passagers bless\u00e9s, ils n\u2019avaient, justement, pas attach\u00e9 leur ceinture de s\u00e9curit\u00e9. Air France a confirm\u00e9 que \u00ab\u00a0le vol AF 4236 du 20 ao\u00fbt 2025 reliant Paris-Orly \u00e0 Ajaccio a rencontr\u00e9 de fortes turbulences lors de la travers\u00e9e d&rsquo;orages violents pendant la croisi\u00e8re\u201d \u201c aupr\u00e8s de Corse Matin.<\/p>\n<p>Une enqu\u00eate ouverte<\/p>\n<p>Les pilotes ont sollicit\u00e9, pendant le vol, l\u2019assistance des \u00e9quipes m\u00e9dicales d\u2019urgence. Les secours \u00e9taient d\u00e9j\u00e0 en place sur le tarmac au moment de l\u2019atterrissage de l\u2019avion, aux alentours de 14h30, \u00e0 l\u2019a\u00e9roport d\u2019Ajaccio-Napol\u00e9on. Les bless\u00e9s, tr\u00e8s rapidement pris en charge, se plaignaient alors de douleurs au dos, aux jambes et \u00e0 la t\u00eate. L\u2019Airbus a \u00e9t\u00e9 immobilis\u00e9 au sol pour \u00eatre inspect\u00e9. Air France a ouvert une enqu\u00eate interne, enqu\u00eate que suit de pr\u00e8s la DGAC (direction g\u00e9n\u00e9rale de l&rsquo;aviation civile).<\/p>\n<p>Sources :<\/p>\n<ul>\n<li><a href=\"https:\/\/www.corsematin.com\/article\/faits-diversjustice\/1053726088910415\/info-corse-matin-plusieurs-blesses-sur-un-vol-paris-ajaccio\" rel=\"nofollow noopener\" target=\"_blank\">Corse Matin<\/a> : Des turbulences blessent cinq personnes \u00e0 bord du vol Paris &#8211; Ajaccio &#8211; 20\/08\/2025<\/li>\n<li><a href=\"https:\/\/www.ladepeche.fr\/2025\/08\/21\/fortes-turbulences-et-orage-violent-cinq-personnes-blessees-lors-dun-vol-air-france-entre-paris-et-ajaccio-12886406.php\" rel=\"nofollow noopener\" target=\"_blank\">La D\u00e9p\u00eache<\/a> : \u00ab\u00a0Fortes turbulences\u00a0\u00bb et \u00ab\u00a0orage violent\u00a0\u00bb\u00a0: cinq personnes bless\u00e9es lors d\u2019un vol Air France entre Paris et Ajaccio &#8211; 21\/08\/2025<\/li>\n<\/ul>\n","protected":false},"excerpt":{"rendered":"Grosse frayeur pendant un vol reliant Paris \u00e0 Ajaccio. Ce mercredi 20 ao\u00fbt 2025, les passagers et le&hellip;\n","protected":false},"author":2,"featured_media":334318,"comment_status":"","ping_status":"","sticky":false,"template":"","format":"standard","meta":{"footnotes":""},"categories":[1888],"tags":[1111,1928,11,1927,1777,674,1011,27,12,1926,626,1925,25],"class_list":{"0":"post-334317","1":"post","2":"type-post","3":"status-publish","4":"format-standard","5":"has-post-thumbnail","7":"category-paris","8":"tag-actu","9":"tag-actu-paris","10":"tag-actualites","11":"tag-actualites-paris","12":"tag-eu","13":"tag-europe","14":"tag-fr","15":"tag-france","16":"tag-news","17":"tag-news-paris","18":"tag-paris","19":"tag-paris-news","20":"tag-republique-francaise"},"share_on_mastodon":{"url":"https:\/\/pubeurope.com\/@fr\/115067742366836692","error":""},"_links":{"self":[{"href":"https:\/\/www.europesays.com\/fr\/wp-json\/wp\/v2\/posts\/334317","targetHints":{"allow":["GET"]}}],"collection":[{"href":"https:\/\/www.europesays.com\/fr\/wp-json\/wp\/v2\/posts"}],"about":[{"href":"https:\/\/www.europesays.com\/fr\/wp-json\/wp\/v2\/types\/post"}],"author":[{"embeddable":true,"href":"https:\/\/www.europesays.com\/fr\/wp-json\/wp\/v2\/users\/2"}],"replies":[{"embeddable":true,"href":"https:\/\/www.europesays.com\/fr\/wp-json\/wp\/v2\/comments?post=334317"}],"version-history":[{"count":0,"href":"https:\/\/www.europesays.com\/fr\/wp-json\/wp\/v2\/posts\/334317\/revisions"}],"wp:featuredmedia":[{"embeddable":true,"href":"https:\/\/www.europesays.com\/fr\/wp-json\/wp\/v2\/media\/334318"}],"wp:attachment":[{"href":"https:\/\/www.europesays.com\/fr\/wp-json\/wp\/v2\/media?parent=334317"}],"wp:term":[{"taxonomy":"category","embeddable":true,"href":"https:\/\/www.europesays.com\/fr\/wp-json\/wp\/v2\/categories?post=334317"},{"taxonomy":"post_tag","embeddable":true,"href":"https:\/\/www.europesays.com\/fr\/wp-json\/wp\/v2\/tags?post=334317"}],"curies":[{"name":"wp","href":"https:\/\/api.w.org\/{rel}","templated":true}]}}