{"id":334323,"date":"2025-08-21T16:41:17","date_gmt":"2025-08-21T16:41:17","guid":{"rendered":"https:\/\/www.europesays.com\/fr\/334323\/"},"modified":"2025-08-21T16:41:17","modified_gmt":"2025-08-21T16:41:17","slug":"la-russie-accusee-de-tortures-sexuelles-horribles-sur-des-civils-lexpress","status":"publish","type":"post","link":"https:\/\/www.europesays.com\/fr\/334323\/","title":{"rendered":"la Russie accus\u00e9e de tortures sexuelles \u00ab\u00a0horribles\u00a0\u00bb sur des civils \u2013 L&rsquo;Express"},"content":{"rendered":"<p class=\"paragraph article-body-paragraph article__item   article-body-paragraph--first \">Plusieurs experts de l&rsquo;ONU ont d\u00e9nonc\u00e9 ce jeudi 21 ao\u00fbt aupr\u00e8s de Moscou les tortures sexuelles \u00ab\u00a0horribles\u00a0\u00bb auxquelles ont \u00e9t\u00e9 soumis des civils ukrainiens, principalement dans des <a href=\"https:\/\/www.lexpress.fr\/monde\/jamais-nous-ne-partirons-le-donbass-otage-des-negociations-trump-poutine-Z4KCBSX7H5GGHIPFYJYX4PP4IY\/\" target=\"_blank\" rel=\"noreferrer nofollow noopener\" title=\"https:\/\/www.lexpress.fr\/monde\/jamais-nous-ne-partirons-le-donbass-otage-des-negociations-trump-poutine-Z4KCBSX7H5GGHIPFYJYX4PP4IY\/\">r\u00e9gions de l\u2019Ukraine<\/a> occup\u00e9es par la Russie.<\/p>\n<p class=\"paragraph article-body-paragraph article__item   \">La Rapporteuse sp\u00e9ciale sur la torture, Alice Jill Edwards, ainsi que plusieurs autres experts, ont envoy\u00e9 un dossier documentant ces cas \u00e0 la F\u00e9d\u00e9ration de Russie. Ils accusent la Russie de mener une \u00ab\u00a0politique d\u00e9lib\u00e9r\u00e9e et syst\u00e9matique de la torture\u00a0\u00bb en Ukraine, alors que les pays doivent entamer des discussions sur un <a href=\"https:\/\/www.lexpress.fr\/monde\/europe\/ukraine-la-russie-a-lance-plus-de-600-drones-et-missiles-pendant-la-nuit-un-record-depuis-un-mois-VXCOK3WGIRHWDA5WCBMWULL7PM\/\" target=\"_blank\" rel=\"noreferrer nofollow noopener\" title=\"https:\/\/www.lexpress.fr\/monde\/europe\/ukraine-la-russie-a-lance-plus-de-600-drones-et-missiles-pendant-la-nuit-un-record-depuis-un-mois-VXCOK3WGIRHWDA5WCBMWULL7PM\/\">\u00e9ventuel plan de paix.<\/a><\/p>\n<p class=\"paragraph article-body-paragraph article__item   \">Ces sp\u00e9cialistes du respect des droits humains &#8211; mandat\u00e9s par le Conseil des droits de l\u2019homme, mais qui ne parlent pas au nom de l&rsquo;ONU &#8211; rapportent les cas de 10 civils ukrainiens \u00ab\u00a0maltrait\u00e9s dans les <a href=\"https:\/\/www.lexpress.fr\/monde\/europe\/l-ukraine-hesite-entre-est-et-ouest_1302698.html\" target=\"_blank\" rel=\"noreferrer nofollow noopener\" title=\"https:\/\/www.lexpress.fr\/monde\/europe\/l-ukraine-hesite-entre-est-et-ouest_1302698.html\">r\u00e9gions occup\u00e9es<\/a> de l\u2019Ukraine, notamment Kherson, Kharkiv et Zaporijjia\u00a0\u00bb. \u00ab\u00a0Ces accusations distinctes, relatant les exp\u00e9riences de quatre femmes et six hommes, sont v\u00e9ritablement horribles\u00a0\u00bb, a d\u00e9clar\u00e9 Alice Jill Edwards, qui souligne que ce n\u2019est qu\u2019un \u00ab\u00a0petit \u00e9chantillon\u00a0\u00bb.<\/p>\n<p><strong class=\"article-body-link-list__item text-gray-800 article-body-link-list__item--one-item\">LIRE AUSSI : <a class=\"article-body-link-list__item-link\" href=\"https:\/\/www.lexpress.fr\/monde\/europe\/rendre-la-vie-invivable-en-ukraine-le-fleau-sans-limite-des-frappes-aeriennes-russes-5TQQSOMDRJHONDFOM4YPS3ORXU\/\" target=\"_blank\" rel=\"noreferrer nofollow noopener\">\u00ab\u00a0Rendre la vie invivable\u00a0\u00bb : en Ukraine, le fl\u00e9au sans limite des frappes a\u00e9riennes russes<\/a><\/strong><\/p>\n<p class=\"paragraph article-body-paragraph article__item   \"><a href=\"https:\/\/www.lexpress.fr\/monde\/europe\/nathaniel-raymond-yale-la-deportation-denfants-ukrainiens-en-russie-est-la-plus-importante-depuis-U3V3XY4X2FFEVBYR3N32QRGARI\/\" target=\"_blank\" rel=\"noreferrer nofollow noopener\" title=\"https:\/\/www.lexpress.fr\/monde\/europe\/nathaniel-raymond-yale-la-deportation-denfants-ukrainiens-en-russie-est-la-plus-importante-depuis-U3V3XY4X2FFEVBYR3N32QRGARI\/\">Ces victimes<\/a> ont \u00e9t\u00e9 soumises \u00e0 \u00ab\u00a0des violences hautement sexualis\u00e9es, incluant des viols, des menaces de viol et d\u2019autres comportements d\u00e9prav\u00e9s\u00a0\u00bb, a insist\u00e9 l\u2019experte. Dans tous les cas document\u00e9s, des chocs \u00e9lectriques r\u00e9p\u00e9t\u00e9s ont \u00e9t\u00e9 administr\u00e9s, notamment sur les organes g\u00e9nitaux. \u00ab\u00a0Ces civils ont \u00e9t\u00e9 battus, frapp\u00e9s, band\u00e9s les yeux et, dans certains cas, soumis \u00e0 des simulacres de noyade et des ex\u00e9cutions factices, pr\u00e9cise le communiqu\u00e9 des experts.<\/p>\n<p>La Russie abandonne \u00ab\u00a0totalement les r\u00e8gles internationales\u00a0\u00bb<\/p>\n<p class=\"paragraph article-body-paragraph article__item   \">\u00ab\u00a0Une r\u00e8gle \u00e9l\u00e9mentaire du droit international de la guerre stipule que les civils doivent \u00eatre prot\u00e9g\u00e9s. La Russie semble avoir abandonn\u00e9 totalement les r\u00e8gles internationales. Il est grand temps qu\u2019elle rende des comptes pour ces pratiques ill\u00e9gales et qu\u2019une pression accrue soit exerc\u00e9e par tous les Etats ayant de l\u2019influence sur elle\u00a0\u00bb, a insist\u00e9 l\u2019experte australienne.<\/p>\n<p class=\"paragraph article-body-paragraph article__item   \">L\u2019une des femmes concern\u00e9es reste d\u00e9tenue dans la F\u00e9d\u00e9ration de Russie et <a href=\"https:\/\/www.lexpress.fr\/monde\/exclusif-rejoignez-nous-lappel-de-personnalites-pour-sauver-les-enfants-voles-dukraine-7WCIHHJDIRAFHF67FZVVOH2DBA\/?auth=e004d0ce75\" target=\"_blank\" rel=\"noreferrer nofollow noopener\" title=\"https:\/\/www.lexpress.fr\/monde\/exclusif-rejoignez-nous-lappel-de-personnalites-pour-sauver-les-enfants-voles-dukraine-7WCIHHJDIRAFHF67FZVVOH2DBA\/?auth=e004d0ce75\">un appel<\/a> pour sa lib\u00e9ration urgente a \u00e9t\u00e9 lanc\u00e9, pr\u00e9cise aussi le communiqu\u00e9.<\/p>\n<p><strong class=\"article-body-link-list__item text-gray-800 article-body-link-list__item--one-item\">LIRE AUSSI : <a class=\"article-body-link-list__item-link\" href=\"https:\/\/www.lexpress.fr\/monde\/enquete-comment-vladimir-poutine-enleve-et-russifie-les-enfants-ukrainiens-7NH4ZLRDENFXRCCA75H467BVUY\/\" target=\"_blank\" rel=\"noreferrer nofollow noopener\">Guerre en Ukraine : enqu\u00eate sur ces milliers d\u2019enfants enlev\u00e9s par Vladimir Poutine<\/a><\/strong><\/p>\n<p class=\"paragraph article-body-paragraph article__item   \">Les experts ont notamment demand\u00e9 au <a href=\"https:\/\/www.lexpress.fr\/monde\/europe\/camille-grand-la-russie-ne-doit-pas-avoir-son-mot-a-dire-sur-les-garanties-de-securite-de-lukraine-CFNB4ACOHZAD7M7F4HFV3IFL6A\/\" target=\"_blank\" rel=\"noreferrer nofollow noopener\" title=\"https:\/\/www.lexpress.fr\/monde\/europe\/camille-grand-la-russie-ne-doit-pas-avoir-son-mot-a-dire-sur-les-garanties-de-securite-de-lukraine-CFNB4ACOHZAD7M7F4HFV3IFL6A\/\">gouvernement russe<\/a> de fournir \u00ab\u00a0des informations suppl\u00e9mentaires sur les all\u00e9gations sp\u00e9cifiques, ainsi que sur les mesures g\u00e9n\u00e9rales prises pour pr\u00e9venir la torture et les violences sexuelles perp\u00e9tr\u00e9es par le personnel militaire russe et les personnels auxiliaires, ainsi que par les autorit\u00e9s de renseignement et de d\u00e9tention\u00a0\u00bb.<\/p>\n<p class=\"paragraph article-body-paragraph article__item    article__text__endpicto\">Ces nouvelles accusations de <a href=\"https:\/\/www.lexpress.fr\/monde\/europe\/on-les-envoie-sur-le-front-combattre-les-leurs-marc-levy-raconte-son-enquete-sur-les-enfants-MZWWPQAEJJHF3PMQ3YBSIJC7GI\/\" target=\"_blank\" rel=\"noreferrer nofollow noopener\" title=\"https:\/\/www.lexpress.fr\/monde\/europe\/on-les-envoie-sur-le-front-combattre-les-leurs-marc-levy-raconte-son-enquete-sur-les-enfants-MZWWPQAEJJHF3PMQ3YBSIJC7GI\/\">violations<\/a> du droit international interviennent alors que la Russie est d\u00e9j\u00e0 sous le coup d\u2019une incrimination pour la d\u00e9portation d\u2019enfants ukrainiens. Depuis 2022, les autorit\u00e9s russes sont en effet accus\u00e9es d\u2019organiser le transfert forc\u00e9 de <a href=\"https:\/\/www.lexpress.fr\/monde\/europe\/enfants-ukrainiens-deportes-par-la-russie-cette-nouvelle-estimation-qui-fait-froid-dans-le-dos-KOVV3IH4YJGZLKBKO7FS4OFQDY\/\" target=\"_blank\" rel=\"noreferrer nofollow noopener\" title=\"https:\/\/www.lexpress.fr\/monde\/europe\/enfants-ukrainiens-deportes-par-la-russie-cette-nouvelle-estimation-qui-fait-froid-dans-le-dos-KOVV3IH4YJGZLKBKO7FS4OFQDY\/\">milliers d\u2019enfants<\/a> des territoires occup\u00e9s vers la Russie.<\/p>\n","protected":false},"excerpt":{"rendered":"Plusieurs experts de l&rsquo;ONU ont d\u00e9nonc\u00e9 ce jeudi 21 ao\u00fbt aupr\u00e8s de Moscou les tortures sexuelles \u00ab\u00a0horribles\u00a0\u00bb auxquelles&hellip;\n","protected":false},"author":2,"featured_media":334324,"comment_status":"","ping_status":"","sticky":false,"template":"","format":"standard","meta":{"footnotes":""},"categories":[1591],"tags":[11,674,1887,74,12,1885,1886,132],"class_list":{"0":"post-334323","1":"post","2":"type-post","3":"status-publish","4":"format-standard","5":"has-post-thumbnail","7":"category-russie","8":"tag-actualites","9":"tag-europe","10":"tag-federation-de-russie","11":"tag-monde","12":"tag-news","13":"tag-russia","14":"tag-russian-federation","15":"tag-russie"},"share_on_mastodon":{"url":"https:\/\/pubeurope.com\/@fr\/115067753836160683","error":""},"_links":{"self":[{"href":"https:\/\/www.europesays.com\/fr\/wp-json\/wp\/v2\/posts\/334323","targetHints":{"allow":["GET"]}}],"collection":[{"href":"https:\/\/www.europesays.com\/fr\/wp-json\/wp\/v2\/posts"}],"about":[{"href":"https:\/\/www.europesays.com\/fr\/wp-json\/wp\/v2\/types\/post"}],"author":[{"embeddable":true,"href":"https:\/\/www.europesays.com\/fr\/wp-json\/wp\/v2\/users\/2"}],"replies":[{"embeddable":true,"href":"https:\/\/www.europesays.com\/fr\/wp-json\/wp\/v2\/comments?post=334323"}],"version-history":[{"count":0,"href":"https:\/\/www.europesays.com\/fr\/wp-json\/wp\/v2\/posts\/334323\/revisions"}],"wp:featuredmedia":[{"embeddable":true,"href":"https:\/\/www.europesays.com\/fr\/wp-json\/wp\/v2\/media\/334324"}],"wp:attachment":[{"href":"https:\/\/www.europesays.com\/fr\/wp-json\/wp\/v2\/media?parent=334323"}],"wp:term":[{"taxonomy":"category","embeddable":true,"href":"https:\/\/www.europesays.com\/fr\/wp-json\/wp\/v2\/categories?post=334323"},{"taxonomy":"post_tag","embeddable":true,"href":"https:\/\/www.europesays.com\/fr\/wp-json\/wp\/v2\/tags?post=334323"}],"curies":[{"name":"wp","href":"https:\/\/api.w.org\/{rel}","templated":true}]}}