{"id":334325,"date":"2025-08-21T16:42:11","date_gmt":"2025-08-21T16:42:11","guid":{"rendered":"https:\/\/www.europesays.com\/fr\/334325\/"},"modified":"2025-08-21T16:42:11","modified_gmt":"2025-08-21T16:42:11","slug":"modi-sentretient-avec-macron-de-lukraine-et-de-gaza","status":"publish","type":"post","link":"https:\/\/www.europesays.com\/fr\/334325\/","title":{"rendered":"Modi s&rsquo;entretient avec Macron de l&rsquo;Ukraine et de Gaza"},"content":{"rendered":"<p>Le Premier ministre Narendra Modi et le pr\u00e9sident fran\u00e7ais Emmanuel Macron se sont entretenus jeudi des efforts pour parvenir \u00e0 un accord de paix en Ukraine et au Proche-Orient, selon les autorit\u00e9s indiennes.<\/p>\n<p>\u00abJ\u2019ai eu une tr\u00e8s bonne conversation avec mon ami le pr\u00e9sident Macron\u00bb, a soulign\u00e9 M. Modi dans un message publi\u00e9 sur les r\u00e9seaux sociaux. \u00abNous avons \u00e9chang\u00e9 nos points de vue sur les efforts visant \u00e0 r\u00e9soudre pacifiquement les conflits en Ukraine et en Asie occidentale (Proche-Orient)\u00bb, a-t-il ajout\u00e9.<\/p>\n<p>M. Macron a fait part de son c\u00f4t\u00e9 de son analyse sur les r\u00e9centes r\u00e9unions \u00e0 Washington entre les dirigeants europ\u00e9ens, am\u00e9ricains et ukrainiens ainsi que \u00absur la situation \u00e0 Gaza\u00bb, selon un communiqu\u00e9 du gouvernement indien.<\/p>\n<p>Les deux dirigeants ont \u00e9galement r\u00e9affirm\u00e9 leur engagement \u00e0 renforcer leur \u00abpartenariat strat\u00e9gique\u00bb, l\u2019Inde cherchant \u00e0 consolider ses liens avec les pays amis alors que ses relations avec les \u00c9tats-Unis se d\u00e9t\u00e9riorent.<\/p>\n<p>Le pr\u00e9sident am\u00e9ricain Donald Trump a menac\u00e9 d\u2019augmenter les droits de douane sur l\u2019Inde, alli\u00e9e de longue date, de 25% \u00e0 50%, afin de punir New Delhi pour ses achats de p\u00e9trole russe.<\/p>\n<p>Si ces achats ont permis \u00e0 l\u2019Inde d\u2019\u00e9conomiser des milliards de dollars en co\u00fbts d\u2019importation, ils ont \u00e9galement suscit\u00e9 la col\u00e8re de Donald Trump, car ils constituent une source de revenus essentielle pour la guerre men\u00e9e par Moscou en Ukraine.<\/p>\n<p>L\u2019entretien t\u00e9l\u00e9phonique entre MM. Modi et Macron a eu lieu alors que le ministre indien des Affaires \u00e9trang\u00e8res, Subrahmanyam Jaishankar, rencontrait son homologue russe, Sergue\u00ef Lavrov, \u00e0 Moscou, dans le but d\u2019\u00e9tendre le commerce bilat\u00e9ral.<\/p>\n<p>AFP<\/p>\n","protected":false},"excerpt":{"rendered":"Le Premier ministre Narendra Modi et le pr\u00e9sident fran\u00e7ais Emmanuel Macron se sont entretenus jeudi des efforts pour&hellip;\n","protected":false},"author":2,"featured_media":334326,"comment_status":"","ping_status":"","sticky":false,"template":"","format":"standard","meta":{"footnotes":""},"categories":[1590],"tags":[11,1777,674,12,220],"class_list":{"0":"post-334325","1":"post","2":"type-post","3":"status-publish","4":"format-standard","5":"has-post-thumbnail","7":"category-ukraine","8":"tag-actualites","9":"tag-eu","10":"tag-europe","11":"tag-news","12":"tag-ukraine"},"share_on_mastodon":{"url":"https:\/\/pubeurope.com\/@fr\/115067757776619082","error":""},"_links":{"self":[{"href":"https:\/\/www.europesays.com\/fr\/wp-json\/wp\/v2\/posts\/334325","targetHints":{"allow":["GET"]}}],"collection":[{"href":"https:\/\/www.europesays.com\/fr\/wp-json\/wp\/v2\/posts"}],"about":[{"href":"https:\/\/www.europesays.com\/fr\/wp-json\/wp\/v2\/types\/post"}],"author":[{"embeddable":true,"href":"https:\/\/www.europesays.com\/fr\/wp-json\/wp\/v2\/users\/2"}],"replies":[{"embeddable":true,"href":"https:\/\/www.europesays.com\/fr\/wp-json\/wp\/v2\/comments?post=334325"}],"version-history":[{"count":0,"href":"https:\/\/www.europesays.com\/fr\/wp-json\/wp\/v2\/posts\/334325\/revisions"}],"wp:featuredmedia":[{"embeddable":true,"href":"https:\/\/www.europesays.com\/fr\/wp-json\/wp\/v2\/media\/334326"}],"wp:attachment":[{"href":"https:\/\/www.europesays.com\/fr\/wp-json\/wp\/v2\/media?parent=334325"}],"wp:term":[{"taxonomy":"category","embeddable":true,"href":"https:\/\/www.europesays.com\/fr\/wp-json\/wp\/v2\/categories?post=334325"},{"taxonomy":"post_tag","embeddable":true,"href":"https:\/\/www.europesays.com\/fr\/wp-json\/wp\/v2\/tags?post=334325"}],"curies":[{"name":"wp","href":"https:\/\/api.w.org\/{rel}","templated":true}]}}