{"id":334327,"date":"2025-08-21T16:43:15","date_gmt":"2025-08-21T16:43:15","guid":{"rendered":"https:\/\/www.europesays.com\/fr\/334327\/"},"modified":"2025-08-21T16:43:15","modified_gmt":"2025-08-21T16:43:15","slug":"le-club-commerce-laccord-usa-ue-finalise","status":"publish","type":"post","link":"https:\/\/www.europesays.com\/fr\/334327\/","title":{"rendered":"Le Club : Commerce, l&rsquo;accord USA\/UE finalis\u00e9"},"content":{"rendered":"<p><img loading=\"lazy\" decoding=\"async\" src=\"https:\/\/www.europesays.com\/fr\/wp-content\/uploads\/2025\/08\/Le-Club-Commerce-l-accord-USA-UE-finalise-21-08-2125383.webp.webp\" width=\"1200\" height=\"675\" alt=\"placeholder video\"\/><\/p>\n<p>Ce jeudi 21 ao\u00fbt, St\u00e9phanie Maugey, g\u00e9rante priv\u00e9e \u00e0 la Financi\u00e8re d&rsquo;Uz\u00e8s, et John Plassard, responsable de la strat\u00e9gie en investissement chez Cit\u00e9 Gestion, se sont pench\u00e9s sur la finalisation de l&rsquo;accord commercial entre les \u00c9tats-Unis et l&rsquo;Union europ\u00e9enne, le comportement des march\u00e9s \u00e0 la veille du discours de Jerome Powell \u00e0 Jackson Hole, l&rsquo;engouement pour les valeurs technologiques qui ralentit \u00e0 Wall Street apr\u00e8s une belle hausse, ainsi que les valeurs \u00e0 suivre cette semaine, dans l&rsquo;\u00e9mission BFM Bourse pr\u00e9sent\u00e9e par Guillaume Paul. BFM Bourse est \u00e0 voir ou \u00e9couter du lundi au vendredi sur BFM Business.<\/p>\n<p>Aujourd&rsquo;hui \u00e0 18h02 | Dur\u00e9e : 27:21<\/p>\n","protected":false},"excerpt":{"rendered":"Ce jeudi 21 ao\u00fbt, St\u00e9phanie Maugey, g\u00e9rante priv\u00e9e \u00e0 la Financi\u00e8re d&rsquo;Uz\u00e8s, et John Plassard, responsable de la&hellip;\n","protected":false},"author":2,"featured_media":334328,"comment_status":"","ping_status":"","sticky":false,"template":"","format":"standard","meta":{"footnotes":""},"categories":[1589],"tags":[11,73,1866,12,1864,1865,1863,308],"class_list":{"0":"post-334327","1":"post","2":"type-post","3":"status-publish","4":"format-standard","5":"has-post-thumbnail","7":"category-etats-unis","8":"tag-actualites","9":"tag-etats-unis","10":"tag-etats-unis-damerique","11":"tag-news","12":"tag-united-states","13":"tag-united-states-of-america","14":"tag-us","15":"tag-usa"},"share_on_mastodon":{"url":"https:\/\/pubeurope.com\/@fr\/115067761866835389","error":""},"_links":{"self":[{"href":"https:\/\/www.europesays.com\/fr\/wp-json\/wp\/v2\/posts\/334327","targetHints":{"allow":["GET"]}}],"collection":[{"href":"https:\/\/www.europesays.com\/fr\/wp-json\/wp\/v2\/posts"}],"about":[{"href":"https:\/\/www.europesays.com\/fr\/wp-json\/wp\/v2\/types\/post"}],"author":[{"embeddable":true,"href":"https:\/\/www.europesays.com\/fr\/wp-json\/wp\/v2\/users\/2"}],"replies":[{"embeddable":true,"href":"https:\/\/www.europesays.com\/fr\/wp-json\/wp\/v2\/comments?post=334327"}],"version-history":[{"count":0,"href":"https:\/\/www.europesays.com\/fr\/wp-json\/wp\/v2\/posts\/334327\/revisions"}],"wp:featuredmedia":[{"embeddable":true,"href":"https:\/\/www.europesays.com\/fr\/wp-json\/wp\/v2\/media\/334328"}],"wp:attachment":[{"href":"https:\/\/www.europesays.com\/fr\/wp-json\/wp\/v2\/media?parent=334327"}],"wp:term":[{"taxonomy":"category","embeddable":true,"href":"https:\/\/www.europesays.com\/fr\/wp-json\/wp\/v2\/categories?post=334327"},{"taxonomy":"post_tag","embeddable":true,"href":"https:\/\/www.europesays.com\/fr\/wp-json\/wp\/v2\/tags?post=334327"}],"curies":[{"name":"wp","href":"https:\/\/api.w.org\/{rel}","templated":true}]}}