{"id":334329,"date":"2025-08-21T16:44:14","date_gmt":"2025-08-21T16:44:14","guid":{"rendered":"https:\/\/www.europesays.com\/fr\/334329\/"},"modified":"2025-08-21T16:44:14","modified_gmt":"2025-08-21T16:44:14","slug":"le-royaume-uni-sanctionne-un-magnat-du-petrole-iranien-et-quatre-entreprises","status":"publish","type":"post","link":"https:\/\/www.europesays.com\/fr\/334329\/","title":{"rendered":"Le Royaume-Uni sanctionne un magnat du p\u00e9trole iranien et quatre entreprises"},"content":{"rendered":"<p>Le Royaume-Uni a annonc\u00e9 jeudi des sanctions \u00e0 l&rsquo;encontre d&rsquo;un magnat du p\u00e9trole iranien ainsi que de quatre entreprises, affirmant qu&rsquo;ils font partie d&rsquo;un r\u00e9seau soutenant les activit\u00e9s ext\u00e9rieures de T\u00e9h\u00e9ran, notamment la \u00ab\u00a0d\u00e9stabilisation\u00a0\u00bb en Ukraine et en Isra\u00ebl.<\/p>\n<p>\nSelon le Foreign Office, ces sanctions comprennent un gel des avoirs et une interdiction de voyager visant Mohammad Hossein Shamkhani, ainsi qu&rsquo;un gel des avoirs pour des entreprises op\u00e9rant dans les secteurs du transport maritime, de la p\u00e9trochimie et de la finance.<\/p>\n<p>\n\u00ab\u00a0La d\u00e9pendance de l&rsquo;Iran vis-\u00e0-vis des revenus issus de r\u00e9seaux commerciaux et d&rsquo;organisations affili\u00e9es lui permet de mener ses activit\u00e9s d\u00e9stabilisatrices, notamment en soutenant des groupes et partenaires dans la r\u00e9gion et en facilitant des menaces d&rsquo;\u00c9tat sur le sol britannique\u00a0\u00bb, a d\u00e9clar\u00e9 Hamish Falconer, ministre britannique pour le Moyen-Orient.<\/p>\n<p>\nL&rsquo;ambassade d&rsquo;Iran \u00e0 Londres a condamn\u00e9 ce qu&rsquo;elle qualifie de \u00ab\u00a0mesures unilat\u00e9rales et ill\u00e9gales\u00a0\u00bb de la part du Royaume-Uni, ainsi que des \u00ab\u00a0all\u00e9gations sans fondement\u00a0\u00bb.<\/p>\n<p>\nShamkhani, fils d&rsquo;un conseiller du guide supr\u00eame iranien, l&rsquo;Ayatollah Ali Khamenei, n&rsquo;a pas pu \u00eatre joint pour commenter.<\/p>\n<p>\nLes \u00c9tats-Unis, qui ont d\u00e9j\u00e0 sanctionn\u00e9 Shamkhani le mois dernier, affirment qu&rsquo;il contr\u00f4le un vaste r\u00e9seau de porte-conteneurs et de p\u00e9troliers via un enchev\u00eatrement complexe d&rsquo;interm\u00e9diaires, permettant la vente de p\u00e9trole iranien et russe, ainsi que d&rsquo;autres marchandises, \u00e0 travers le monde.<\/p>\n<p>\nCertaines des entreprises sanctionn\u00e9es mercredi par le Royaume-Uni sont accus\u00e9es d&rsquo;agir pour le compte ou sous la direction de Shamkhani, soup\u00e7onn\u00e9 de contribuer aux op\u00e9rations ext\u00e9rieures de l&rsquo;Iran. L&rsquo;Union europ\u00e9enne avait \u00e9galement impos\u00e9 des sanctions \u00e0 Shamkhani en juillet.<\/p>\n<p>\nLe mois dernier, des parlementaires britanniques ont mis en garde contre la menace croissante et multiforme que repr\u00e9sente l&rsquo;Iran pour le Royaume-Uni. Bien qu&rsquo;elle ne soit pas encore comparable \u00e0 celle pos\u00e9e par la Russie ou la Chine, ils estiment que le gouvernement n&rsquo;est pas suffisamment pr\u00e9par\u00e9 \u00e0 y faire face.<\/p>\n<p>\nIls \u00e9voquent une menace iranienne allant des attaques physiques et assassinats potentiels visant dissidents et communaut\u00e9s juives, \u00e0 l&rsquo;espionnage, en passant par des op\u00e9rations cyber offensives et des tentatives de d\u00e9veloppement d&rsquo;armes nucl\u00e9aires.<\/p>\n<p>\nL&rsquo;Iran a rejet\u00e9 ces accusations, les qualifiant d&rsquo;\u00ab infond\u00e9es, politiquement motiv\u00e9es et hostiles \u00bb.<\/p>\n","protected":false},"excerpt":{"rendered":"Le Royaume-Uni a annonc\u00e9 jeudi des sanctions \u00e0 l&rsquo;encontre d&rsquo;un magnat du p\u00e9trole iranien ainsi que de quatre&hellip;\n","protected":false},"author":2,"featured_media":48534,"comment_status":"","ping_status":"","sticky":false,"template":"","format":"standard","meta":{"footnotes":""},"categories":[1588],"tags":[11,340,1777,674,12,473,1853,1851,1850,1852],"class_list":{"0":"post-334329","1":"post","2":"type-post","3":"status-publish","4":"format-standard","5":"has-post-thumbnail","7":"category-royaume-uni","8":"tag-actualites","9":"tag-bourse","10":"tag-eu","11":"tag-europe","12":"tag-news","13":"tag-royaume-uni","14":"tag-royaume-uni-de-grande-bretagne-et-dirlande-du-nord","15":"tag-uk","16":"tag-united-kingdom","17":"tag-united-kingdom-of-great-britain-and-northern-ireland"},"share_on_mastodon":{"url":"https:\/\/pubeurope.com\/@fr\/115067765646940674","error":""},"_links":{"self":[{"href":"https:\/\/www.europesays.com\/fr\/wp-json\/wp\/v2\/posts\/334329","targetHints":{"allow":["GET"]}}],"collection":[{"href":"https:\/\/www.europesays.com\/fr\/wp-json\/wp\/v2\/posts"}],"about":[{"href":"https:\/\/www.europesays.com\/fr\/wp-json\/wp\/v2\/types\/post"}],"author":[{"embeddable":true,"href":"https:\/\/www.europesays.com\/fr\/wp-json\/wp\/v2\/users\/2"}],"replies":[{"embeddable":true,"href":"https:\/\/www.europesays.com\/fr\/wp-json\/wp\/v2\/comments?post=334329"}],"version-history":[{"count":0,"href":"https:\/\/www.europesays.com\/fr\/wp-json\/wp\/v2\/posts\/334329\/revisions"}],"wp:featuredmedia":[{"embeddable":true,"href":"https:\/\/www.europesays.com\/fr\/wp-json\/wp\/v2\/media\/48534"}],"wp:attachment":[{"href":"https:\/\/www.europesays.com\/fr\/wp-json\/wp\/v2\/media?parent=334329"}],"wp:term":[{"taxonomy":"category","embeddable":true,"href":"https:\/\/www.europesays.com\/fr\/wp-json\/wp\/v2\/categories?post=334329"},{"taxonomy":"post_tag","embeddable":true,"href":"https:\/\/www.europesays.com\/fr\/wp-json\/wp\/v2\/tags?post=334329"}],"curies":[{"name":"wp","href":"https:\/\/api.w.org\/{rel}","templated":true}]}}