{"id":334330,"date":"2025-08-21T16:45:12","date_gmt":"2025-08-21T16:45:12","guid":{"rendered":"https:\/\/www.europesays.com\/fr\/334330\/"},"modified":"2025-08-21T16:45:12","modified_gmt":"2025-08-21T16:45:12","slug":"lallemagne-annonce-larrestation-dun-ukrainien-soupconne-du-sabotage-de-nord-stream-21-08-2025-a-1241","status":"publish","type":"post","link":"https:\/\/www.europesays.com\/fr\/334330\/","title":{"rendered":"L&rsquo;Allemagne annonce l&rsquo;arrestation d&rsquo;un Ukrainien soup\u00e7onn\u00e9 du sabotage de Nord Stream &#8211; 21\/08\/2025 \u00e0 12:41"},"content":{"rendered":"<p>\n La police italienne a arr\u00eat\u00e9<br \/>\nun ressortissant ukrainien soup\u00e7onn\u00e9 d&rsquo;avoir coordonn\u00e9 le<br \/>\nsabotage des gazoducs Nord Stream en mer Baltique en septembre<br \/>\n2022, a annonc\u00e9 jeudi le minist\u00e8re public allemand.\n<\/p>\n<p>\n Le suspect, identifi\u00e9 uniquement par son pr\u00e9nom Serhii et la<br \/>\npremi\u00e8re lettre, K., de son nom de famille, conform\u00e9ment aux<br \/>\nlois allemandes prot\u00e9geant la vie priv\u00e9e, sera pr\u00e9sent\u00e9 \u00e0 un<br \/>\njuge une fois extrad\u00e9 d&rsquo;Italie vers l&rsquo;Allemagne, a d\u00e9clar\u00e9 le<br \/>\nbureau du procureur g\u00e9n\u00e9ral dans un communiqu\u00e9.\n<\/p>\n<p>\n Il faisait partie d&rsquo;un commando qui a plac\u00e9 des engins<br \/>\nexplosifs sur les gazoducs pr\u00e8s de l&rsquo;\u00eele danoise de Bornholm, au<br \/>\nlarge de la c\u00f4te m\u00e9ridionale de la Su\u00e8de, a-t-il ajout\u00e9.\n<\/p>\n<p>\n Le groupe avait appareill\u00e9 du port de Rostock, sur la c\u00f4te<br \/>\nnord de l&rsquo;Allemagne, \u00e0 bord d&rsquo;un voilier lou\u00e9 \u00e0 une entreprise<br \/>\nallemande avec l&rsquo;aide de faux papiers d&rsquo;identit\u00e9 obtenus gr\u00e2ce \u00e0<br \/>\ndes interm\u00e9diaires, a-t-il encore pr\u00e9cis\u00e9.\n<\/p>\n<p>\n Les carabiniers italiens ont arr\u00eat\u00e9 l&rsquo;individu sur la base<br \/>\nd&rsquo;un mandat d&rsquo;arr\u00eat europ\u00e9en dans la province de Rimini, a<br \/>\nd\u00e9clar\u00e9 le minist\u00e8re public allemand.\n<\/p>\n<p>\n Les attaques contre le r\u00e9seau de gazoducs Nord Stream<br \/>\ntransportant du gaz russe vers l&rsquo;Europe occidentale n&rsquo;ont jamais<br \/>\n\u00e9t\u00e9 revendiqu\u00e9es, la Russie et les Occidentaux se renvoyant dans<br \/>\nun premier temps la responsabilit\u00e9 du sabotage.\n<\/p>\n<p>\n (R\u00e9dig\u00e9 par Rachel More, Jean-St\u00e9phane Brosse pour la version<br \/>\nfran\u00e7aise, \u00e9dit\u00e9 par Blandine H\u00e9nault)<\/p>\n","protected":false},"excerpt":{"rendered":"La police italienne a arr\u00eat\u00e9 un ressortissant ukrainien soup\u00e7onn\u00e9 d&rsquo;avoir coordonn\u00e9 le sabotage des gazoducs Nord Stream en&hellip;\n","protected":false},"author":2,"featured_media":2486,"comment_status":"","ping_status":"","sticky":false,"template":"","format":"standard","meta":{"footnotes":""},"categories":[1587],"tags":[400,11,672,398,408,1804,405,1805,1803,1777,674,1801,403,402,399,404,12,1802,401,406,407],"class_list":{"0":"post-334330","1":"post","2":"type-post","3":"status-publish","4":"format-standard","5":"has-post-thumbnail","7":"category-allemagne","8":"tag-action-cac-40","9":"tag-actualites","10":"tag-allemagne","11":"tag-bourse-de-paris","12":"tag-boursorama","13":"tag-bundesrepublik-deutschland","14":"tag-cotations","15":"tag-de","16":"tag-deutschland","17":"tag-eu","18":"tag-europe","19":"tag-germany","20":"tag-indices-devises","21":"tag-investir","22":"tag-investissement","23":"tag-marche-boursier","24":"tag-news","25":"tag-republique-federale-dallemagne","26":"tag-sicav","27":"tag-trackers","28":"tag-warrants"},"share_on_mastodon":{"url":"https:\/\/pubeurope.com\/@fr\/115067769621045758","error":""},"_links":{"self":[{"href":"https:\/\/www.europesays.com\/fr\/wp-json\/wp\/v2\/posts\/334330","targetHints":{"allow":["GET"]}}],"collection":[{"href":"https:\/\/www.europesays.com\/fr\/wp-json\/wp\/v2\/posts"}],"about":[{"href":"https:\/\/www.europesays.com\/fr\/wp-json\/wp\/v2\/types\/post"}],"author":[{"embeddable":true,"href":"https:\/\/www.europesays.com\/fr\/wp-json\/wp\/v2\/users\/2"}],"replies":[{"embeddable":true,"href":"https:\/\/www.europesays.com\/fr\/wp-json\/wp\/v2\/comments?post=334330"}],"version-history":[{"count":0,"href":"https:\/\/www.europesays.com\/fr\/wp-json\/wp\/v2\/posts\/334330\/revisions"}],"wp:featuredmedia":[{"embeddable":true,"href":"https:\/\/www.europesays.com\/fr\/wp-json\/wp\/v2\/media\/2486"}],"wp:attachment":[{"href":"https:\/\/www.europesays.com\/fr\/wp-json\/wp\/v2\/media?parent=334330"}],"wp:term":[{"taxonomy":"category","embeddable":true,"href":"https:\/\/www.europesays.com\/fr\/wp-json\/wp\/v2\/categories?post=334330"},{"taxonomy":"post_tag","embeddable":true,"href":"https:\/\/www.europesays.com\/fr\/wp-json\/wp\/v2\/tags?post=334330"}],"curies":[{"name":"wp","href":"https:\/\/api.w.org\/{rel}","templated":true}]}}