{"id":334333,"date":"2025-08-21T16:47:15","date_gmt":"2025-08-21T16:47:15","guid":{"rendered":"https:\/\/www.europesays.com\/fr\/334333\/"},"modified":"2025-08-21T16:47:15","modified_gmt":"2025-08-21T16:47:15","slug":"a-lheure-actuelle-nous-navons-pas-eu-dinterpellation-annonce-sandrine-delorme-procureure-de-la-republique","status":"publish","type":"post","link":"https:\/\/www.europesays.com\/fr\/334333\/","title":{"rendered":"\u00ab\u00a0\u00c0 l&rsquo;heure actuelle, nous n&rsquo;avons pas eu d&rsquo;interpellation\u00a0\u00bb, annonce Sandrine Delorme, procureure de la R\u00e9publique"},"content":{"rendered":"<p>Affrontements \u00e0 Aurillac: \u00ab\u00a0\u00c0 l&rsquo;heure actuelle, nous n&rsquo;avons pas eu d&rsquo;interpellation\u00a0\u00bb, annonce Sandrine Delorme, procureure de la R\u00e9publiqueSur le m\u00eame sujet<a href=\"https:\/\/www.bfmtv.com\/police-justice\/video-mort-de-jean-pormanove-l-argent-ne-beneficiait-pas-plus-a-safine-ou-a-naruto-indique-tom-michel-avocat-du-streameur-safine-hamadi_VN-202508210535.html\" title=\"Mort de Jean Pormanove: &quot;L&#039;argent ne b\u00e9n\u00e9ficiait pas plus \u00e0 Safine ou \u00e0 Naruto&quot;, indique Tom Michel, avocat du streameur Safine Hamadi\" rel=\"nofollow noopener\" target=\"_blank\"><img width=\"16\" height=\"9\" class=\"lozad\"  alt=\"Mort de Jean Pormanove: &quot;L'argent ne b\u00e9n\u00e9ficiait pas plus \u00e0 Safine ou \u00e0 Naruto&quot;, indique Tom Michel, avocat du streameur Safine Hamadi\"\/>1:50Mort de Jean Pormanove: \u00ab\u00a0L&rsquo;argent ne b\u00e9n\u00e9ficiait pas plus \u00e0 Safine ou \u00e0 Naruto\u00a0\u00bb, indique Tom Michel, avocat du streameur Safine Hamadi<\/a><a href=\"https:\/\/www.bfmtv.com\/police-justice\/video-mort-de-jean-pormanove-tout-ce-qu-on-a-vu-etait-consenti-souligne-tom-michel-avocat-du-streameur-safine-hamadi_VN-202508210532.html\" title=\"Mort de Jean Pormanove: &quot;Tout ce qu&#039;on a vu \u00e9tait consenti&quot;, souligne Tom Michel, avocat du streameur Safine Hamadi\" rel=\"nofollow noopener\" target=\"_blank\"><img width=\"16\" height=\"9\" class=\"lozad\"  alt=\"Mort de Jean Pormanove: &quot;Tout ce qu'on a vu \u00e9tait consenti&quot;, souligne Tom Michel, avocat du streameur Safine Hamadi\"\/>1:30Mort de Jean Pormanove: \u00ab\u00a0Tout ce qu&rsquo;on a vu \u00e9tait consenti\u00a0\u00bb, souligne Tom Michel, avocat du streameur Safine Hamadi<\/a><a href=\"https:\/\/www.bfmtv.com\/police-justice\/video-mort-de-jean-pormanove-mon-client-n-avait-pas-connaissance-de-potentielles-problematiques-d-ordre-cardiaque-assure-tom-michel-avocat-du-streameur-safine-hamadi_VN-202508210529.html\" title=\"Mort de Jean Pormanove: &quot;Mon client n&#039;avait pas connaissance de potentielles probl\u00e9matiques d&#039;ordre cardiaque&quot;, assure Tom Michel, avocat du streameur Safine Hamadi\" rel=\"nofollow noopener\" target=\"_blank\"><img width=\"16\" height=\"9\" class=\"lozad\"  alt=\"Mort de Jean Pormanove: &quot;Mon client n'avait pas connaissance de potentielles probl\u00e9matiques d'ordre cardiaque&quot;, assure Tom Michel, avocat du streameur Safine Hamadi\"\/>1:18Mort de Jean Pormanove: \u00ab\u00a0Mon client n&rsquo;avait pas connaissance de potentielles probl\u00e9matiques d&rsquo;ordre cardiaque\u00a0\u00bb, assure Tom Michel, avocat du streameur Safine Hamadi<\/a><a href=\"https:\/\/www.bfmtv.com\/international\/video-frank-caprio-le-plus-gentil-juge-du-monde-est-decede-a-l-age-de-88-ans_VN-202508210511.html\" title=\"Frank Caprio, &quot;le plus gentil juge du monde&quot; est d\u00e9c\u00e9d\u00e9 \u00e0 l&#039;\u00e2ge de 88 ans\" rel=\"nofollow noopener\" target=\"_blank\"><img width=\"16\" height=\"9\" class=\"lozad\"  alt=\"Frank Caprio, &quot;le plus gentil juge du monde&quot; est d\u00e9c\u00e9d\u00e9 \u00e0 l'\u00e2ge de 88 ans\"\/>0:59Frank Caprio, \u00ab\u00a0le plus gentil juge du monde\u00a0\u00bb est d\u00e9c\u00e9d\u00e9 \u00e0 l&rsquo;\u00e2ge de 88 ans<\/a><a href=\"https:\/\/www.bfmtv.com\/police-justice\/video-affrontements-a-aurillac-nuit-d-emeutes-des-policiers-blesses-et-une-securite-renforcee-pour-la-suite-du-festival_VN-202508210498.html\" title=\"Affrontements \u00e0 Aurillac: nuit d&#039;\u00e9meutes, des policiers bless\u00e9s et une s\u00e9curit\u00e9 renforc\u00e9e pour la suite du festival\" rel=\"nofollow noopener\" target=\"_blank\"><img width=\"16\" height=\"9\" class=\"lozad\"  alt=\"Affrontements \u00e0 Aurillac: nuit d'\u00e9meutes, des policiers bless\u00e9s et une s\u00e9curit\u00e9 renforc\u00e9e pour la suite du festival\"\/>1:31Affrontements \u00e0 Aurillac: nuit d&rsquo;\u00e9meutes, des policiers bless\u00e9s et une s\u00e9curit\u00e9 renforc\u00e9e pour la suite du festival<\/a><a href=\"https:\/\/www.bfmtv.com\/police-justice\/video-deces-de-jean-pormanove-l-autopsie-ecarte-l-intervention-d-un-tiers_VN-202508210482.html\" title=\"D\u00e9c\u00e8s de Jean Pormanove: l&#039;autopsie \u00e9carte &quot;l&#039;intervention d&#039;un tiers&quot;\" rel=\"nofollow noopener\" target=\"_blank\"><img width=\"16\" height=\"9\" class=\"lozad\"  alt=\"D\u00e9c\u00e8s de Jean Pormanove: l'autopsie \u00e9carte &quot;l'intervention d'un tiers&quot;\"\/>7:14D\u00e9c\u00e8s de Jean Pormanove: l&rsquo;autopsie \u00e9carte \u00ab\u00a0l&rsquo;intervention d&rsquo;un tiers\u00a0\u00bb<\/a><a href=\"https:\/\/www.bfmtv.com\/police-justice\/video-eboulement-mortel-en-haute-savoie-david-anthony-delavoet-secretaire-general-de-la-prefecture-de-la-haute-savoie-souhaite-determiner-si-d-autres-morceaux-de-paroi-peuvent-se-detacher_VN-202508210475.html\" title=\"\u00c9boulement mortel en Haute-Savoie: David-Anthony Delavo\u00eat, secr\u00e9taire g\u00e9n\u00e9ral de la pr\u00e9fecture de la Haute-Savoie, souhaite &quot;d\u00e9terminer si d&#039;autres morceaux de paroi peuvent se d\u00e9tacher&quot;\" rel=\"nofollow noopener\" target=\"_blank\"><img width=\"16\" height=\"9\" class=\"lozad\"  alt=\"\u00c9boulement mortel en Haute-Savoie: David-Anthony Delavo\u00eat, secr\u00e9taire g\u00e9n\u00e9ral de la pr\u00e9fecture de la Haute-Savoie, souhaite &quot;d\u00e9terminer si d'autres morceaux de paroi peuvent se d\u00e9tacher&quot;\"\/>2:24\u00c9boulement mortel en Haute-Savoie: David-Anthony Delavo\u00eat, secr\u00e9taire g\u00e9n\u00e9ral de la pr\u00e9fecture de la Haute-Savoie, souhaite \u00ab\u00a0d\u00e9terminer si d&rsquo;autres morceaux de paroi peuvent se d\u00e9tacher\u00a0\u00bb<\/a><a href=\"https:\/\/www.bfmtv.com\/police-justice\/video-affrontements-a-aurillac-le-pire-a-ete-evite-affirme-pierre-mathonier-maire-ps-de-la-ville_VN-202508210470.html\" title=\"Affrontements \u00e0 Aurillac: &quot;Le pire a \u00e9t\u00e9 \u00e9vit\u00e9&quot;, affirme Pierre Mathonier, maire PS de la ville\" rel=\"nofollow noopener\" target=\"_blank\"><img width=\"16\" height=\"9\" class=\"lozad\"  alt=\"Affrontements \u00e0 Aurillac: &quot;Le pire a \u00e9t\u00e9 \u00e9vit\u00e9&quot;, affirme Pierre Mathonier, maire PS de la ville\"\/>1:54Affrontements \u00e0 Aurillac: \u00ab\u00a0Le pire a \u00e9t\u00e9 \u00e9vit\u00e9\u00a0\u00bb, affirme Pierre Mathonier, maire PS de la ville<\/a><a href=\"https:\/\/www.bfmtv.com\/police-justice\/video-affrontements-a-aurillac-c-est-la-france-qu-ils-attaquaient-assure-pierre-mathonier-maire-ps-de-la-ville-qui-denonce-egalement-un-projet-de-destruction_VN-202508210466.html\" title=\"Affrontements \u00e0 Aurillac: &quot;C&#039;est la France qu&#039;ils attaquaient&quot;, assure Pierre Mathonier, maire PS de la ville, qui d\u00e9nonce \u00e9galement &quot;un projet de destruction&quot;\" rel=\"nofollow noopener\" target=\"_blank\"><img width=\"16\" height=\"9\" class=\"lozad\"  alt=\"Affrontements \u00e0 Aurillac: &quot;C'est la France qu'ils attaquaient&quot;, assure Pierre Mathonier, maire PS de la ville, qui d\u00e9nonce \u00e9galement &quot;un projet de destruction&quot;\"\/>1:31Affrontements \u00e0 Aurillac: \u00ab\u00a0C&rsquo;est la France qu&rsquo;ils attaquaient\u00a0\u00bb, assure Pierre Mathonier, maire PS de la ville, qui d\u00e9nonce \u00e9galement \u00ab\u00a0un projet de destruction\u00a0\u00bb<\/a><a href=\"https:\/\/www.bfmtv.com\/police-justice\/video-affrontements-a-aurillac-a-l-heure-actuelle-nous-n-avons-pas-eu-d-interpellation-annonce-sandrine-delorme-procureure-de-la-republique_VN-202508210462.html\" title=\"Affrontements \u00e0 Aurillac: &quot;\u00c0 l&#039;heure actuelle, nous n&#039;avons pas eu d&#039;interpellation&quot;, annonce Sandrine Delorme, procureure de la R\u00e9publique\" rel=\"nofollow noopener\" target=\"_blank\"><img width=\"16\" height=\"9\" class=\"lozad\"  alt=\"Affrontements \u00e0 Aurillac: &quot;\u00c0 l'heure actuelle, nous n'avons pas eu d'interpellation&quot;, annonce Sandrine Delorme, procureure de la R\u00e9publique\"\/>en lectureAffrontements \u00e0 Aurillac: \u00ab\u00a0\u00c0 l&rsquo;heure actuelle, nous n&rsquo;avons pas eu d&rsquo;interpellation\u00a0\u00bb, annonce Sandrine Delorme, procureure de la R\u00e9publique<\/a><a href=\"https:\/\/www.bfmtv.com\/police-justice\/video-affrontements-a-aurillac-le-dispositif-de-securite-sera-renforce-annonce-philippe-loos-prefet-du-cantal_VN-202508210457.html\" title=\"Affrontements \u00e0 Aurillac: &quot;Le dispositif de s\u00e9curit\u00e9 sera renforc\u00e9&quot;, annonce Philippe Loos, pr\u00e9fet du Cantal\" rel=\"nofollow noopener\" target=\"_blank\"><img width=\"16\" height=\"9\" class=\"lozad\"  alt=\"Affrontements \u00e0 Aurillac: &quot;Le dispositif de s\u00e9curit\u00e9 sera renforc\u00e9&quot;, annonce Philippe Loos, pr\u00e9fet du Cantal\"\/>1:05Affrontements \u00e0 Aurillac: \u00ab\u00a0Le dispositif de s\u00e9curit\u00e9 sera renforc\u00e9\u00a0\u00bb, annonce Philippe Loos, pr\u00e9fet du Cantal<\/a><a href=\"https:\/\/www.bfmtv.com\/police-justice\/video-affrontements-a-aurillac-les-auteurs-de-ces-violences-sont-venus-pour-troubler-l-ordre-public-assure-philippe-loos-prefet-du-cantal_VN-202508210454.html\" title=\"Affrontements \u00e0 Aurillac: &quot;Les auteurs de ces violences [...] sont venus pour troubler l&#039;ordre public&quot;, assure Philippe Loos, pr\u00e9fet du Cantal \" rel=\"nofollow noopener\" target=\"_blank\"><img width=\"16\" height=\"9\" class=\"lozad\"  alt=\"Affrontements \u00e0 Aurillac: &quot;Les auteurs de ces violences [...] sont venus pour troubler l'ordre public&quot;, assure Philippe Loos, pr\u00e9fet du Cantal \"\/>1:33Affrontements \u00e0 Aurillac: \u00ab\u00a0Les auteurs de ces violences [&#8230;] sont venus pour troubler l&rsquo;ordre public\u00a0\u00bb, assure Philippe Loos, pr\u00e9fet du Cantal<\/a><a href=\"https:\/\/www.bfmtv.com\/police-justice\/video-affrontements-a-aurillac-philippe-loos-prefet-du-cantal-affirme-que-les-emeutiers-etaient-equipes-pour-affronter-les-forces-de-l-ordre_VN-202508210449.html\" title=\"Affrontements \u00e0 Aurillac: Philippe Loos, pr\u00e9fet du Cantal, affirme que les \u00e9meutiers &quot;\u00e9taient \u00e9quip\u00e9s pour affronter les forces de l&#039;ordre&quot;\" rel=\"nofollow noopener\" target=\"_blank\"><img width=\"16\" height=\"9\" class=\"lozad\"  alt=\"Affrontements \u00e0 Aurillac: Philippe Loos, pr\u00e9fet du Cantal, affirme que les \u00e9meutiers &quot;\u00e9taient \u00e9quip\u00e9s pour affronter les forces de l'ordre&quot;\"\/>1:18Affrontements \u00e0 Aurillac: Philippe Loos, pr\u00e9fet du Cantal, affirme que les \u00e9meutiers \u00ab\u00a0\u00e9taient \u00e9quip\u00e9s pour affronter les forces de l&rsquo;ordre\u00a0\u00bb<\/a><a href=\"https:\/\/www.bfmtv.com\/police-justice\/video-jean-pormanove-l-autopsie-ecarte-l-intervention-d-un-tiers-et-privilegie-une-cause-d-origine-medicale-ou-toxicologique_VN-202508210446.html\" title=\"Jean Pormanove: l&#039;autopsie \u00e9carte &quot;l&#039;intervention d&#039;un tiers&quot; et privil\u00e9gie une cause &quot;d&#039;origine m\u00e9dicale ou toxicologique&quot;\" rel=\"nofollow noopener\" target=\"_blank\"><img width=\"16\" height=\"9\" class=\"lozad\"  alt=\"Jean Pormanove: l'autopsie \u00e9carte &quot;l'intervention d'un tiers&quot; et privil\u00e9gie une cause &quot;d'origine m\u00e9dicale ou toxicologique&quot;\"\/>2:17Jean Pormanove: l&rsquo;autopsie \u00e9carte \u00ab\u00a0l&rsquo;intervention d&rsquo;un tiers\u00a0\u00bb et privil\u00e9gie une cause \u00ab\u00a0d&rsquo;origine m\u00e9dicale ou toxicologique\u00a0\u00bb<\/a><a class=\"jumpToVideo\" target=\"_blank\"><img class=\"thumbnailPreview\"\/><\/a><\/p>\n","protected":false},"excerpt":{"rendered":"Affrontements \u00e0 Aurillac: \u00ab\u00a0\u00c0 l&rsquo;heure actuelle, nous n&rsquo;avons pas eu d&rsquo;interpellation\u00a0\u00bb, annonce Sandrine Delorme, procureure de la R\u00e9publiqueSur&hellip;\n","protected":false},"author":2,"featured_media":334334,"comment_status":"","ping_status":"","sticky":false,"template":"","format":"standard","meta":{"footnotes":""},"categories":[1586],"tags":[11,1777,674,1779,1011,27,12,25,1778,364],"class_list":{"0":"post-334333","1":"post","2":"type-post","3":"status-publish","4":"format-standard","5":"has-post-thumbnail","7":"category-europe","8":"tag-actualites","9":"tag-eu","10":"tag-europe","11":"tag-european-union","12":"tag-fr","13":"tag-france","14":"tag-news","15":"tag-republique-francaise","16":"tag-ue","17":"tag-union-europeenne"},"share_on_mastodon":{"url":"https:\/\/pubeurope.com\/@fr\/115067777437454541","error":""},"_links":{"self":[{"href":"https:\/\/www.europesays.com\/fr\/wp-json\/wp\/v2\/posts\/334333","targetHints":{"allow":["GET"]}}],"collection":[{"href":"https:\/\/www.europesays.com\/fr\/wp-json\/wp\/v2\/posts"}],"about":[{"href":"https:\/\/www.europesays.com\/fr\/wp-json\/wp\/v2\/types\/post"}],"author":[{"embeddable":true,"href":"https:\/\/www.europesays.com\/fr\/wp-json\/wp\/v2\/users\/2"}],"replies":[{"embeddable":true,"href":"https:\/\/www.europesays.com\/fr\/wp-json\/wp\/v2\/comments?post=334333"}],"version-history":[{"count":0,"href":"https:\/\/www.europesays.com\/fr\/wp-json\/wp\/v2\/posts\/334333\/revisions"}],"wp:featuredmedia":[{"embeddable":true,"href":"https:\/\/www.europesays.com\/fr\/wp-json\/wp\/v2\/media\/334334"}],"wp:attachment":[{"href":"https:\/\/www.europesays.com\/fr\/wp-json\/wp\/v2\/media?parent=334333"}],"wp:term":[{"taxonomy":"category","embeddable":true,"href":"https:\/\/www.europesays.com\/fr\/wp-json\/wp\/v2\/categories?post=334333"},{"taxonomy":"post_tag","embeddable":true,"href":"https:\/\/www.europesays.com\/fr\/wp-json\/wp\/v2\/tags?post=334333"}],"curies":[{"name":"wp","href":"https:\/\/api.w.org\/{rel}","templated":true}]}}