{"id":334335,"date":"2025-08-21T16:48:16","date_gmt":"2025-08-21T16:48:16","guid":{"rendered":"https:\/\/www.europesays.com\/fr\/334335\/"},"modified":"2025-08-21T16:48:16","modified_gmt":"2025-08-21T16:48:16","slug":"info-rtl-redoine-faid-extrait-en-helicoptere-de-la-prison-de-vendin-le-vieil","status":"publish","type":"post","link":"https:\/\/www.europesays.com\/fr\/334335\/","title":{"rendered":"INFO RTL &#8211; Redoine Fa\u00efd extrait en h\u00e9licopt\u00e8re de la prison de Vendin-le-Vieil"},"content":{"rendered":"<p class=\"article-p mdl\">Redoine Fa\u00efd s&rsquo;\u00e9tait \u00e9vad\u00e9, par h\u00e9licopt\u00e8re, du centre p\u00e9nitentiaire de R\u00e9au (Seine-et-Marne), le 1er juillet 2018. <strong>Ce jeudi 21 ao\u00fbt, c&rsquo;est l\u00e9galement que le d\u00e9tenu quitte la prison de Vendin-le-Vieil,<\/strong> devenue cet \u00e9t\u00e9 la prison des narcotrafiquants. Selon plusieurs sources, il a \u00e9t\u00e9 transf\u00e9r\u00e9 dans un autre \u00e9tablissement p\u00e9nitentiaire, par h\u00e9licopt\u00e8re, ce jeudi en d\u00e9but d&rsquo;apr\u00e8s-midi.<\/p>\n<p class=\"article-p mdl\">Sur d\u00e9cision de la cour d&rsquo;appel fin juillet, l&rsquo;administration p\u00e9nitentiaire avait 21 jours pour rendre les conditions de d\u00e9tention de Fa\u00efd<strong> moins \u00ab\u00a0indignes\u00a0\u00bb<\/strong>, \u00e0 la suite d&rsquo;une requ\u00eate d\u00e9pos\u00e9e par son avocat Me Beno\u00eet David. Ce jeudi est le dernier jour du d\u00e9lai donn\u00e9 par la justice.<\/p>\n<p class=\"article-p mdl\">Ce transfert intervient alors qu&rsquo;\u00e0 la prison de Vendin-le-Vieil, <strong>les recours contre les conditions de d\u00e9tention, et contre le placement de la petite centaine de d\u00e9tenus dans ce quartier de lutte contre la criminalit\u00e9 organis\u00e9e, se multiplient<\/strong>. Plusieurs sont audienc\u00e9s la semaine prochaine, notamment, devant le tribunal administratif de Lille.<\/p>\n<p>                <img decoding=\"async\" alt=\"\" class=\"media-item lazy\" src=\"https:\/\/www.europesays.com\/fr\/wp-content\/uploads\/2025\/08\/1775827-l-helicoptere-de-l-administration-penitentiaire-devant-la-prison-de-vendin-le-vieil.jpg\"\/><\/p>\n<p>\n            L&rsquo;h\u00e9licopt\u00e8re de l&rsquo;administration p\u00e9nitentiaire devant la prison de Vendin-le-Vieil.<\/p>\n<p>\n            Cr\u00e9dit : DR<\/p>\n<p class=\"article-p mdl\">La prison de Vendin-le-Vieil a \u00e9t\u00e9 choisie par le ministre de la Justice G\u00e9rald Darmanin pour accueillir les 100 narcotrafiquants les plus dangereux du pays. Des travaux y ont \u00e9t\u00e9 r\u00e9alis\u00e9s afin de s\u00e9curiser encore plus les lieux.<\/p>\n<p>    La r\u00e9daction vous recommande<\/p>\n<p class=\"s-newsletter__title\">\n                L\u2019actualit\u00e9 par la r\u00e9daction de RTL dans votre bo\u00eete mail.\n            <\/p>\n<p class=\"s-newsletter__subtitle\">\n                Gr\u00e2ce \u00e0 votre compte RTL abonnez-vous \u00e0 la newsletter RTL info pour suivre toute l&rsquo;actualit\u00e9 au quotidien\n            <\/p>\n<p>\n                                    Lire la suite\n                                <\/p>\n","protected":false},"excerpt":{"rendered":"Redoine Fa\u00efd s&rsquo;\u00e9tait \u00e9vad\u00e9, par h\u00e9licopt\u00e8re, du centre p\u00e9nitentiaire de R\u00e9au (Seine-et-Marne), le 1er juillet 2018. Ce jeudi&hellip;\n","protected":false},"author":2,"featured_media":334336,"comment_status":"","ping_status":"","sticky":false,"template":"","format":"standard","meta":{"footnotes":""},"categories":[2],"tags":[11,118,107,1011,27,303,12,40844,25],"class_list":{"0":"post-334335","1":"post","2":"type-post","3":"status-publish","4":"format-standard","5":"has-post-thumbnail","7":"category-actualites","8":"tag-actualites","9":"tag-faits-divers","10":"tag-fil-info","11":"tag-fr","12":"tag-france","13":"tag-justice","14":"tag-news","15":"tag-redoine-faid","16":"tag-republique-francaise"},"share_on_mastodon":{"url":"https:\/\/pubeurope.com\/@fr\/115067781862345465","error":""},"_links":{"self":[{"href":"https:\/\/www.europesays.com\/fr\/wp-json\/wp\/v2\/posts\/334335","targetHints":{"allow":["GET"]}}],"collection":[{"href":"https:\/\/www.europesays.com\/fr\/wp-json\/wp\/v2\/posts"}],"about":[{"href":"https:\/\/www.europesays.com\/fr\/wp-json\/wp\/v2\/types\/post"}],"author":[{"embeddable":true,"href":"https:\/\/www.europesays.com\/fr\/wp-json\/wp\/v2\/users\/2"}],"replies":[{"embeddable":true,"href":"https:\/\/www.europesays.com\/fr\/wp-json\/wp\/v2\/comments?post=334335"}],"version-history":[{"count":0,"href":"https:\/\/www.europesays.com\/fr\/wp-json\/wp\/v2\/posts\/334335\/revisions"}],"wp:featuredmedia":[{"embeddable":true,"href":"https:\/\/www.europesays.com\/fr\/wp-json\/wp\/v2\/media\/334336"}],"wp:attachment":[{"href":"https:\/\/www.europesays.com\/fr\/wp-json\/wp\/v2\/media?parent=334335"}],"wp:term":[{"taxonomy":"category","embeddable":true,"href":"https:\/\/www.europesays.com\/fr\/wp-json\/wp\/v2\/categories?post=334335"},{"taxonomy":"post_tag","embeddable":true,"href":"https:\/\/www.europesays.com\/fr\/wp-json\/wp\/v2\/tags?post=334335"}],"curies":[{"name":"wp","href":"https:\/\/api.w.org\/{rel}","templated":true}]}}