{"id":334343,"date":"2025-08-21T16:52:11","date_gmt":"2025-08-21T16:52:11","guid":{"rendered":"https:\/\/www.europesays.com\/fr\/334343\/"},"modified":"2025-08-21T16:52:11","modified_gmt":"2025-08-21T16:52:11","slug":"les-bleus-simposent-contre-la-serbie-sur-la-route-du-mondial","status":"publish","type":"post","link":"https:\/\/www.europesays.com\/fr\/334343\/","title":{"rendered":"les Bleus s&rsquo;imposent contre la Serbie sur la route du Mondial"},"content":{"rendered":"<p>Les Tricolores se sont rassur\u00e9s \u00e0 Cannes en s\u2019imposant 3-1 \u00e0 un mois du Championnat du monde aux Philippines.<\/p>\n<p class=\"fig-paragraph\">L&rsquo;\u00e9quipe de France masculine de volley-ball, double championne olympique en titre, s&rsquo;est impos\u00e9e mercredi \u00e0 Cannes face \u00e0 la Serbie (3-1), \u00e0 moins d&rsquo;un mois du d\u00e9but du Mondial aux Philippines (12-28 septembre).<\/p>\n<p class=\"fig-paragraph\">Les Bleus ont effectu\u00e9 leur retour sur les terrains apr\u00e8s leur \u00e9limination en quart de finale de la Ligue des Nations fin juillet, suivie par un peu de repos et le lancement de leur pr\u00e9paration sur la C\u00f4te d&rsquo;Azur.<\/p>\n<p>                                    <a class=\"fig-a11y-skip a11y-hidden\" href=\"#fig-a11y-skip-main-inarticle\"><br \/>\n        Passer la publicit\u00e9<br \/>\n    <\/a><\/p>\n<p class=\"fig-paragraph\">Et les m\u00e9daill\u00e9s d&rsquo;or de Paris ont \u00e9t\u00e9 globalement s\u00e9duisants devant les Serbes (25-19, 25-15, 26-28, 25-17), \u00e0 l&rsquo;image de ce deuxi\u00e8me set largement domin\u00e9 par les co\u00e9quipiers de Jean Patry.<\/p>\n<p class=\"fig-paragraph\">Ce dernier faisait son retour avec l&rsquo;\u00e9quipe de France apr\u00e8s avoir d\u00fb d\u00e9clarer forfait pour le quart de finale de le Ligue des Nations.<\/p>\n<p class=\"fig-paragraph\">Il n&rsquo;a pas \u00e9t\u00e9 le seul puisque Kevin Tillie, absent lors de l&rsquo;ensemble de la comp\u00e9tition, ainsi que Quentin Jouffroy ont aussi effectu\u00e9 leur retour mercredi.<\/p>\n<p class=\"fig-paragraph\">Tillie et Jouffroy sont entr\u00e9s en jeu lors du troisi\u00e8me set, davantage disput\u00e9 et finalement gagn\u00e9 par les Serbes sur leur troisi\u00e8me balle de set et apr\u00e8s avoir repouss\u00e9 une balle de match.<\/p>\n<p class=\"fig-paragraph\">Mais les Bleus ont ensuite repris leur marche en avant, gr\u00e2ce \u00e0 l&rsquo;apport de Timoth\u00e9e Carle (8 points) et Th\u00e9o Faure (5 pts) qui ont termin\u00e9 meilleurs marqueurs (12) des leurs.<\/p>\n<p>                                    <a class=\"fig-a11y-skip a11y-hidden\" href=\"#fig-a11y-skip-main-inarticle_mtf\"><br \/>\n        Passer la publicit\u00e9<br \/>\n    <\/a><\/p>\n<p class=\"fig-paragraph\">\u00c9galement de retour d&rsquo;une blessure au genou, Earvin Ngapeth n&rsquo;a de son c\u00f4t\u00e9 pas pris part \u00e0 la rencontre.<\/p>\n<p class=\"fig-paragraph\">Les Fran\u00e7ais poursuivront leur pr\u00e9paration avec un stage \u00e0 Okinawa (Japon) du 1er au 11 septembre.<\/p>\n<p class=\"fig-paragraph\">Ils entreront ensuite en lice aux Philippines le 14 septembre contre la Cor\u00e9e du Sud, pour tenter d&rsquo;aller d\u00e9crocher leur premier titre mondial.<\/p>\n","protected":false},"excerpt":{"rendered":"Les Tricolores se sont rassur\u00e9s \u00e0 Cannes en s\u2019imposant 3-1 \u00e0 un mois du Championnat du monde aux&hellip;\n","protected":false},"author":2,"featured_media":334344,"comment_status":"","ping_status":"","sticky":false,"template":"","format":"standard","meta":{"footnotes":""},"categories":[1417],"tags":[47156,1011,27,60,1470,1469],"class_list":{"0":"post-334343","1":"post","2":"type-post","3":"status-publish","4":"format-standard","5":"has-post-thumbnail","7":"category-volley","8":"tag-earvin-ngapeth","9":"tag-fr","10":"tag-france","11":"tag-sports","12":"tag-volley","13":"tag-volleyball"},"share_on_mastodon":{"url":"https:\/\/pubeurope.com\/@fr\/115067797201014659","error":""},"_links":{"self":[{"href":"https:\/\/www.europesays.com\/fr\/wp-json\/wp\/v2\/posts\/334343","targetHints":{"allow":["GET"]}}],"collection":[{"href":"https:\/\/www.europesays.com\/fr\/wp-json\/wp\/v2\/posts"}],"about":[{"href":"https:\/\/www.europesays.com\/fr\/wp-json\/wp\/v2\/types\/post"}],"author":[{"embeddable":true,"href":"https:\/\/www.europesays.com\/fr\/wp-json\/wp\/v2\/users\/2"}],"replies":[{"embeddable":true,"href":"https:\/\/www.europesays.com\/fr\/wp-json\/wp\/v2\/comments?post=334343"}],"version-history":[{"count":0,"href":"https:\/\/www.europesays.com\/fr\/wp-json\/wp\/v2\/posts\/334343\/revisions"}],"wp:featuredmedia":[{"embeddable":true,"href":"https:\/\/www.europesays.com\/fr\/wp-json\/wp\/v2\/media\/334344"}],"wp:attachment":[{"href":"https:\/\/www.europesays.com\/fr\/wp-json\/wp\/v2\/media?parent=334343"}],"wp:term":[{"taxonomy":"category","embeddable":true,"href":"https:\/\/www.europesays.com\/fr\/wp-json\/wp\/v2\/categories?post=334343"},{"taxonomy":"post_tag","embeddable":true,"href":"https:\/\/www.europesays.com\/fr\/wp-json\/wp\/v2\/tags?post=334343"}],"curies":[{"name":"wp","href":"https:\/\/api.w.org\/{rel}","templated":true}]}}