{"id":334347,"date":"2025-08-21T16:54:10","date_gmt":"2025-08-21T16:54:10","guid":{"rendered":"https:\/\/www.europesays.com\/fr\/334347\/"},"modified":"2025-08-21T16:54:10","modified_gmt":"2025-08-21T16:54:10","slug":"us-open-kokkinakis-a-fait-son-choix-entre-alcaraz-et-sinner-je-dirais-quil-reste-le-favori-pour-lus-open","status":"publish","type":"post","link":"https:\/\/www.europesays.com\/fr\/334347\/","title":{"rendered":"US Open > Kokkinakis a fait son choix entre Alcaraz et Sinner : \u00ab\u00a0Je dirais qu&rsquo;il reste le favori pour l&rsquo;US Open\u00a0\u00bb"},"content":{"rendered":"<p>Invit\u00e9 dans le podcast de l\u2019Open d\u2019Australie, Thanasi Kokkinakis \u00e9tait invit\u00e9 \u00e0 d\u00e9si\u00adgner son favori pour l\u2019US Open. Celui qui a un sommet en carri\u00e8re au 65e rang mondial fait de Jannik Sinner celui qui est le plus suscep\u00adtible de remporter le Grand Chelem new\u2010yorkais. Tout cela, en d\u00e9pit de son r\u00e9cent forfait en final du Masters 1000 de Cincinnati contre Carlos Alcaraz (5\u22120).<\/p>\n<p><strong>\u00ab\u202fJe ne pense pas que cela l\u2019af\u00adfec\u00adtera trop. C\u2019est \u00e9videm\u00adment d\u00e9ce\u00advant pour lui de sortir ainsi en finale. J\u2019ai vu qu\u2019Alexander Zverev \u00e9tait \u00e9gale\u00adment en diffi\u00adcult\u00e9 \u00e0 cause d\u2019une maladie. Je pense que la tourn\u00e9e nord\u2010am\u00e9ricaine est la plus diffi\u00adcile \u00e0 jouer. Il fait g\u00e9n\u00e9\u00adra\u00adle\u00adment autour de 35\u202f\u00b0C, mais l\u2019hu\u00admi\u00addit\u00e9 est tr\u00e8s \u00e9lev\u00e9e. Quand je jouais sur le circuit, c\u2019\u00e9tait toujours Washington, Cincinnati et New York qui \u00e9taient les endroits les plus diffi\u00adciles pour jouer. Il fait chaud en Australie, mais c\u2019est un peu plus sec, sauf \u00e0 Brisbane o\u00f9 l\u2019hu\u00admi\u00addit\u00e9 est un peu plus \u00e9lev\u00e9e. Mais la tourn\u00e9e nord\u2010am\u00e9ricaine vous \u00e9puise beau\u00adcoup plus, pour une raison ou une autre. Je pense que Carlos a eu un tirage au sort id\u00e9al en demi\u2010finale et en finale, mais je pense que Sinner va se ressourcer et revenir \u00e0 100\u202f%. Je dirais qu\u2019il reste le favori pour l\u2019US Open s\u2019il est en bonne\u00a0sant\u00e9\u202f\u00bb.<\/strong><\/p>\n<p class=\"post-published-date\" style=\"color: silver; font-size: 75%; text-align: left;\">Publi\u00e9 le jeudi 21 ao\u00fbt 2025 \u00e0 18:12<\/p>\n","protected":false},"excerpt":{"rendered":"Invit\u00e9 dans le podcast de l\u2019Open d\u2019Australie, Thanasi Kokkinakis \u00e9tait invit\u00e9 \u00e0 d\u00e9si\u00adgner son favori pour l\u2019US Open.&hellip;\n","protected":false},"author":2,"featured_media":20652,"comment_status":"","ping_status":"","sticky":false,"template":"","format":"standard","meta":{"footnotes":""},"categories":[1415],"tags":[1744,1011,27,2127,60,1467,4542],"class_list":{"0":"post-334347","1":"post","2":"type-post","3":"status-publish","4":"format-standard","5":"has-post-thumbnail","7":"category-tennis","8":"tag-alcaraz","9":"tag-fr","10":"tag-france","11":"tag-sinner","12":"tag-sports","13":"tag-tennis","14":"tag-zverev"},"share_on_mastodon":{"url":"https:\/\/pubeurope.com\/@fr\/115067804882956840","error":""},"_links":{"self":[{"href":"https:\/\/www.europesays.com\/fr\/wp-json\/wp\/v2\/posts\/334347","targetHints":{"allow":["GET"]}}],"collection":[{"href":"https:\/\/www.europesays.com\/fr\/wp-json\/wp\/v2\/posts"}],"about":[{"href":"https:\/\/www.europesays.com\/fr\/wp-json\/wp\/v2\/types\/post"}],"author":[{"embeddable":true,"href":"https:\/\/www.europesays.com\/fr\/wp-json\/wp\/v2\/users\/2"}],"replies":[{"embeddable":true,"href":"https:\/\/www.europesays.com\/fr\/wp-json\/wp\/v2\/comments?post=334347"}],"version-history":[{"count":0,"href":"https:\/\/www.europesays.com\/fr\/wp-json\/wp\/v2\/posts\/334347\/revisions"}],"wp:featuredmedia":[{"embeddable":true,"href":"https:\/\/www.europesays.com\/fr\/wp-json\/wp\/v2\/media\/20652"}],"wp:attachment":[{"href":"https:\/\/www.europesays.com\/fr\/wp-json\/wp\/v2\/media?parent=334347"}],"wp:term":[{"taxonomy":"category","embeddable":true,"href":"https:\/\/www.europesays.com\/fr\/wp-json\/wp\/v2\/categories?post=334347"},{"taxonomy":"post_tag","embeddable":true,"href":"https:\/\/www.europesays.com\/fr\/wp-json\/wp\/v2\/tags?post=334347"}],"curies":[{"name":"wp","href":"https:\/\/api.w.org\/{rel}","templated":true}]}}