{"id":334354,"date":"2025-08-21T16:59:09","date_gmt":"2025-08-21T16:59:09","guid":{"rendered":"https:\/\/www.europesays.com\/fr\/334354\/"},"modified":"2025-08-21T16:59:09","modified_gmt":"2025-08-21T16:59:09","slug":"psgj2-de-l1-presentation-des-trophees-hommage-a-donnarumma-la-soiree-de-vendredi-au-parc-des-princes-canal-supporters-psg-24-7","status":"publish","type":"post","link":"https:\/\/www.europesays.com\/fr\/334354\/","title":{"rendered":"PSG:J2 de L1, pr\u00e9sentation des troph\u00e9es, hommage \u00e0 Donnarumma &#8230; la soir\u00e9e de vendredi au Parc des Princes &#8211; Canal Supporters PSG 24-7"},"content":{"rendered":"<ol>\n<li><a href=\"https:\/\/news.google.com\/rss\/articles\/CBMiywFBVV95cUxNMXZfQ2taVFhaUGVDT3hNX1A1cTAtZ0dyUThxeS1jcmxQV1ZWQlZ6VVZhMjNmNk12czV6ZElXTFBmWFRQRVBPRUNEdi15cGxWTFJZb1R6S0Z0bHhCUW9mMG9samZSbjlzaDdVdktyS25MZlhfa3EtRHNoV0Q1YTN4Q254aXRfdVRmRmpscGV3N0Y2LVRTZTZrVWFhdExWNkNTWDBZNXBvR3Z1Y2ZxemNXQlRnSWo4NzNJeHZpN2dmbWF4NVhlajRiSU1NZ9IB0AFBVV95cUxOdklYNlRBakJPRm1lTXlsN1BRY1k4RHFWMHBMZ2RhWlpHOHI0bHdkNUVXSm1lN1E3UnhYcGFaUGYyNzBpVng2Uno1NnpCZ1lwMWtPS0lxOTBjZ3I0cjdqLTh6WjQ1Ni1HOWVrOVVYN3IxM0FDU3BYRzMwR2d2TUNHQ0xrb2RMVURwWHdsZ2YtWkVlanVBN2tBVUZrOXZGaU1kZzBFM0EteUgzU0tvMV8zT0FjOWFmcVRzUlhyVUJmVEFwNzNwZmM4dXUySlJPaEVD?oc=5\" target=\"_blank\" rel=\"nofollow noopener\">PSG:J2 de L1, pr\u00e9sentation des troph\u00e9es, hommage \u00e0 Donnarumma &#8230; la soir\u00e9e de vendredi au Parc des Princes<\/a>&nbsp;&nbsp;Canal Supporters PSG 24-7<\/li>\n<li><a href=\"https:\/\/news.google.com\/rss\/articles\/CBMivwFBVV95cUxQMVB0ek83SFhkWk9UbzhGY05qNGtMUjdpUEZ6WFo1eGhmQkxCV0FxV3JVaHdtR0pBY1didnVnOFlTdXhZN0dEcTR4MTA5TmpUdjROWDFON2tWbG90ckplVS1RZU95Ymt5M3Z2bjlZUFlFX2I5MjZvZlpmNHgzLTBlWXlVSkpZT29vcHhOVGJoWDJBT1pEbDBsUXM0bEQwampwX0o3enA0bHlVajJFaFhIcmpvTnBwREZCdWctb04zTQ?oc=5\" target=\"_blank\" rel=\"nofollow noopener\">Joao Neves revient dans le groupe du PSG face \u00e0 Angers, pas Senny Mayulu<\/a>&nbsp;&nbsp;L&rsquo;\u00c9quipe<\/li>\n<li><a href=\"https:\/\/news.google.com\/rss\/articles\/CBMi5wFBVV95cUxQWmRMUE9MMHp0T2N4bG5hTUNyX0JTaGVaS2lTcEpDanhzQkhGSHBFaUhmNTRQODBJLTdPdG1zam55eWhTZGRsb3BtZXpBSXROOC0wX1pjSTlnRjQxZjVnUjZ5NkQ1NnNGb0YxTmtVdkhjN3ZaWnlGMzNENERMMi1XSTRaQWlDaU1UZmtrNmtKMGdqdEZmTWtIWmhVY05sUWpRR0d6UlB3bXp1N1Z4SDJ2Y3lnV3FuemtKSkJpY2p5LVF1R0Zodi1QQkgyYm9zSWQwakRWcmFYc2FGYXhrSnFuM0ZCWThmeEU?oc=5\" target=\"_blank\" rel=\"nofollow noopener\">PSG: 500 membres du CUP en tribune Boulogne pour la r\u00e9ception d&rsquo;Angers<\/a>&nbsp;&nbsp;RMC Sport<\/li>\n<li><a href=\"https:\/\/news.google.com\/rss\/articles\/CBMiiAJBVV95cUxQR2xfby1hdWJDcTZWNEtTZFRKUHlhd055cld2aWphdlR3MWxlQW54SlVEaHIyX0ptTVRXZmlQTHFRcWFiazQtaHBlMUxzNkM0SWZGZlJpcjFCZURjM2ozRHB1RnVpWjZaTnRrcHZmSUZjR2MzUmxTa3gwM01TWHlTRlhMY3lrLVFJcC1TNEtIYm9QOFNlb0o5MndnRGtqQnQ0VzJPVUtxdHVlLUpyRGtNMDd3REc4SGRQcUY0NUdwdkNEYkdOSDZnX2RtX2hNa1QwVy1BenpNUE4zS3dfLWd2aXhzaDN4a2tRLU9oQ01Rb1ZCRG4ydFJsTnBVekQ1ZE43a1oyUE9wbE8?oc=5\" target=\"_blank\" rel=\"nofollow noopener\">Ligue 1 : le PSG va r\u00e9installer un groupe de supporters dans le virage Boulogne du Parc des Princes, une premi\u00e8re depuis 2010<\/a>&nbsp;&nbsp;France Info<\/li>\n<li><a href=\"https:\/\/news.google.com\/rss\/articles\/CBMixwFBVV95cUxPRUtZeXZLb0tmQ043ZFNPY1NSdWl1SUw4QWtfdzB0Qlp3QXFBcDRnRDAtOWFnemh0bE1neTFTTkViRUNiZ0xzczRiSTRIMVhKbExnLWlUbjk0a1dBTWo4SXVVNmNnNFJYSEF1U0NOblBVaThleG1kRkxlZXVhZmtDLXRPWld4ejV4Y2ZVYUp1RDgxZkNtVnpQNmswSjdKWlFCUkFLTUlDYVltOGFlOFRxN1hYUTN1cUNvTXZ4UUJqMzNaa1NhNHow?oc=5\" target=\"_blank\" rel=\"nofollow noopener\">PSG : Donnarumma et Kimpembe \u00e0 l\u2019entra\u00eenement avant la f\u00eate contre Angers<\/a>&nbsp;&nbsp;Le Figaro<\/li>\n<\/ol>\n","protected":false},"excerpt":{"rendered":"PSG:J2 de L1, pr\u00e9sentation des troph\u00e9es, hommage \u00e0 Donnarumma &#8230; la soir\u00e9e de vendredi au Parc des Princes&nbsp;&nbsp;Canal&hellip;\n","protected":false},"author":2,"featured_media":334355,"comment_status":"","ping_status":"","sticky":false,"template":"","format":"standard","meta":{"footnotes":""},"categories":[1410],"tags":[47157,81,13121,15186,63,1011,27,47158,91,92,93,60,96],"class_list":{"0":"post-334354","1":"post","2":"type-post","3":"status-publish","4":"format-standard","5":"has-post-thumbnail","7":"category-football","8":"tag-2e-journee-de-ligue-1","9":"tag-canal-supporters","10":"tag-donnarumma","11":"tag-donnarumma-psg","12":"tag-football","13":"tag-fr","14":"tag-france","15":"tag-j2-de-l1","16":"tag-paris-saint-germain","17":"tag-paris-sg","18":"tag-psg","19":"tag-sports","20":"tag-une"},"share_on_mastodon":{"url":"https:\/\/pubeurope.com\/@fr\/115067824688898706","error":""},"_links":{"self":[{"href":"https:\/\/www.europesays.com\/fr\/wp-json\/wp\/v2\/posts\/334354","targetHints":{"allow":["GET"]}}],"collection":[{"href":"https:\/\/www.europesays.com\/fr\/wp-json\/wp\/v2\/posts"}],"about":[{"href":"https:\/\/www.europesays.com\/fr\/wp-json\/wp\/v2\/types\/post"}],"author":[{"embeddable":true,"href":"https:\/\/www.europesays.com\/fr\/wp-json\/wp\/v2\/users\/2"}],"replies":[{"embeddable":true,"href":"https:\/\/www.europesays.com\/fr\/wp-json\/wp\/v2\/comments?post=334354"}],"version-history":[{"count":0,"href":"https:\/\/www.europesays.com\/fr\/wp-json\/wp\/v2\/posts\/334354\/revisions"}],"wp:featuredmedia":[{"embeddable":true,"href":"https:\/\/www.europesays.com\/fr\/wp-json\/wp\/v2\/media\/334355"}],"wp:attachment":[{"href":"https:\/\/www.europesays.com\/fr\/wp-json\/wp\/v2\/media?parent=334354"}],"wp:term":[{"taxonomy":"category","embeddable":true,"href":"https:\/\/www.europesays.com\/fr\/wp-json\/wp\/v2\/categories?post=334354"},{"taxonomy":"post_tag","embeddable":true,"href":"https:\/\/www.europesays.com\/fr\/wp-json\/wp\/v2\/tags?post=334354"}],"curies":[{"name":"wp","href":"https:\/\/api.w.org\/{rel}","templated":true}]}}