{"id":334359,"date":"2025-08-21T17:02:23","date_gmt":"2025-08-21T17:02:23","guid":{"rendered":"https:\/\/www.europesays.com\/fr\/334359\/"},"modified":"2025-08-21T17:02:23","modified_gmt":"2025-08-21T17:02:23","slug":"gabrielle-de-tournemire-laureate-2025-du-prix-envoye-par-la-poste","status":"publish","type":"post","link":"https:\/\/www.europesays.com\/fr\/334359\/","title":{"rendered":"Gabrielle de Tournemire, laur\u00e9ate 2025 du prix \u00ab Envoy\u00e9 par La Poste \u00bb"},"content":{"rendered":"<p>Le prix \u00ab Envoy\u00e9 par La Poste \u00bb 2025 revient \u00e0 la primoromanci\u00e8re <strong>Gabrielle de Tournemire<\/strong> pour Des enfants uniques, \u00e0 para\u00eetre\u00a0chez Flammarion le 27 ao\u00fbt. Il sera remis par <strong>Philippe Wahl<\/strong>, pr\u00e9sident du groupe La Poste, ce mardi 2 septembre.<\/p>\n<p>La distinction r\u00e9compense un ouvrage envoy\u00e9 pour parution aux \u00e9diteurs par voie postale. La laur\u00e9ate re\u00e7oit 2 500 euros et une commande de 600 exemplaires par la Fondation La Poste.<\/p>\n<p>Amour et handicap<\/p>\n<p>Des enfants uniques raconte l\u2019histoire d\u2019Hector et Luz, amoureux depuis l&rsquo;adolescence, qui affrontent les pr\u00e9jug\u00e9s en raison de leur handicap. Leur amour, redout\u00e9 par leurs familles et emp\u00each\u00e9 par la soci\u00e9t\u00e9, trouve pourtant sa voie gr\u00e2ce \u00e0 leur force et au soutien de Carlo, leur \u00e9ducateur. Ensemble, ils surmontent les obstacles et combattent le regard infantilisant des autres.<\/p>\n<p>Gabrielle de Tournemire est agr\u00e9g\u00e9e de lettres modernes et ancienne \u00e9l\u00e8ve de l\u2019\u00c9cole normale sup\u00e9rieure de Lyon. En 2021, elle passe une ann\u00e9e dans un foyer d\u2019h\u00e9bergement pour adultes en situation de handicap, qui lui inspire ce premier roman.<\/p>\n<p>Le jury, pr\u00e9sid\u00e9 par <strong>Olivier Poivre d\u2019Arvor<\/strong>, se compose de <strong>Dominique Blanchecotte<\/strong>, <strong>Diane Mazloum<\/strong>, <strong>Marie Llob\u00e8res<\/strong>, <strong>Christophe Ono-dit-Biot<\/strong>, <strong>Olivier Daguerre<\/strong>,<strong> Nicolas Jacky Le Duigou<\/strong>, et <a href=\"https:\/\/www.livreshebdo.fr\/article\/anatole-edouard-nicolo-remporte-la-10e-edition-du-prix-envoye-par-la-poste\" target=\"_blank\" rel=\"nofollow noopener\"><strong>Anatole Edouard Nicolo<\/strong>, laur\u00e9at 2024 pour \u00c0 l\u2019ombre des choses (Calmann-L\u00e9vy).<\/a><\/p>\n","protected":false},"excerpt":{"rendered":"Le prix \u00ab Envoy\u00e9 par La Poste \u00bb 2025 revient \u00e0 la primoromanci\u00e8re Gabrielle de Tournemire pour Des&hellip;\n","protected":false},"author":2,"featured_media":334360,"comment_status":"","ping_status":"","sticky":false,"template":"","format":"standard","meta":{"footnotes":""},"categories":[1357],"tags":[1379,58,59,1011,27,1380],"class_list":{"0":"post-334359","1":"post","2":"type-post","3":"status-publish","4":"format-standard","5":"has-post-thumbnail","7":"category-livres","8":"tag-books","9":"tag-divertissement","10":"tag-entertainment","11":"tag-fr","12":"tag-france","13":"tag-livres"},"share_on_mastodon":{"url":"https:\/\/pubeurope.com\/@fr\/115067836449119583","error":""},"_links":{"self":[{"href":"https:\/\/www.europesays.com\/fr\/wp-json\/wp\/v2\/posts\/334359","targetHints":{"allow":["GET"]}}],"collection":[{"href":"https:\/\/www.europesays.com\/fr\/wp-json\/wp\/v2\/posts"}],"about":[{"href":"https:\/\/www.europesays.com\/fr\/wp-json\/wp\/v2\/types\/post"}],"author":[{"embeddable":true,"href":"https:\/\/www.europesays.com\/fr\/wp-json\/wp\/v2\/users\/2"}],"replies":[{"embeddable":true,"href":"https:\/\/www.europesays.com\/fr\/wp-json\/wp\/v2\/comments?post=334359"}],"version-history":[{"count":0,"href":"https:\/\/www.europesays.com\/fr\/wp-json\/wp\/v2\/posts\/334359\/revisions"}],"wp:featuredmedia":[{"embeddable":true,"href":"https:\/\/www.europesays.com\/fr\/wp-json\/wp\/v2\/media\/334360"}],"wp:attachment":[{"href":"https:\/\/www.europesays.com\/fr\/wp-json\/wp\/v2\/media?parent=334359"}],"wp:term":[{"taxonomy":"category","embeddable":true,"href":"https:\/\/www.europesays.com\/fr\/wp-json\/wp\/v2\/categories?post=334359"},{"taxonomy":"post_tag","embeddable":true,"href":"https:\/\/www.europesays.com\/fr\/wp-json\/wp\/v2\/tags?post=334359"}],"curies":[{"name":"wp","href":"https:\/\/api.w.org\/{rel}","templated":true}]}}