{"id":334361,"date":"2025-08-21T17:03:19","date_gmt":"2025-08-21T17:03:19","guid":{"rendered":"https:\/\/www.europesays.com\/fr\/334361\/"},"modified":"2025-08-21T17:03:19","modified_gmt":"2025-08-21T17:03:19","slug":"lincroyable-fait-divers-qui-a-inspire-lepisode-diffuse-ce-jeudi-21-aout-2025","status":"publish","type":"post","link":"https:\/\/www.europesays.com\/fr\/334361\/","title":{"rendered":"L&rsquo;incroyable fait divers qui a inspir\u00e9 l&rsquo;\u00e9pisode diffus\u00e9 ce jeudi 21 ao\u00fbt 2025"},"content":{"rendered":"<p>France 3 propose, ce jeudi 21 ao\u00fbt, de revoir Mauvais sang, \u00e9pisode de la s\u00e9rie port\u00e9e par Samuel Le Bihan Alex Hugo et qui \u00e9voque la qu\u00eate d&rsquo;identit\u00e9, un th\u00e8me r\u00e9current dans la s\u00e9rie, et s&rsquo;inspire d&rsquo;un fait divers. D\u00e9couvrez de quelle affaire il s&rsquo;agit.<\/p>\n<p>En attendant le retour des in\u00e9dits d\u2019<b>Alex Hugo,<\/b> le flic \u00e9colo incarn\u00e9 par Samuel Le Bihan, France 3 continue sa ronde des rediffusions ce jeudi 21 ao\u00fbt 2025, avec l&rsquo;\u00e9pisode Mauvais sang.<a href=\"https:\/\/www.programme-tv.net\/news\/series-tv\/259851-samuel-le-bihan-alex-hugo-raconte-laccident-survenu-dans-son-enfance-cest-pour-ca-que-jai-parfois-du-mal-a-articuler\/\" data-api-deeplink=\"teleloisirs:\/\/news\/259851\" target=\"_blank\" rel=\"noopener\"> <\/a>M\u00eame s\u2019il ne s\u2019agit pas d\u2019une nouvelle intrigue, les inconditionnels de la s\u00e9rie seront malgr\u00e9 tout ravis de retrouver la brigade de la police rurale de <a href=\"https:\/\/www.programme-tv.net\/news\/series-tv\/323608-alex-hugo-le-village-et-la-vallee-de-lusagne-existent-ils\/\" data-api-deeplink=\"teleloisirs:\/\/news\/323608\" target=\"_blank\" rel=\"noopener\">Lusagne<\/a> au complet puisqu\u2019\u00e0 cette \u00e9poque, <a href=\"https:\/\/www.programme-tv.net\/news\/series-tv\/324164-alex-hugo-france-3-lionnel-astier-explique-pourquoi-il-a-quitte-la-serie-avec-samuel-le-bihan\/\" data-api-deeplink=\"teleloisirs:\/\/news\/324164\" target=\"_blank\" rel=\"noopener\">Angelo (Lionnel Astier) \u00e9tait encore de la partie.<\/a> Ensemble ils vont enqu\u00eater sur une affaire inspir\u00e9e d\u2019un fait divers, comme nous l\u2019avait r\u00e9v\u00e9l\u00e9 Samuel Le Bihan, rencontr\u00e9 en octobre\u00a02022 \u00e0 l\u2019occasion de la premi\u00e8re diffusion de <a href=\"https:\/\/www.programme-tv.net\/news\/series-tv\/312264-alex-hugo-faut-il-regarder-l-episode-diffuse-ce-mardi-26-mars-de-la-serie-avec-samuel-le-bihan-notre-avis\/\" data-api-deeplink=\"teleloisirs:\/\/news\/312264\" target=\"_blank\" rel=\"noopener\">cet \u00e9pisode (notre avis). <\/a><\/p>\n<p>Alex Hugo\u00a0: L&rsquo;incroyable fait divers qui a inspir\u00e9 l&rsquo;\u00e9pisode diffus\u00e9 ce jeudi 21 ao\u00fbt 2025<\/p>\n<p>Direction Lusagne donc o\u00f9 un jeune homme r\u00e9appara\u00eet aussi soudainement qu\u2019il avait disparu sept ans auparavant, et r\u00e9int\u00e8gre tranquillement sa famille, heureuse de ce retour inesp\u00e9r\u00e9. \u00c0 travers cette usurpation, cette histoire \u00e9voque la qu\u00eate d\u2019identit\u00e9, un th\u00e8me r\u00e9guli\u00e8rement abord\u00e9 dans la s\u00e9rie et une intrigue qui fait \u00e9cho \u00e0 la r\u00e9alit\u00e9. \u00ab\u00a0Cet \u00e9pisode [Mauvais sang] est inspir\u00e9 d\u2019un fait divers am\u00e9ricain, dont <a href=\"https:\/\/www.programme-tv.net\/biographie\/1471-salome-jean-paul\/\" data-link-people=\"911c32b5-dd78-42e2-8123-1feecf716020\" target=\"_blank\" rel=\"noopener\">Jean-Paul Salom\u00e9<\/a> avait fait un film, Le Cam\u00e9l\u00e9on [sorti en 2010, ndlr]\u00a0\u00bb, indiquait Samuel Le Bihan au moment de la diffusion de cette histoire. L\u2019affaire en question d\u00e9bute dans les ann\u00e9es 1990, quand Fr\u00e9d\u00e9ric Bourdin, baptis\u00e9 Le Cam\u00e9l\u00e9on, commence \u00e0 se prendre pour Michael T. Weiss dans la s\u00e9rie Le Cam\u00e9l\u00e9on. En effet, ce Fran\u00e7ais n\u00e9 en 1974, a usurp\u00e9 l\u2019identit\u00e9 de deux enfants disparus, \u00e0 Grenoble et au Texas, et s\u2019est invent\u00e9 plusieurs autres profils \u00e0 travers le monde avant de se ranger des voitures apr\u00e8s quinze ans d&rsquo;activit\u00e9 frauduleuse.<\/p>\n<p>                        Alex Hugo : La r\u00e9alit\u00e9 est une source tristement intarissable d\u2019histoires glauques<\/p>\n<p>Cin\u00e9ma, t\u00e9l\u00e9vision ou litt\u00e9rature, il est fr\u00e9quent \u2013 que les auteurs s\u2019inspirent de la r\u00e9alit\u00e9 \u2013 tristement foisonnante \u2013 pour imaginer leurs intrigues. Soit les fictions se veulent des adaptations de faits divers comme pour <a href=\"https:\/\/www.programme-tv.net\/news\/series-tv\/340877-sambre-limpensable-scene-choc-du-portrait-robot-du-violeur-de-la-sambre-a-t-elle-reellement-eu-lieu\/\" data-api-deeplink=\"teleloisirs:\/\/news\/340877\" target=\"_blank\" rel=\"noopener\">Sambre qui revenait sur le violeur en s\u00e9rie Dino Scala<\/a>, <a href=\"https:\/\/www.programme-tv.net\/news\/series-tv\/344170-tout-pour-agnes-lhistoire-vraie-troublante-qui-a-inspire-la-nouvelle-serie-avec-michele-laroque-et-yannick-choirat\/\" data-api-deeplink=\"teleloisirs:\/\/news\/344170\" target=\"_blank\" rel=\"noopener\">Tout pour Agn\u00e8s et la disparition d\u2019Agn\u00e8s Le Roux<\/a>, du <a href=\"https:\/\/www.programme-tv.net\/news\/series-tv\/262092-le-mensonge-lhistoire-vraie-de-christian-iacono-dont-est-adaptee-la-serie-francaise-avec-daniel-auteuil-diffusee-ce-mercredi-7-aout-2024\/\" data-api-deeplink=\"teleloisirs:\/\/news\/262092\" target=\"_blank\" rel=\"noopener\">Mensonge qui mettait en sc\u00e8ne l\u2019affaire Lacono<\/a><a href=\"https:\/\/www.programme-tv.net\/news\/series-tv\/323735-le-mensonge-france-3-faut-il-regarder-la-serie-avec-daniel-auteuil-diffusee-ce-jeudi-30-mars-notre-avis\/\" data-api-deeplink=\"teleloisirs:\/\/news\/323735\" target=\"_blank\" rel=\"noopener\">\u2026<\/a> Soit les sc\u00e9naristes en font un point de d\u00e9part, comme c\u2019est souvent le cas dans la s\u00e9rie am\u00e9ricaine <a href=\"https:\/\/www.programme-tv.net\/news\/tv\/18613-l-affaire-dsk-inspire-new-york-unite-speciale\/\" data-api-deeplink=\"teleloisirs:\/\/news\/18613\" target=\"_blank\" rel=\"noopener\">New York, unit\u00e9 sp\u00e9ciale, dont un \u00e9pisode est notamment inspir\u00e9 de l&rsquo;affaire DSK.<\/a><\/p>\n","protected":false},"excerpt":{"rendered":"France 3 propose, ce jeudi 21 ao\u00fbt, de revoir Mauvais sang, \u00e9pisode de la s\u00e9rie port\u00e9e par Samuel&hellip;\n","protected":false},"author":2,"featured_media":334362,"comment_status":"","ping_status":"","sticky":false,"template":"","format":"standard","meta":{"footnotes":""},"categories":[1356],"tags":[47159,47160,244,58,59,1011,27,876,38639,252,1364],"class_list":{"0":"post-334361","1":"post","2":"type-post","3":"status-publish","4":"format-standard","5":"has-post-thumbnail","7":"category-television","8":"tag-alex-hugo-25102022-211000-france-3-haute-normandie","9":"tag-alex-hugo-25102022-224000-france-3-bourgogne","10":"tag-commentaire","11":"tag-divertissement","12":"tag-entertainment","13":"tag-fr","14":"tag-france","15":"tag-france-3","16":"tag-samuel-le-bihan","17":"tag-television","18":"tag-tv"},"share_on_mastodon":{"url":"https:\/\/pubeurope.com\/@fr\/115067841014788724","error":""},"_links":{"self":[{"href":"https:\/\/www.europesays.com\/fr\/wp-json\/wp\/v2\/posts\/334361","targetHints":{"allow":["GET"]}}],"collection":[{"href":"https:\/\/www.europesays.com\/fr\/wp-json\/wp\/v2\/posts"}],"about":[{"href":"https:\/\/www.europesays.com\/fr\/wp-json\/wp\/v2\/types\/post"}],"author":[{"embeddable":true,"href":"https:\/\/www.europesays.com\/fr\/wp-json\/wp\/v2\/users\/2"}],"replies":[{"embeddable":true,"href":"https:\/\/www.europesays.com\/fr\/wp-json\/wp\/v2\/comments?post=334361"}],"version-history":[{"count":0,"href":"https:\/\/www.europesays.com\/fr\/wp-json\/wp\/v2\/posts\/334361\/revisions"}],"wp:featuredmedia":[{"embeddable":true,"href":"https:\/\/www.europesays.com\/fr\/wp-json\/wp\/v2\/media\/334362"}],"wp:attachment":[{"href":"https:\/\/www.europesays.com\/fr\/wp-json\/wp\/v2\/media?parent=334361"}],"wp:term":[{"taxonomy":"category","embeddable":true,"href":"https:\/\/www.europesays.com\/fr\/wp-json\/wp\/v2\/categories?post=334361"},{"taxonomy":"post_tag","embeddable":true,"href":"https:\/\/www.europesays.com\/fr\/wp-json\/wp\/v2\/tags?post=334361"}],"curies":[{"name":"wp","href":"https:\/\/api.w.org\/{rel}","templated":true}]}}