{"id":334363,"date":"2025-08-21T17:04:12","date_gmt":"2025-08-21T17:04:12","guid":{"rendered":"https:\/\/www.europesays.com\/fr\/334363\/"},"modified":"2025-08-21T17:04:12","modified_gmt":"2025-08-21T17:04:12","slug":"serj-tankian-parle-de-letat-actuel-de-system-of-a-down","status":"publish","type":"post","link":"https:\/\/www.europesays.com\/fr\/334363\/","title":{"rendered":"Serj Tankian parle de l\u2019\u00e9tat actuel de System Of A Down"},"content":{"rendered":"<p><strong><a href=\"https:\/\/www.metalzone.fr\/serj-tankian\/\" rel=\"nofollow noopener\" target=\"_blank\">Serj Tankian<\/a> assure que <a href=\"https:\/\/www.metalzone.fr\/system-of-a-down\/\" rel=\"nofollow noopener\" target=\"_blank\">System Of A Down<\/a> traverse une p\u00e9riode positive : les musiciens profitent pleinement de leurs moments pass\u00e9s ensemble, sur sc\u00e8ne comme en dehors, malgr\u00e9 l\u2019absence persistante de nouvel album.<\/strong><\/p>\n<p>System Of A Down profite de sa complicit\u00e9 retrouv\u00e9e<\/p>\n<p>Invit\u00e9 de l\u2019\u00e9mission Trunk Nation With Eddie Trunk, Tankian a confi\u00e9 que le groupe vit une phase unique de son histoire. Le chanteur, qui avait connu des soucis de sant\u00e9 ayant frein\u00e9 ses tourn\u00e9es, affirme aujourd\u2019hui se sentir mieux que jamais : \u201cJe suis dans une grande forme, physiquement et mentalement \u2014 nous le sommes tous. Nous appr\u00e9cions vraiment la compagnie les uns des autres et nous passons de tr\u00e8s bons moments ensemble\u201d, a-t-il d\u00e9clar\u00e9 (via <a href=\"https:\/\/blabbermouth.net\/news\/serj-tankian-on-system-of-a-down-were-really-enjoying-each-others-company-and-having-a-great-time\" target=\"_blank\" rel=\"nofollow noopener\">Blabbermouth<\/a>).<\/p>\n<p>Ces propos confirment que les liens entre les membres du groupe demeurent solides. Daron Malakian avait lui-m\u00eame rappel\u00e9 r\u00e9cemment qu\u2019il n\u2019avait jamais envisag\u00e9 de remplacer Tankian, estimant que System Of A Down ne pouvait exister qu\u2019avec sa formation d\u2019origine, comme expliqu\u00e9 <a href=\"https:\/\/www.metalzone.fr\/news\/218761-system-of-a-down-daron-malakian-pourquoi-groupe-jamais-remplace-serj-tankian\/\" target=\"_blank\" rel=\"noopener nofollow\">ici<\/a>.<\/p>\n<p>Des divergences uniquement cr\u00e9atives<\/p>\n<p>Tankian a insist\u00e9 sur le fait que les d\u00e9saccords internes ne rel\u00e8vent pas de conflits personnels. Selon lui, les tensions viennent uniquement de diff\u00e9rences de vision artistique : \u201cNos divergences ont toujours \u00e9t\u00e9 cr\u00e9atives. Nous nous aimons et nous nous respectons, et c\u2019est plus vrai que jamais aujourd\u2019hui\u201d, a-t-il affirm\u00e9. Une position qui rejoint ses pr\u00e9c\u00e9dentes explications sur la n\u00e9cessit\u00e9 d\u2019une vision commune pour envisager un nouvel album, un point d\u00e9j\u00e0 soulev\u00e9 <a href=\"https:\/\/www.metalzone.fr\/news\/219265-daron-malakian-defend-choix-creatifs-system-of-a-down\/\" target=\"_blank\" rel=\"noopener nofollow\">dans cet article<\/a>.<\/p>\n<p>Alors que John Dolmayan a r\u00e9cemment sugg\u00e9r\u00e9 une m\u00e9thode pour relancer le travail en studio, d\u00e9taill\u00e9e <a href=\"https:\/\/www.metalzone.fr\/news\/218310-album-2027-john-dolmayan-methode-sauver-system-of-a-down\/\" target=\"_blank\" rel=\"noopener nofollow\">dans ce pr\u00e9c\u00e9dent papier<\/a>, Tankian pr\u00e9f\u00e8re pour l\u2019instant se concentrer sur ses projets personnels, tout en profitant des concerts \u00e0 venir en Am\u00e9rique du Nord avec ses camarades.<\/p>\n","protected":false},"excerpt":{"rendered":"Serj Tankian assure que System Of A Down traverse une p\u00e9riode positive : les musiciens profitent pleinement de&hellip;\n","protected":false},"author":2,"featured_media":334364,"comment_status":"","ping_status":"","sticky":false,"template":"","format":"standard","meta":{"footnotes":""},"categories":[1355],"tags":[58,59,1011,27,1361,873],"class_list":{"0":"post-334363","1":"post","2":"type-post","3":"status-publish","4":"format-standard","5":"has-post-thumbnail","7":"category-musique","8":"tag-divertissement","9":"tag-entertainment","10":"tag-fr","11":"tag-france","12":"tag-music","13":"tag-musique"},"share_on_mastodon":{"url":"https:\/\/pubeurope.com\/@fr\/115067844436515957","error":""},"_links":{"self":[{"href":"https:\/\/www.europesays.com\/fr\/wp-json\/wp\/v2\/posts\/334363","targetHints":{"allow":["GET"]}}],"collection":[{"href":"https:\/\/www.europesays.com\/fr\/wp-json\/wp\/v2\/posts"}],"about":[{"href":"https:\/\/www.europesays.com\/fr\/wp-json\/wp\/v2\/types\/post"}],"author":[{"embeddable":true,"href":"https:\/\/www.europesays.com\/fr\/wp-json\/wp\/v2\/users\/2"}],"replies":[{"embeddable":true,"href":"https:\/\/www.europesays.com\/fr\/wp-json\/wp\/v2\/comments?post=334363"}],"version-history":[{"count":0,"href":"https:\/\/www.europesays.com\/fr\/wp-json\/wp\/v2\/posts\/334363\/revisions"}],"wp:featuredmedia":[{"embeddable":true,"href":"https:\/\/www.europesays.com\/fr\/wp-json\/wp\/v2\/media\/334364"}],"wp:attachment":[{"href":"https:\/\/www.europesays.com\/fr\/wp-json\/wp\/v2\/media?parent=334363"}],"wp:term":[{"taxonomy":"category","embeddable":true,"href":"https:\/\/www.europesays.com\/fr\/wp-json\/wp\/v2\/categories?post=334363"},{"taxonomy":"post_tag","embeddable":true,"href":"https:\/\/www.europesays.com\/fr\/wp-json\/wp\/v2\/tags?post=334363"}],"curies":[{"name":"wp","href":"https:\/\/api.w.org\/{rel}","templated":true}]}}