{"id":334365,"date":"2025-08-21T17:05:14","date_gmt":"2025-08-21T17:05:14","guid":{"rendered":"https:\/\/www.europesays.com\/fr\/334365\/"},"modified":"2025-08-21T17:05:14","modified_gmt":"2025-08-21T17:05:14","slug":"la-suite-va-arriver-plus-vite-quon-ne-le-croit-selon-james-gunn","status":"publish","type":"post","link":"https:\/\/www.europesays.com\/fr\/334365\/","title":{"rendered":"la suite va arriver plus vite qu&rsquo;on ne le croit, selon James Gunn"},"content":{"rendered":"<p><strong>Le <a href=\"https:\/\/www.ecranlarge.com\/films\/1465753-superman-legacy\" data-type=\"films\" data-id=\"795512\" rel=\"nofollow noopener\" target=\"_blank\">Superman<\/a> de <a href=\"https:\/\/www.ecranlarge.com\/personnalite\/652864-james-gunn-ii\" data-type=\"people\" data-id=\"304984\" rel=\"nofollow noopener\" target=\"_blank\">James Gunn<\/a> n\u2019a m\u00eame pas encore eu le temps de plier sa cape que le r\u00e9alisateur veut la ressortir tr\u00e8s vite.<\/strong><\/p>\n<p>DC a du pain sur la planche, comme d\u2019habitude. Si la saison 2 de <strong><a href=\"https:\/\/www.ecranlarge.com\/series\/1356518-peacemaker\" data-type=\"series\" data-id=\"695682\" rel=\"nofollow noopener\" target=\"_blank\">Peacemaker<\/a><\/strong> sort ces jours-ci, on ne peut pas en dire autant de <strong><a href=\"https:\/\/www.ecranlarge.com\/films\/1429261-the-batman-2\" data-type=\"films\" data-id=\"692306\" rel=\"nofollow noopener\" target=\"_blank\">The Batman 2<\/a><\/strong>, que les fans du <strong><a href=\"https:\/\/www.ecranlarge.com\/films\/964671-the-batman\" data-type=\"films\" data-id=\"685419\" rel=\"nofollow noopener\" target=\"_blank\">The Batman<\/a><\/strong> de Matt Reeves attendent comme le messie depuis trois ans. Le film devrait sortir en salles le 29 septembre 2027, s\u2019il n\u2019est pas (encore) repouss\u00e9. Pourtant, maintenant que James Gunn a fait mouche avec son <strong>Superman<\/strong>, il se pourrait bien que le super-h\u00e9ros camp\u00e9 par <strong><a href=\"https:\/\/www.ecranlarge.com\/personnalite\/1111426-david-corenswet\" data-type=\"people\" data-id=\"507996\" rel=\"nofollow noopener\" target=\"_blank\">David Corenswet<\/a> grille la priorit\u00e9 \u00e0 Robert Pattinson et devienne<\/strong> <strong>la nouvelle grande priorit\u00e9 de DC<\/strong>.<\/p>\n<p>                    <img decoding=\"async\" alt=\"\" class=\"wp-image-518375\" style=\"object-fit:cover;width:25px;height:25px\" src=\"https:\/\/www.ecranlarge.com\/content\/uploads\/2023\/09\/arrow-right-circle.svg\"\/><\/p>\n<p>Et c\u2019est normal, puisque le film, sorti en salles d\u00e9but juillet, a marqu\u00e9 de son succ\u00e8s plut\u00f4t honorable (600 millions r\u00e9colt\u00e9s \u00e0 travers le monde pour un budget de 225 millions) le renouveau du studio \u00e0 travers la nouvelle pr\u00e9sidence de James Gunn. Si l\u2019arriv\u00e9e prochaine d\u2019une suite ne fait donc plus de doute, le r\u00e9alisateur et producteur a expliqu\u00e9 qu\u2019<strong>elle devrait m\u00eame arriver plus vite qu\u2019on ne le pense<\/strong>.<\/p>\n<p><a href=\"https:\/\/www.ecranlarge.com\/content\/uploads\/2025\/07\/9icfrkeplkgtkzfrya855vvulmm.jpg\" rel=\"nofollow noopener\" target=\"_blank\"><\/p>\n<p><img loading=\"lazy\" decoding=\"async\" alt=\"david corenswet\" src=\"https:\/\/www.europesays.com\/fr\/wp-content\/uploads\/2025\/07\/9icfrkeplkgtkzfrya855vvulmm-1260x709.jpg\" width=\"1260\" height=\"709\"  \/><\/p>\n<p><\/a>Il faut d\u00e9j\u00e0 s\u2019y remettreSuperman a super h\u00e2te<\/p>\n<p>Au micro du podcast I Think You\u2019re Overthinking It, James Gunn a eu l\u2019occasion de s\u2019exprimer sur l\u2019avenir des projets DC, au-del\u00e0 de <strong>Supergirl<\/strong> et <strong>Clayface<\/strong> pr\u00e9vus pour 2026. Et le moins qu\u2019on puisse dire, c\u2019est qu\u2019ils sont nombreux. Sans compter <strong>The Batman<\/strong> et <strong>Superman<\/strong>, le r\u00e9alisateur a fait le point :<\/p>\n<blockquote class=\"wp-block-quote is-layout-flow wp-block-quote-is-layout-flow\">\n<p><strong>\u201cOn a le projet The Brave and the Bold qui se porte bien, Wonder Woman, Paradise Lost et Booster Gold. Toutes ces choses sont en cours. Certains projets ont un peu d\u00e9vi\u00e9, comme The Authority, mais la plupart d\u2019entre eux sont sur les rails. Cela dit, aucun ne sera fait tant qu\u2019il n\u2019y aura pas un sc\u00e9nario qui me pla\u00eet.\u201d<\/strong><\/p>\n<\/blockquote>\n<p>\u00c7a en fait, du super-h\u00e9ros dans les cartons. Gunn \u00e9voque notamment le film <strong>Batman : The Brave and the Bold<\/strong>, qui devrait \u00eatre r\u00e9alis\u00e9 par Andy Muschietti, et les projets de s\u00e9rie <strong>Paradise Lost<\/strong> (tir\u00e9 de l\u2019univers <strong>Wonder Woman<\/strong>) et <strong>Booster Gold<\/strong> (consacr\u00e9e au h\u00e9ros du m\u00eame nom).<\/p>\n<p><a href=\"https:\/\/www.ecranlarge.com\/content\/uploads\/2025\/07\/jbvgb3wxouuhxldh0bsjy7coitt.jpg\" rel=\"nofollow noopener\" target=\"_blank\"><\/p>\n<p><img loading=\"lazy\" decoding=\"async\" alt=\"david corenswet superman\" src=\"https:\/\/www.europesays.com\/fr\/wp-content\/uploads\/2025\/07\/jbvgb3wxouuhxldh0bsjy7coitt-1260x709.jpg\" width=\"1260\" height=\"709\"  \/><\/p>\n<p><\/a>Reconstruire sur les ruines du DCU<\/p>\n<p>Mais comme le pr\u00e9cise Gunn, si ces projets avancent, aucune cam\u00e9ra ne tournera tant qu\u2019un sc\u00e9nario satisfaisant ne sera pas valid\u00e9 par lui-m\u00eame. C\u2019est pourquoi <strong>le champ est \u00e0 peu pr\u00e8s libre pour penser \u00e0 la suite de Superman<\/strong> (qui ne sera pas vraiment <strong>Superman 2<\/strong>, mais un film sur la Super-family), et selon le r\u00e9alisateur, elle pourrait passer en pole position des films DC \u00e0 venir :<\/p>\n<blockquote class=\"wp-block-quote is-layout-flow wp-block-quote-is-layout-flow\">\n<p><strong>\u201cIl est probable que notre prochain film soit la suite de Superman. Sans pouvoir donner trop de d\u00e9tails, je pense que c\u2019est sans doute le prochain film qu\u2019on va faire. Enfin, avec un peu de chance, on fera The Batman 2 avant, et apr\u00e8s ce sera Superman. Ensuite, on a une autre s\u00e9rie, dont personne ne sait rien, qui arrivera.\u201d<\/strong><\/p>\n<\/blockquote>\n<p>Faut-il donc ajouter encore un autre projet de s\u00e9rie \u00e0 ceux d\u00e9j\u00e0 cit\u00e9s ? Un projet dont le sc\u00e9nario aurait bien \u00e9t\u00e9 valid\u00e9 ? Pour l\u2019instant, l\u2019info reste secr\u00e8te. Mais pour ce qui est de <strong>Superman 2<\/strong>, James Gunn parle bien de lancer la machine avant tout autre film, si ce n\u2019est <strong>The Batman 2<\/strong> (et encore, s\u2019il se d\u00e9p\u00eache). Dans la temporalit\u00e9 des blockbusters super-h\u00e9ro\u00efques, \u00e7a veut dire que la prochaine aventure de l\u2019homme au slip rouge devrait \u00eatre mise en branle tr\u00e8s (tr\u00e8s) bient\u00f4t. En attendant, <strong>rendez-vous sur HBO Max pour d\u00e9guster la saison 2 de<\/strong> <strong>Peacemaker<\/strong>.\u00a0\u00a0<\/p>\n","protected":false},"excerpt":{"rendered":"Le Superman de James Gunn n\u2019a m\u00eame pas encore eu le temps de plier sa cape que le&hellip;\n","protected":false},"author":2,"featured_media":334366,"comment_status":"","ping_status":"","sticky":false,"template":"","format":"standard","meta":{"footnotes":""},"categories":[1354],"tags":[58,59,1346,1011,27,1360],"class_list":{"0":"post-334365","1":"post","2":"type-post","3":"status-publish","4":"format-standard","5":"has-post-thumbnail","7":"category-films","8":"tag-divertissement","9":"tag-entertainment","10":"tag-films","11":"tag-fr","12":"tag-france","13":"tag-movies"},"share_on_mastodon":{"url":"https:\/\/pubeurope.com\/@fr\/115067848310712987","error":""},"_links":{"self":[{"href":"https:\/\/www.europesays.com\/fr\/wp-json\/wp\/v2\/posts\/334365","targetHints":{"allow":["GET"]}}],"collection":[{"href":"https:\/\/www.europesays.com\/fr\/wp-json\/wp\/v2\/posts"}],"about":[{"href":"https:\/\/www.europesays.com\/fr\/wp-json\/wp\/v2\/types\/post"}],"author":[{"embeddable":true,"href":"https:\/\/www.europesays.com\/fr\/wp-json\/wp\/v2\/users\/2"}],"replies":[{"embeddable":true,"href":"https:\/\/www.europesays.com\/fr\/wp-json\/wp\/v2\/comments?post=334365"}],"version-history":[{"count":0,"href":"https:\/\/www.europesays.com\/fr\/wp-json\/wp\/v2\/posts\/334365\/revisions"}],"wp:featuredmedia":[{"embeddable":true,"href":"https:\/\/www.europesays.com\/fr\/wp-json\/wp\/v2\/media\/334366"}],"wp:attachment":[{"href":"https:\/\/www.europesays.com\/fr\/wp-json\/wp\/v2\/media?parent=334365"}],"wp:term":[{"taxonomy":"category","embeddable":true,"href":"https:\/\/www.europesays.com\/fr\/wp-json\/wp\/v2\/categories?post=334365"},{"taxonomy":"post_tag","embeddable":true,"href":"https:\/\/www.europesays.com\/fr\/wp-json\/wp\/v2\/tags?post=334365"}],"curies":[{"name":"wp","href":"https:\/\/api.w.org\/{rel}","templated":true}]}}