{"id":334371,"date":"2025-08-21T17:08:11","date_gmt":"2025-08-21T17:08:11","guid":{"rendered":"https:\/\/www.europesays.com\/fr\/334371\/"},"modified":"2025-08-21T17:08:11","modified_gmt":"2025-08-21T17:08:11","slug":"charles-consigny-remplace-alain-duhamel-sur-bfmtv","status":"publish","type":"post","link":"https:\/\/www.europesays.com\/fr\/334371\/","title":{"rendered":"Charles Consigny remplace Alain Duhamel sur BFMTV"},"content":{"rendered":"<p><strong>INFO TV MAGAZINE &#8211; <\/strong>Le chroniqueur des \u00abGrandes Gueules\u00bb m\u00e8nera un entretien face \u00e0 une personnalit\u00e9 politique du lundi au jeudi sur la cha\u00eene d\u2019information du groupe CMA CGM.<\/p>\n<p class=\"fig-paragraph\">D\u00e9fendre, puis attaquer. Une mission, mais surtout une vocation qui guide l\u2019existence de\u00a0<a href=\"http:\/\/www.lefigaro.fr\/lefigaromagazine\/charles-consigny-jordan-bardella-ressemble-a-un-personnage-de-serie-netflix-20241108\" target=\"_blank\" data-fig-type=\"Article\" rel=\"noopener\" data-gtm-custom-categorie=\"navigation\" data-gtm-custom-action=\"crossclick\" data-gtm-custom-label=\"Contextuel\" data-gtm-event=\"customEventSPE\" data-fig-domain=\"LEFIGARO\"><strong>Charles Consigny<\/strong><\/a> . Coqueluche des m\u00e9dias, l\u2019avocat catapulte au visage de ses contradicteurs les id\u00e9es qui lui sont ch\u00e8res, dans des plaidoyers corrosifs dont lui seul a le secret. \u00c0 partir de ce lundi 25 ao\u00fbt, le juriste d\u00e9fendra cette fois-ci son propre rendez-vous baptis\u00e9 <strong>\u00ab Sign\u00e9 Consigny\u00a0\u00bb<\/strong>.<\/p>\n<p class=\"fig-paragraph\">Cette s\u00e9quence, programm\u00e9e du lundi au jeudi \u00e0 18h30 sur BFMTV, s\u2019int\u00e9grera dans la tranche d\u2019Alain Marschall et Olivier Truchot,\u00a0<a href=\"https:\/\/tvmag.lefigaro.fr\/programme-tv\/programme\/bfm-story-d2008071418\" target=\"_blank\" rel=\"noopener\" data-gtm-custom-categorie=\"navigation\" data-gtm-custom-action=\"crossclick\" data-gtm-custom-label=\"Contextuel\" data-gtm-event=\"customEventSPE\"><strong>\u00ab BFM Story\u00a0\u00bb<\/strong><\/a> . Il succ\u00e8de ainsi \u00e0 Alain Duhamel qui, \u00e0 l\u2019\u00e2ge de 85 ans, a d\u00e9cid\u00e9 de lever le pied. \u00ab C\u2019est un honneur pour moi de succ\u00e9der \u00e0 cet homme pour qui j\u2019ai beaucoup de respect et d\u2019estime. C\u2019est une belle marque de confiance de la cha\u00eene\u00a0\u00bb, affirme Charles Consigny, dont les prises de position peuvent parfois susciter la controverse.<\/p>\n<p class=\"fig-body-link\">\n            \u00c0 lire aussi<br \/>\n        <a class=\"fig-body-link__link fig-premium-mark\" href=\"http:\/\/www.lefigaro.fr\/actualite-france\/eugenie-bastie-et-charles-consigny-les-classes-moyennes-et-superieures-paient-pour-tout-le-monde-et-parfois-deux-fois-plus-20250711\" target=\"_blank\" data-fig-type=\"Article\" rel=\"noopener\" data-gtm-custom-categorie=\"navigation\" data-gtm-custom-action=\"crossclick\" data-gtm-custom-label=\"Contextuel\" data-gtm-event=\"customEventSPE\" data-fig-domain=\"LEFIGARO\">Eug\u00e9nie Basti\u00e9 et Charles Consigny: \u00abLes classes moyennes et sup\u00e9rieures paient pour tout le monde et parfois deux fois plus\u00bb<br \/>\n    <\/a>\n<\/p>\n<blockquote class=\"fig-quote&#10;    \">\n<p class=\"fig-quote__text\">\u00ab Je n\u2019ai jamais eu peur d\u2019affirmer mes points de vue\u00a0\u00bb<\/p>\n<p>            Charles Consigny\n    <\/p><\/blockquote>\n<p>                                    <a class=\"fig-a11y-skip a11y-hidden\" href=\"#fig-a11y-skip-main-inarticle\"><br \/>\n        Passer la publicit\u00e9<br \/>\n    <\/a><\/p>\n<p class=\"fig-paragraph\">Pour ouvrir chaque num\u00e9ro, le pr\u00e9sentateur prendra la parole face cam\u00e9ra dans un \u00e9ditorial concis,\u00a0<a href=\"http:\/\/tvmag.lefigaro.fr\/programme-tv\/actu-tele\/pascal-praud-epingle-par-l-arcom-pour-des-propos-denues-de-nuance-dans-l-heure-des-pros-sur-cnews-20250814\" target=\"_blank\" data-fig-type=\"Article\" rel=\"noopener\" data-gtm-custom-categorie=\"navigation\" data-gtm-custom-action=\"crossclick\" data-gtm-custom-label=\"Contextuel\" data-gtm-event=\"customEventSPE\" data-fig-domain=\"TVMAG\">\u00e0 la mani\u00e8re de Pascal Praud sur CNews<\/a>, o\u00f9 il posera son regard sur une actualit\u00e9 br\u00fblante. Qu\u2019il s\u2019agisse de la situation budg\u00e9taire du pays, des tensions \u00e0 couteaux tir\u00e9s entre les t\u00e9nors politiques en vue de la pr\u00e9sidentielle de 2027, des institutions de la R\u00e9publique ou des questions de soci\u00e9t\u00e9, BFMTV lui a donn\u00e9 carte blanche, tant dans le choix des sujets que dans le ton adopt\u00e9. \u00ab Je n\u2019ai jamais eu peur d\u2019affirmer mes points de vue. Je vais continuer sur cette ligne sans craindre de me f\u00e2cher avec quiconque, ou de choquer\u00a0\u00bb, promet-il.<\/p>\n<p class=\"fig-paragraph\">\u00c0 la suite de cet exercice solitaire, Charles Consigny accueillera chaque jour un contradicteur avec lequel il d\u00e9battra sans concession. Le d\u00e9put\u00e9 socialiste de l\u2019Essonne\u00a0<a href=\"http:\/\/www.lefigaro.fr\/politique\/jerome-guedj-regrette-d-avoir-qualifie-jean-luc-melenchon-de-salopard-pas-d-antisemite-20250616\" target=\"_blank\" data-fig-type=\"NewsFlash\" rel=\"noopener\" data-gtm-custom-categorie=\"navigation\" data-gtm-custom-action=\"crossclick\" data-gtm-custom-label=\"Contextuel\" data-gtm-event=\"customEventSPE\" data-fig-domain=\"LEFIGARO\">J\u00e9r\u00f4me Guedj<\/a>, l\u2019ex-pr\u00e9tendante \u00e0 Matignon\u00a0<a href=\"http:\/\/www.lefigaro.fr\/politique\/la-nouvelle-vie-de-lucie-castets-un-an-apres-sa-designation-comme-premiere-ministrable-du-nfp-20250722\" target=\"_blank\" data-fig-type=\"Article\" rel=\"noopener\" data-gtm-custom-categorie=\"navigation\" data-gtm-custom-action=\"crossclick\" data-gtm-custom-label=\"Contextuel\" data-gtm-event=\"customEventSPE\" data-fig-domain=\"LEFIGARO\">Lucie Castets<\/a>\u00a0et\u00a0<a href=\"http:\/\/www.lefigaro.fr\/vox\/monde\/sarah-knafo-on-ne-recompense-pas-le-djihad-par-un-siege-a-l-onu-20250725\" target=\"_blank\" data-fig-type=\"Article\" rel=\"noopener\" data-gtm-custom-categorie=\"navigation\" data-gtm-custom-action=\"crossclick\" data-gtm-custom-label=\"Contextuel\" data-gtm-event=\"customEventSPE\" data-fig-domain=\"LEFIGARO\">Sarah Knafo<\/a>, \u00e9lue au Parlement europ\u00e9en, devraient participer \u00e0 cette s\u00e9quence. D\u2019autres pointures de premier rang qui secouent l\u2019actualit\u00e9 politique sont \u00e9galement attendues.<\/p>\n<blockquote class=\"fig-quote&#10;    \">\n<p class=\"fig-quote__text\">\u00ab La France a besoin de Margaret Thatcher\u00a0\u00bb<\/p>\n<p>            Charles Consigny\n    <\/p><\/blockquote>\n<p class=\"fig-paragraph\">Un face-\u00e0-face qui sera sans aucun doute souvent muscl\u00e9 au regard de l\u2019ancrage politique des personnalit\u00e9s qu\u2019il compte inviter. \u00ab Notre pays traverse des temps troubl\u00e9s, constate-t-il. C\u2019est le moment d\u2019arr\u00eater la langue de bois. Il y a un certain nombre de v\u00e9rit\u00e9s qui m\u00e9ritent d\u2019\u00eatre dites. Je pense que la confrontation d\u2019id\u00e9es est utile et qu\u2019il est temps de revenir \u00e0 des antagonismes politiques. La France a besoin de\u00a0<a href=\"https:\/\/www.lefigaro.fr\/international\/jeremy-corbyn-veut-defaire-l-heritage-de-margaret-thatcher-20191121\" target=\"_blank\" data-fig-type=\"Article\" rel=\"noopener\" data-gtm-custom-categorie=\"navigation\" data-gtm-custom-action=\"crossclick\" data-gtm-custom-label=\"Contextuel\" data-gtm-event=\"customEventSPE\" data-fig-domain=\"LEFIGARO\">Margaret Thatcher<\/a> .\u00a0\u00bb\u00a0<\/p>\n<p class=\"fig-paragraph\">Charles Consigny a multipli\u00e9 les apparitions \u00e0 la t\u00e9l\u00e9vision ces derni\u00e8res ann\u00e9es. R\u00e9v\u00e9l\u00e9 dans l\u2019\u00e9mission\u00a0<a href=\"http:\/\/tvmag.lefigaro.fr\/programme-tv\/actu-tele\/si-on-avait-que-des-francois-bayrou-a-notre-table-on-s-ennuierait-marschall-et-truchot-fetent-les-20-ans-des-grandes-gueules-20241017\" target=\"_blank\" data-fig-type=\"Article\" rel=\"noopener\" data-gtm-custom-categorie=\"navigation\" data-gtm-custom-action=\"crossclick\" data-gtm-custom-label=\"Contextuel\" data-gtm-event=\"customEventSPE\" data-fig-domain=\"TVMAG\">\u00ab Les Grandes Gueules\u00a0\u00bb sur RMC<\/a>, dans laquelle il rempile \u00e0 la rentr\u00e9e sous la houlette d\u2019Alain Marschall et Olivier Truchot, Charles Consigny a ensuite conquis le grand public, en tant que sniper, avec le talk-show\u00a0<a href=\"https:\/\/tvmag.lefigaro.fr\/programme-tv\/je-trouvais-les-invites-assez-faibles-charles-consigny-regrette-l-hostilite-generale-d-on-n-est-pas-couche_7c82bea2-832e-11ec-9381-72c0a8f3ae2d\" target=\"_blank\" data-fig-type=\"Article\" rel=\"noopener\" data-gtm-custom-categorie=\"navigation\" data-gtm-custom-action=\"crossclick\" data-gtm-custom-label=\"Contextuel\" data-gtm-event=\"customEventSPE\" data-fig-domain=\"TVMAG\">\u00ab On n\u2019est pas couch\u00e9\u00a0\u00bb<\/a>, pr\u00e9sent\u00e9 par Laurent Ruquier le samedi soir sur France 2.<\/p>\n<p class=\"fig-paragraph\">En septembre 2023, lorsque ce dernier d\u00e9barque \u00e0 la surprise g\u00e9n\u00e9rale sur BFMTV, les deux hommes se retrouvent dans\u00a0<a href=\"http:\/\/www.lefigaro.fr\/medias\/laurent-ruquier-l-arme-anti-pascal-praud-de-bfmtv-qui-s-est-enrayee-20231226\" target=\"_blank\" data-fig-type=\"Article\" rel=\"noopener\" data-gtm-custom-categorie=\"navigation\" data-gtm-custom-action=\"crossclick\" data-gtm-custom-label=\"Contextuel\" data-gtm-event=\"customEventSPE\" data-fig-domain=\"LEFIGARO\">\u00ab Le 20h de Ruquier\u00a0\u00bb<\/a>. Mais lorsque le chef d\u2019orchestre des \u00ab Grosses T\u00eates\u00a0\u00bb a quitt\u00e9 la cha\u00eene d\u2019information en continu, le visage de Charles Consigny et ses saillies sur l\u2019actualit\u00e9 ont continu\u00e9 d\u2019accompagner les couche-tard. Une activit\u00e9 m\u00e9diatique dense, intense et captivante pour ce tribun qui n\u2019a pas l\u2019intention de mettre entre parenth\u00e8ses ce m\u00e9tier auquel il reste profond\u00e9ment attach\u00e9\u00a0: celui d\u2019avocat.<\/p>\n<p>    Charles Consigny en janvier 2025 \u00e0 Paris<br \/>\n                Rapha\u00ebl Lafargue \/ ABACA<\/p>\n","protected":false},"excerpt":{"rendered":"INFO TV MAGAZINE &#8211; Le chroniqueur des \u00abGrandes Gueules\u00bb m\u00e8nera un entretien face \u00e0 une personnalit\u00e9 politique du&hellip;\n","protected":false},"author":2,"featured_media":334372,"comment_status":"","ping_status":"","sticky":false,"template":"","format":"standard","meta":{"footnotes":""},"categories":[8],"tags":[36542,10831,40305,58,59,1011,27],"class_list":{"0":"post-334371","1":"post","2":"type-post","3":"status-publish","4":"format-standard","5":"has-post-thumbnail","7":"category-divertissement","8":"tag-alain-duhamel","9":"tag-bfmtv","10":"tag-charles-consigny","11":"tag-divertissement","12":"tag-entertainment","13":"tag-fr","14":"tag-france"},"share_on_mastodon":{"url":"https:\/\/pubeurope.com\/@fr\/115067860111104386","error":""},"_links":{"self":[{"href":"https:\/\/www.europesays.com\/fr\/wp-json\/wp\/v2\/posts\/334371","targetHints":{"allow":["GET"]}}],"collection":[{"href":"https:\/\/www.europesays.com\/fr\/wp-json\/wp\/v2\/posts"}],"about":[{"href":"https:\/\/www.europesays.com\/fr\/wp-json\/wp\/v2\/types\/post"}],"author":[{"embeddable":true,"href":"https:\/\/www.europesays.com\/fr\/wp-json\/wp\/v2\/users\/2"}],"replies":[{"embeddable":true,"href":"https:\/\/www.europesays.com\/fr\/wp-json\/wp\/v2\/comments?post=334371"}],"version-history":[{"count":0,"href":"https:\/\/www.europesays.com\/fr\/wp-json\/wp\/v2\/posts\/334371\/revisions"}],"wp:featuredmedia":[{"embeddable":true,"href":"https:\/\/www.europesays.com\/fr\/wp-json\/wp\/v2\/media\/334372"}],"wp:attachment":[{"href":"https:\/\/www.europesays.com\/fr\/wp-json\/wp\/v2\/media?parent=334371"}],"wp:term":[{"taxonomy":"category","embeddable":true,"href":"https:\/\/www.europesays.com\/fr\/wp-json\/wp\/v2\/categories?post=334371"},{"taxonomy":"post_tag","embeddable":true,"href":"https:\/\/www.europesays.com\/fr\/wp-json\/wp\/v2\/tags?post=334371"}],"curies":[{"name":"wp","href":"https:\/\/api.w.org\/{rel}","templated":true}]}}