{"id":334373,"date":"2025-08-21T17:09:10","date_gmt":"2025-08-21T17:09:10","guid":{"rendered":"https:\/\/www.europesays.com\/fr\/334373\/"},"modified":"2025-08-21T17:09:10","modified_gmt":"2025-08-21T17:09:10","slug":"les-vagues-scelerates-mettent-a-lepreuve-notre-comprehension-des-oceans-et-restent-invisibles-jusqua-limpact","status":"publish","type":"post","link":"https:\/\/www.europesays.com\/fr\/334373\/","title":{"rendered":"les vagues sc\u00e9l\u00e9rates mettent \u00e0 l\u2019\u00e9preuve notre compr\u00e9hension des oc\u00e9ans et restent invisibles jusqu\u2019\u00e0 l\u2019impact"},"content":{"rendered":"<p><img fetchpriority=\"high\" decoding=\"async\" width=\"1024\" height=\"578\" src=\"https:\/\/www.europesays.com\/fr\/wp-content\/uploads\/2025\/08\/mur-eau-vagues-scelerates-1024x578.webp.webp\" alt=\"Vague sc\u00e9l\u00e9rate g\u00e9ante formant un mur d\u2019eau en pleine mer, illustrant la puissance et l\u2019impr\u00e9visibilit\u00e9 des oc\u00e9ans.\" class=\"wp-image-987603\"  \/>Une vague sc\u00e9l\u00e9rate, ph\u00e9nom\u00e8ne rare et redout\u00e9, surgit comme un mur d\u2019eau impr\u00e9visible capable de mettre en p\u00e9ril m\u00eame les plus grands navires \u2013 DailyGeekShow.com<\/p>\n<p><strong>Longtemps consid\u00e9r\u00e9es comme de simples l\u00e9gendes maritimes, les vagues sc\u00e9l\u00e9rates sont aujourd\u2019hui des r\u00e9alit\u00e9s scientifiques que la technologie moderne commence \u00e0 d\u00e9chiffrer.<\/strong><\/p>\n<p>De la fiction maritime \u00e0 une r\u00e9alit\u00e9 prouv\u00e9e gr\u00e2ce aux technologies modernes et aux donn\u00e9es scientifiques<\/p>\n<p>Pendant des si\u00e8cles, les <strong>r\u00e9cits de marins<\/strong> \u00e9voquant des vagues gigantesques surgissant de nulle part \u00e9taient per\u00e7us comme des fables. <\/p>\n<p>Lire aussi <a href=\"https:\/\/dailygeekshow.com\/scarabee-bousier-voie-lactee\/\" rel=\"nofollow noopener\" target=\"_blank\">T\u00eate dans les \u00e9toiles et pattes dans la bouse : ce scarab\u00e9e bousier s\u2019oriente gr\u00e2ce \u00e0 la Voie lact\u00e9e<\/a><\/p>\n<p>Toutefois, le 1er janvier 1995, un \u00e9v\u00e9nement a chang\u00e9 la donne : la <strong>vague de Draupner<\/strong>, mesurant 25,6 m\u00e8tres, a \u00e9t\u00e9 enregistr\u00e9e par une plateforme p\u00e9troli\u00e8re en <a href=\"https:\/\/dailygeekshow.com\/la-nasa-decouvre-une-mer-deau-vieille-de-12-milliards-dannees-un-tournant-dans-notre-comprehension-de-lunivers\/\" rel=\"nofollow noopener\" target=\"_blank\">mer<\/a> du Nord. Cette premi\u00e8re preuve concr\u00e8te a confirm\u00e9 que les vagues sc\u00e9l\u00e9rates existent r\u00e9ellement. Depuis ce jour, elles suscitent un v\u00e9ritable engouement scientifique.<\/p>\n<p>Gr\u00e2ce aux <strong>satellites \u00e0 radars altim\u00e9triques<\/strong>, capables de mesurer les hauteurs de mer avec une grande pr\u00e9cision, les scientifiques peuvent d\u00e9sormais d\u00e9tecter ces ph\u00e9nom\u00e8nes dans des zones maritimes difficiles d\u2019acc\u00e8s. En outre, les <strong>images 3D<\/strong> et les <strong>mod\u00e8les math\u00e9matiques<\/strong> avanc\u00e9s offrent une analyse d\u00e9taill\u00e9e des conditions menant \u00e0 leur formation. En croisant des donn\u00e9es sur la <strong>vitesse du vent<\/strong>, les <strong>courants<\/strong> et les <strong>interactions entre vagues<\/strong>, les chercheurs affinent leurs pr\u00e9dictions.<\/p>\n<p>Des ph\u00e9nom\u00e8nes d\u2019interf\u00e9rences et de relief sous-marin expliquent ces vagues extr\u00eames et impr\u00e9visibles<\/p>\n<p>La <strong>superposition d\u2019ondes<\/strong> est l\u2019une des principales explications avanc\u00e9es. Lorsque plusieurs vagues se rejoignent au m\u00eame endroit et au m\u00eame moment, elles concentrent une \u00e9nergie colossale en une seule vague, cr\u00e9ant un v\u00e9ritable \u00ab\u00a0mur d\u2019eau\u00a0\u00bb.<\/p>\n<p>Lire aussi <a href=\"https:\/\/dailygeekshow.com\/medicament-allergie-alimentaire\/\" rel=\"nofollow noopener\" target=\"_blank\">Ce m\u00e9dicament courant pourrait signifier la fin des allergies alimentaires mortelles<\/a><\/p>\n<p>D\u2019autres th\u00e9ories s\u2019appuient sur l\u2019interaction entre des <strong><a href=\"https:\/\/dailygeekshow.com\/courant-oceanique-ralentir\/\" rel=\"nofollow noopener\" target=\"_blank\">courants marins<\/a> rapides<\/strong> et des <strong>obstacles sous-marins<\/strong>, comme les bancs de sable ou les monts oc\u00e9aniques. Ces chocs hydrodynamiques provoquent une hausse brutale de la hauteur des vagues, souvent de mani\u00e8re soudaine.<\/p>\n<p>Par ailleurs, la <strong>non-lin\u00e9arit\u00e9<\/strong> des interactions entre vagues joue un r\u00f4le fondamental. Gr\u00e2ce \u00e0 des \u00e9quations complexes, telles que celle de <strong>Schr\u00f6dinger non lin\u00e9aire<\/strong>, les scientifiques mod\u00e9lisent ces comportements extr\u00eames. Ces mod\u00e8les math\u00e9matiques permettent de concevoir des <strong>syst\u00e8mes d\u2019alerte pr\u00e9coce<\/strong> pour les <a href=\"https:\/\/dailygeekshow.com\/cette-decouverte-dun-tresor-maritime-antique-un-navire-vieux-de-2-500-ans-retrouve-intact-dans-les-eaux-profondes-de-sicile\/\" rel=\"nofollow noopener\" target=\"_blank\">navires<\/a> naviguant dans les zones les plus expos\u00e9es.<\/p>\n<p>Pr\u00e9voir pour mieux prot\u00e9ger : les scientifiques mobilis\u00e9s contre cette menace maritime redoutable<\/p>\n<p>Aujourd\u2019hui, les avanc\u00e9es scientifiques ouvrent la voie \u00e0 une meilleure <strong>compr\u00e9hension et anticipation<\/strong> de ces ph\u00e9nom\u00e8nes. \u00c0 travers des simulations informatiques, les chercheurs int\u00e8grent plusieurs param\u00e8tres : vitesse du vent, hauteur significative des vagues, direction des houles et topographie sous-marine.<\/p>\n<p>Lire aussi <a href=\"https:\/\/dailygeekshow.com\/fonte-record-arctique\/\" rel=\"nofollow noopener\" target=\"_blank\">Un triste record : l\u2019archipel arctique du Svalbard a perdu 62 gigatonnes de glace en six semaines<\/a><\/p>\n<p>Les zones connues pour leur <strong>activit\u00e9 oc\u00e9anique intense<\/strong> font d\u00e9sormais l\u2019objet d\u2019une surveillance particuli\u00e8re. L\u2019objectif final est de d\u00e9velopper des <strong>syst\u00e8mes de surveillance en temps r\u00e9el<\/strong>, capables d\u2019\u00e9mettre des alertes quelques minutes avant l\u2019apparition d\u2019une vague sc\u00e9l\u00e9rate potentielle.<\/p>\n<p>Malgr\u00e9 ces progr\u00e8s, ces vagues demeurent <strong>impr\u00e9visibles<\/strong> et <strong>extr\u00eamement dangereuses<\/strong>. Elles peuvent surgir sans avertissement et d\u00e9stabiliser m\u00eame les navires les plus solides. Leur raret\u00e9 apparente masque une <strong>fr\u00e9quence r\u00e9elle bien plus \u00e9lev\u00e9e<\/strong> qu\u2019on ne l\u2019imaginait. Certaines estimations sugg\u00e8rent qu\u2019elles pourraient appara\u00eetre tous les deux jours quelque part dans les oc\u00e9ans.<\/p>\n<p>La recherche continue, anim\u00e9e par un double objectif : <strong>comprendre ces colosses <a href=\"https:\/\/dailygeekshow.com\/une-comete-revele-une-eau-presque-identique-a-celle-de-la-terre-relancant-lhypothese-que-nos-oceans-pourraient-provenir-de-lespace-lointain\/\" rel=\"nofollow noopener\" target=\"_blank\">d\u2019eau<\/a><\/strong> et <strong>sauver des vies humaines<\/strong>. Les oc\u00e9ans, aussi fascinants que redoutables, nous rappellent chaque jour que la nature conserve encore ses secrets les mieux gard\u00e9s.<\/p>\n<p>Lire aussi <a href=\"https:\/\/dailygeekshow.com\/une-revolution-silencieuse-dans-lespace-la-nasa-veut-faire-dartemis-un-modele-dexploration-lunaire-sans-pollution\/\" rel=\"nofollow noopener\" target=\"_blank\">Une r\u00e9volution silencieuse dans l\u2019espace : la NASA veut faire d\u2019Artemis un mod\u00e8le d\u2019exploration lunaire sans pollution<\/a><\/p>\n","protected":false},"excerpt":{"rendered":"Une vague sc\u00e9l\u00e9rate, ph\u00e9nom\u00e8ne rare et redout\u00e9, surgit comme un mur d\u2019eau impr\u00e9visible capable de mettre en p\u00e9ril&hellip;\n","protected":false},"author":2,"featured_media":334374,"comment_status":"","ping_status":"","sticky":false,"template":"","format":"standard","meta":{"footnotes":""},"categories":[7],"tags":[1011,27,43,40,41,39,42,44],"class_list":{"0":"post-334373","1":"post","2":"type-post","3":"status-publish","4":"format-standard","5":"has-post-thumbnail","7":"category-sciences-et-technologies","8":"tag-fr","9":"tag-france","10":"tag-science","11":"tag-science-and-technology","12":"tag-sciences","13":"tag-sciences-et-technologies","14":"tag-technologies","15":"tag-technology"},"share_on_mastodon":{"url":"https:\/\/pubeurope.com\/@fr\/115067864003553521","error":""},"_links":{"self":[{"href":"https:\/\/www.europesays.com\/fr\/wp-json\/wp\/v2\/posts\/334373","targetHints":{"allow":["GET"]}}],"collection":[{"href":"https:\/\/www.europesays.com\/fr\/wp-json\/wp\/v2\/posts"}],"about":[{"href":"https:\/\/www.europesays.com\/fr\/wp-json\/wp\/v2\/types\/post"}],"author":[{"embeddable":true,"href":"https:\/\/www.europesays.com\/fr\/wp-json\/wp\/v2\/users\/2"}],"replies":[{"embeddable":true,"href":"https:\/\/www.europesays.com\/fr\/wp-json\/wp\/v2\/comments?post=334373"}],"version-history":[{"count":0,"href":"https:\/\/www.europesays.com\/fr\/wp-json\/wp\/v2\/posts\/334373\/revisions"}],"wp:featuredmedia":[{"embeddable":true,"href":"https:\/\/www.europesays.com\/fr\/wp-json\/wp\/v2\/media\/334374"}],"wp:attachment":[{"href":"https:\/\/www.europesays.com\/fr\/wp-json\/wp\/v2\/media?parent=334373"}],"wp:term":[{"taxonomy":"category","embeddable":true,"href":"https:\/\/www.europesays.com\/fr\/wp-json\/wp\/v2\/categories?post=334373"},{"taxonomy":"post_tag","embeddable":true,"href":"https:\/\/www.europesays.com\/fr\/wp-json\/wp\/v2\/tags?post=334373"}],"curies":[{"name":"wp","href":"https:\/\/api.w.org\/{rel}","templated":true}]}}