{"id":334390,"date":"2025-08-21T17:18:11","date_gmt":"2025-08-21T17:18:11","guid":{"rendered":"https:\/\/www.europesays.com\/fr\/334390\/"},"modified":"2025-08-21T17:18:11","modified_gmt":"2025-08-21T17:18:11","slug":"plus-dune-centaine-de-commercants-et-des-promotions-a-tout-va-la-grande-braderie-de-toulon-demarre-ce-jeudi-du-21-08-2025-au-23-08-2025-toulon","status":"publish","type":"post","link":"https:\/\/www.europesays.com\/fr\/334390\/","title":{"rendered":"Plus d&rsquo;une centaine de commer\u00e7ants et des promotions \u00e0 tout-va : la grande Braderie de Toulon d\u00e9marre ce jeudi &#8211; Du 21\/08\/2025 au 23\/08\/2025 &#8211; Toulon"},"content":{"rendered":"<p>Depuis ce jeudi matin, les rues pi\u00e9tonnes toulonnaises se sont transform\u00e9es en vaste march\u00e9 \u00e0 ciel ouvert pour la\u00a0<strong>50e \u00e9dition de la Braderie du centre-ville<\/strong>. Ce rendez-vous attendu m\u00eale commerces locaux et forains, r\u00e9unissant\u00a0<strong>150 participants<\/strong> qui proposent durant trois jours des r\u00e9ductions, promotions et d\u00e9couvertes.<\/p>\n<p>&#13;<br \/>\nTrois jours de bonnes affaires et d\u2019animations pas comme les autres&#13;<\/p>\n<p style=\"margin-left: 30px;\">Pour marquer cet anniversaire symbolique, la Ville a install\u00e9 le\u00a0<strong>Pavillon 50e<\/strong> sur la\u00a0<strong>Place de la Cath\u00e9drale<\/strong>. Pens\u00e9 comme un espace convivial et festif, il accueille gratuitement petits et grands pour un\u00a0<strong>photowall aux couleurs de l&rsquo;affiche officielle<\/strong>, des\u00a0<strong>ateliers cr\u00e9atifs<\/strong> (tote-bags personnalis\u00e9s, boutiques en carton), des <strong data-start=\"1163\" data-end=\"1181\">bulles g\u00e9antes<\/strong>, un <strong data-start=\"1186\" data-end=\"1202\">bar \u00e0 sirops<\/strong> et la distribution de goodies.<\/p>\n<p>&#13;<br \/>\nUne ambiance festive dans tout le centre-ville&#13;<\/p>\n<p style=\"margin-left: 30px;\" data-start=\"1294\" data-end=\"1676\">Tout au long de la Braderie, l\u2019ambiance musicale sera omnipr\u00e9sente : concerts au Pavillon, mais aussi <strong data-start=\"1396\" data-end=\"1417\">parades musicales<\/strong> qui d\u00e9ambuleront dans les rues \u00e0 intervalles r\u00e9guliers, d\u00e8s ce jeudi apr\u00e8s-midi.<br data-start=\"1498\" data-end=\"1501\"\/> Les visiteurs pourront \u00e9galement repartir avec le <strong data-start=\"1551\" data-end=\"1592\">tote-bag collector de la 50e Braderie<\/strong>, offert par les commer\u00e7ants participants (dans la limite des stocks disponibles).<\/p>\n<p>&#13;<br \/>\nInfos pratiques&#13;<\/p>\n<p data-start=\"1683\" data-end=\"1703\">P\u00e9rim\u00e8tre de la Braderie : l\u2019int\u00e9rieur de la zone pi\u00e9tonne d\u00e9limit\u00e9e par les bornes r\u00e9tractables.<\/p>\n<p>&#13;<\/p>\n<p data-start=\"1683\" data-end=\"1703\"><strong style=\"letter-spacing: 0.01em;\" data-start=\"1812\" data-end=\"1824\">Horaires<\/strong>\u00a0:<br \/>8h30 : interdiction de circuler dans la zone<br \/><strong>10h00 \u2013 19h00<\/strong> : ouverture au public<\/p>\n<p>&#13;<\/p>\n<p data-start=\"1683\" data-end=\"1703\"><strong style=\"letter-spacing: 0.01em;\" data-start=\"1926\" data-end=\"1935\">Acc\u00e8s<\/strong> :<br \/>Livraisons autoris\u00e9es de 5h30 \u00e0 7h30 uniquement.<br \/>Circulation interdite pour tout v\u00e9hicule, y compris riverains, entre 7h30 et 19h.<br \/>Stationnement interdit pour les deux-roues dans le p\u00e9rim\u00e8tre.<\/p>\n<p>&#13;<br \/>\nA lire aussi&#13;<\/p>\n","protected":false},"excerpt":{"rendered":"Depuis ce jeudi matin, les rues pi\u00e9tonnes toulonnaises se sont transform\u00e9es en vaste march\u00e9 \u00e0 ciel ouvert pour&hellip;\n","protected":false},"author":2,"featured_media":334391,"comment_status":"","ping_status":"","sticky":false,"template":"","format":"standard","meta":{"footnotes":""},"categories":[9619],"tags":[1111,11,1777,674,1011,27,12,882,25,2310],"class_list":{"0":"post-334390","1":"post","2":"type-post","3":"status-publish","4":"format-standard","5":"has-post-thumbnail","7":"category-toulon","8":"tag-actu","9":"tag-actualites","10":"tag-eu","11":"tag-europe","12":"tag-fr","13":"tag-france","14":"tag-news","15":"tag-provence-alpes-cote-dazur","16":"tag-republique-francaise","17":"tag-toulon"},"share_on_mastodon":{"url":"https:\/\/pubeurope.com\/@fr\/115067899387780282","error":""},"_links":{"self":[{"href":"https:\/\/www.europesays.com\/fr\/wp-json\/wp\/v2\/posts\/334390","targetHints":{"allow":["GET"]}}],"collection":[{"href":"https:\/\/www.europesays.com\/fr\/wp-json\/wp\/v2\/posts"}],"about":[{"href":"https:\/\/www.europesays.com\/fr\/wp-json\/wp\/v2\/types\/post"}],"author":[{"embeddable":true,"href":"https:\/\/www.europesays.com\/fr\/wp-json\/wp\/v2\/users\/2"}],"replies":[{"embeddable":true,"href":"https:\/\/www.europesays.com\/fr\/wp-json\/wp\/v2\/comments?post=334390"}],"version-history":[{"count":0,"href":"https:\/\/www.europesays.com\/fr\/wp-json\/wp\/v2\/posts\/334390\/revisions"}],"wp:featuredmedia":[{"embeddable":true,"href":"https:\/\/www.europesays.com\/fr\/wp-json\/wp\/v2\/media\/334391"}],"wp:attachment":[{"href":"https:\/\/www.europesays.com\/fr\/wp-json\/wp\/v2\/media?parent=334390"}],"wp:term":[{"taxonomy":"category","embeddable":true,"href":"https:\/\/www.europesays.com\/fr\/wp-json\/wp\/v2\/categories?post=334390"},{"taxonomy":"post_tag","embeddable":true,"href":"https:\/\/www.europesays.com\/fr\/wp-json\/wp\/v2\/tags?post=334390"}],"curies":[{"name":"wp","href":"https:\/\/api.w.org\/{rel}","templated":true}]}}