{"id":334392,"date":"2025-08-21T17:19:10","date_gmt":"2025-08-21T17:19:10","guid":{"rendered":"https:\/\/www.europesays.com\/fr\/334392\/"},"modified":"2025-08-21T17:19:10","modified_gmt":"2025-08-21T17:19:10","slug":"top-14-premier-galop-dessai-pour-lusap-face-a-toulon-avec-de-nombreux-jeunes-et-quelques-recrues-mais-sans-plusieurs-cadres","status":"publish","type":"post","link":"https:\/\/www.europesays.com\/fr\/334392\/","title":{"rendered":"Top 14\u00a0: premier galop d\u2019essai pour l\u2019USAP face \u00e0 Toulon, avec de nombreux jeunes et quelques recrues, mais sans plusieurs cadres"},"content":{"rendered":"<p>\n                                                                L\u2019USAP lance sa campagne amicale ce vendredi soir (19\u00a0h\u00a030) face \u00e0 Toulon \u00e0 Aim\u00e9-Giral. Priv\u00e9s de quelques titulaires, les sang et or aligneront un groupe \u00e9largi, m\u00ealant jeunes joueurs et nouvelles recrues, pour une premi\u00e8re revue d\u2019effectif avant le Top 14.\n                            <\/p>\n<p>La premi\u00e8re phase de test pour l\u2019USAP arrive ce vendredi soir (19\u00a0h\u00a030 \u00e0 Aim\u00e9-Giral). Mais disons-le clairement\u00a0: cela reste un match de pr\u00e9paration\u00a0entre deux \u00e9quipes qui ont laiss\u00e9 une grosse dizaine de potentiels titulaires au repos. Que ce soit l\u2019USAP ou Toulon, ce sont des groupes de plus de 30 joueurs, avec des jeunes et quelques recrues. \u00ab\u00a0Il y a des rotations, avec pas mal de jeunes qui travaillent avec nous depuis le d\u00e9but de la pr\u00e9paration. On va jouer avec une \u00e9quipe en premi\u00e8re mi-temps, puis une autre en seconde. Et il y aura \u00e9galement des changements dans le dernier quart d\u2019heure, explique le manager Franck Az\u00e9ma. On veut tenir compte des gar\u00e7ons qui sont l\u00e0 depuis le 16\u00a0juillet, quand d\u2019autres ont d\u00e9marr\u00e9 le 21, le 28, ou encore il y a quinze jours. On veut faire monter en r\u00e9gime tous les joueurs, tout en ma\u00eetrisant la charge de travail sur ces deux matches.\u00a0\u00bb<\/p>\n<p class=\"std-elt__inline\">\n        <strong>\u00c0 lire aussi :<\/strong><br \/>\n        <a href=\"https:\/\/www.lindependant.fr\/2025\/08\/20\/top-14-meme-si-je-ne-suis-pas-catalan-je-connais-la-ferveur-de-la-region-cest-une-chance-de-representer-ce-club-confie-mathieu-cidre-le-nouvel-12884863.php\" rel=\"nofollow noopener\" target=\"_blank\">Top 14 : \u00ab\u00a0M\u00eame si je ne suis pas Catalan, je connais la ferveur de la r\u00e9gion.\u00a0C\u2019est une chance de repr\u00e9senter ce club\u00a0\u00bb, confie Mathieu Cidre, le nouvel entra\u00eeneur des avants de l&rsquo;USAP<\/a>\n    <\/p>\n<p>Avec Diaby, Tedder et Paia\u2019aua&#8230; mais aussi Forner<\/p>\n<p>Le XV de d\u00e9part ne sera d\u00e9voil\u00e9 que quelques minutes avant le coup d\u2019envoi (19\u00a0h\u00a030), mais il devrait comporter une seule recrue\u00a0: <a href=\"https:\/\/www.lindependant.fr\/2025\/08\/16\/top-14-jai-pris-une-decision-de-vie-jai-fait-le-choix-de-laisser-mes-enfants-et-ma-femme-a-bordeaux-mahamadou-diaby-revient-sur-sa-signature-a-lusap-12877693.php\" target=\"_self\" rel=\"nofollow noopener\">le troisi\u00e8me ligne Mahamadou Diaby<\/a>. Arriv\u00e9 de Bordeaux fin juillet, le joueur de 35 ans est en pleine forme et il devrait d\u00e9marrer en 6, aux c\u00f4t\u00e9s de No\u00e9 Della Schiava et du G\u00e9orgien Andro Dvali (20 ans). Ce dernier \u2013 qui avait fait belle impression en coupe d\u2019Europe contre le Connacht \u2013 sort d\u2019un Mondial U20 r\u00e9ussi, malgr\u00e9 son carton rouge contre l\u2019Italie. Encore non-Jiff, il ne pourra pas jouer en Top 14 cette saison, mais le staff compte sur lui pour la suite.<\/p>\n<p class=\"std-elt__inline\">\n        <strong>\u00c0 lire aussi :<\/strong><br \/>\n        <a href=\"https:\/\/www.lindependant.fr\/2025\/08\/14\/top-14-sous-une-grosse-chaleur-et-avec-un-groupe-quasiment-complet-lusap-peaufine-ses-reglages-en-catalogne-sud-12876734.php\" rel=\"nofollow noopener\" target=\"_blank\">Top 14\u00a0: sous une grosse chaleur et avec un groupe quasiment complet, l\u2019USAP peaufine ses r\u00e9glages en Catalogne<\/a>\n    <\/p>\n<p>Par la m\u00eame occasion, chez les jeunes, Mathys Lotrian (21 ans) au talon, Bastien Chinarro (21 ans) en deuxi\u00e8me ligne et Maxim Granell (20 ans) sur l\u2019aile auront du temps de jeu en premi\u00e8re mi-temps, quand le\u00a0demi de m\u00eal\u00e9e Matthieu All\u00e8ne (19 ans) devrait\u00a0figurer dans la deuxi\u00e8me \u00e9quipe. Le dernier cit\u00e9 formera la charni\u00e8re avec Tristan Tedder, pour l\u2019instant positionn\u00e9 \u00e0 l\u2019ouverture, \u00e0 cause des absences de Tommaso Allan (mollet, en reprise) et Antoine Aucagne (dos).<\/p>\n<p>Sur cette seconde p\u00e9riode, ce devrait \u00eatre \u00e9galement l\u2019occasion de voir les premiers pas de Duncan Paia\u2019aua en sang et or. \u00c0 un poste bien choisi\u00a0: second centre. Alivereti Duguivalu n\u2019est pas encore rentr\u00e9 \u00e0 Perpignan, lui qui est coinc\u00e9 aux Fidji pour des raisons administratives, et le staff cherche une solution pour trouver un comp\u00e8re \u00e0\u00a0Jer\u00f3nimo de la Fuente pour le d\u00e9but du championnat. Polyvalent centre-arri\u00e8re-ouvreur, l\u2019international samoan est arriv\u00e9 en forme \u00e0 Perpignan et va directement \u00eatre test\u00e9 en 13. \u00c0 noter, en revanche, que le deuxi\u00e8me\/troisi\u00e8me ligne Peceli Yato figure dans le groupe alors qu\u2019il ne s\u2019est pas entra\u00een\u00e9 ce jeudi. Toujours en troisi\u00e8me ligne, l\u2019ancien toulonnais Matt\u00e9o Le Corvec pourrait affronter ses anciens co\u00e9quipiers.<\/p>\n<p class=\"std-elt__inline\">\n        <strong>\u00c0 lire aussi :<\/strong><br \/>\n        <a href=\"https:\/\/www.lindependant.fr\/2025\/08\/16\/top-14-jai-pris-une-decision-de-vie-jai-fait-le-choix-de-laisser-mes-enfants-et-ma-femme-a-bordeaux-mahamadou-diaby-revient-sur-sa-signature-a-lusap-12877693.php\" rel=\"nofollow noopener\" target=\"_blank\">Top 14\u00a0: \u00ab\u00a0J\u2019ai pris une d\u00e9cision de vie, j&rsquo;ai fait le choix de laisser mes enfants et ma femme \u00e0 Bordeaux\u00a0\u00bb, Mahamadou Diaby revient sur sa signature \u00e0 l&rsquo;USAP<\/a>\n    <\/p>\n<p>Enfin, il peut quasiment \u00eatre consid\u00e9r\u00e9 comme une recrue\u00a0: Th\u00e9o Forner va rejouer un match de rugby \u00e0 XV. Champion olympique de rugby \u00e0 7 il y a plus d\u2019un an, l\u2019Espiranenc s\u2019\u00e9tait gravement bless\u00e9 au genou et n\u2019a pas eu l\u2019occasion de retrouver du temps de jeu la saison derni\u00e8re. Il en aura la possibilit\u00e9 sur ce premier match de pr\u00e9paration contre le RCT, avec le num\u00e9ro\u00a015 dans le dos. Avec Jefferson-Lee Joseph et Maxim Granell, cela formera un triangle arri\u00e8re v\u00e9loce et sp\u00e9cialiste du 7.<\/p>\n<p>Beaucoup de joueurs pr\u00e9serv\u00e9s, Ritchie \u00ab\u00a0pas avant mi-septembre\u00a0\u00bb<\/p>\n<p>Tous ces joueurs vont avoir l\u2019occasion de se montrer ce vendredi, avant le retour de certains cadres le week-end prochain contre Montpellier (vendredi\u00a019 h 30 \u00e0 Aim\u00e9-Giral). Le\u00a0talonneur\u00a0Sama Malolo\u00a0est\u00a0pr\u00e9serv\u00e9\u00a0; les piliers gauches Giorgi Beria et Giorgi Tetrashvili, le troisi\u00e8me ligne Jacobus van Tonder, les demis de m\u00eal\u00e9e Gela Aprasidze (cheville) et Tom Ecochard (tendon d\u2019Achille) sont en reprise\u00a0; le troisi\u00e8me ligne Patrick Sobela (genou) et\u00a0l\u2019ouvreur Antoine Aucagne (dos) sont \u00e0 l\u2019infirmerie\u00a0; quand le talonneur Ignacio Ruiz et le num\u00e9ro\u00a08\u00a0Joaqu\u00edn Oviedo sont avec l\u2019Argentine.<\/p>\n<p>Enfin, le troisi\u00e8me ligne \u00e9cossais Jamie Ritchie est bien l\u00e0, mais ne s\u2019entra\u00eene pas encore avec ses co\u00e9quipiers. Franck Az\u00e9ma attend de lui qu\u2019il soit pr\u00eat\u00a0pour \u00ab\u00a0la mi-septembre\u00a0\u00bb. D\u2019ici l\u00e0, le manager aura eu le temps d\u2019affiner son \u00e9quipe pour d\u00e9marrer le Top 14. Et \u00e7a commence d\u00e8s ce vendredi.<\/p>\n<p><strong>Le groupe\u00a0:<\/strong><br \/>Avants\u00a0: Seilala Lam, Mathys Lotrian, Victor Montgaillard\u00a0; Lorencio Boyer-Gallardo, Bruce Devaux, Nemo Roelofse, Kieran Brookes, Pietro Ceccarelli, Akato Fakatika\u00a0; Bastien Chinarro, Mathieu Tanguy, Posolo Tuilagi, Adrien Warion, Peceli Yato\u00a0; No\u00e9 Della Schiava, Mahamadou Diaby, Andro Dvali, Max Hicks, Matt\u00e9o Le Corvec, Lucas Velarte.<br \/>Arri\u00e8res\u00a0: Mathieu All\u00e8ne, James Hall\u00a0; Jake McIntyre, Tristan Tedder\u00a0; Eneriko Buliruarua, Jer\u00f3nimo de la Fuente, Duncan Paia\u2019aua, Job Poulet\u00a0; Maxim Granell, Jefferson-Lee Joseph, Tavite Veredamu\u00a0; Lucas Dubois, Th\u00e9o Forner.<\/p>\n","protected":false},"excerpt":{"rendered":"L\u2019USAP lance sa campagne amicale ce vendredi soir (19\u00a0h\u00a030) face \u00e0 Toulon \u00e0 Aim\u00e9-Giral. Priv\u00e9s de quelques titulaires,&hellip;\n","protected":false},"author":2,"featured_media":334393,"comment_status":"","ping_status":"","sticky":false,"template":"","format":"standard","meta":{"footnotes":""},"categories":[9619],"tags":[1111,11,1777,674,1011,27,12,882,25,2310],"class_list":{"0":"post-334392","1":"post","2":"type-post","3":"status-publish","4":"format-standard","5":"has-post-thumbnail","7":"category-toulon","8":"tag-actu","9":"tag-actualites","10":"tag-eu","11":"tag-europe","12":"tag-fr","13":"tag-france","14":"tag-news","15":"tag-provence-alpes-cote-dazur","16":"tag-republique-francaise","17":"tag-toulon"},"share_on_mastodon":{"url":"https:\/\/pubeurope.com\/@fr\/115067903272463864","error":""},"_links":{"self":[{"href":"https:\/\/www.europesays.com\/fr\/wp-json\/wp\/v2\/posts\/334392","targetHints":{"allow":["GET"]}}],"collection":[{"href":"https:\/\/www.europesays.com\/fr\/wp-json\/wp\/v2\/posts"}],"about":[{"href":"https:\/\/www.europesays.com\/fr\/wp-json\/wp\/v2\/types\/post"}],"author":[{"embeddable":true,"href":"https:\/\/www.europesays.com\/fr\/wp-json\/wp\/v2\/users\/2"}],"replies":[{"embeddable":true,"href":"https:\/\/www.europesays.com\/fr\/wp-json\/wp\/v2\/comments?post=334392"}],"version-history":[{"count":0,"href":"https:\/\/www.europesays.com\/fr\/wp-json\/wp\/v2\/posts\/334392\/revisions"}],"wp:featuredmedia":[{"embeddable":true,"href":"https:\/\/www.europesays.com\/fr\/wp-json\/wp\/v2\/media\/334393"}],"wp:attachment":[{"href":"https:\/\/www.europesays.com\/fr\/wp-json\/wp\/v2\/media?parent=334392"}],"wp:term":[{"taxonomy":"category","embeddable":true,"href":"https:\/\/www.europesays.com\/fr\/wp-json\/wp\/v2\/categories?post=334392"},{"taxonomy":"post_tag","embeddable":true,"href":"https:\/\/www.europesays.com\/fr\/wp-json\/wp\/v2\/tags?post=334392"}],"curies":[{"name":"wp","href":"https:\/\/api.w.org\/{rel}","templated":true}]}}