{"id":334394,"date":"2025-08-21T17:20:11","date_gmt":"2025-08-21T17:20:11","guid":{"rendered":"https:\/\/www.europesays.com\/fr\/334394\/"},"modified":"2025-08-21T17:20:11","modified_gmt":"2025-08-21T17:20:11","slug":"cigarettes-cachees-et-bonbonnes-de-protoxyde-dazote-decouvertes-dans-une-epicerie-controlee-par-la-police-nationale-a-montpellier","status":"publish","type":"post","link":"https:\/\/www.europesays.com\/fr\/334394\/","title":{"rendered":"Cigarettes cach\u00e9es et bonbonnes de protoxyde d\u2019azote d\u00e9couvertes dans une \u00e9picerie contr\u00f4l\u00e9e par la police nationale \u00e0 Montpellier"},"content":{"rendered":"<p>\n                                                                Interpell\u00e9 en possession de tabac et de protoxyde d\u2019azote, un jeune homme de 21 ans, se disant salari\u00e9 d\u2019une \u00e9picerie implant\u00e9e dans le quartier Tournezy \u00e0 Montpellier, a ni\u00e9 tout trafic. D\u00e9f\u00e9r\u00e9, il fait l\u2019objet d\u2019une convocation par proc\u00e8s-verbal.\n                            <\/p>\n<p>Dans la nuit du mardi\u00a019 au mercredi 20\u00a0ao\u00fbt, aux alentours de 1\u00a0h\u00a015 du matin, les policiers nationaux, en patrouille dans le quartier Tournezy \u00e0 Montpellier, ont contr\u00f4l\u00e9 une \u00e9picerie implant\u00e9e dans la rue Nelson-Mandela.<\/p>\n<p>Un jeune homme de 21 ans, qui affirmait y travailler pour la premi\u00e8re fois, n\u2019a pu pr\u00e9senter aucun contrat de travail. En fouillant les lieux, les agents ont d\u00e9couvert une dizaine de paquets de cigarettes dissimul\u00e9s \u00e0 l\u2019arri\u00e8re de la boutique.<\/p>\n<p>Treize bonbonnes d\u00e9couvertes dans le coffre de son v\u00e9hicule<\/p>\n<p>Puis, devant le commerce, dans le coffre du v\u00e9hicule du suspect, ils ont mis la main sur treize bonbonnes de protoxyde d\u2019azote ainsi que sur des ballons servant \u00e0 l\u2019inhalation.<\/p>\n<p>En garde \u00e0 vue, le mis en cause a expliqu\u00e9 qu\u2019il s\u2019agissait de sa consommation personnelle, niant toute vente ill\u00e9gale, aussi bien de tabac que de gaz hilarant. Apr\u00e8s avoir \u00e9t\u00e9 d\u00e9f\u00e9r\u00e9 au parquet, il fait l\u2019objet d\u2019une convocation par proc\u00e8s-verbal.<\/p>\n","protected":false},"excerpt":{"rendered":"Interpell\u00e9 en possession de tabac et de protoxyde d\u2019azote, un jeune homme de 21 ans, se disant salari\u00e9&hellip;\n","protected":false},"author":2,"featured_media":334395,"comment_status":"","ping_status":"","sticky":false,"template":"","format":"standard","meta":{"footnotes":""},"categories":[9599],"tags":[1111,11,1777,674,1011,27,2208,12,2680,25],"class_list":{"0":"post-334394","1":"post","2":"type-post","3":"status-publish","4":"format-standard","5":"has-post-thumbnail","7":"category-montpellier","8":"tag-actu","9":"tag-actualites","10":"tag-eu","11":"tag-europe","12":"tag-fr","13":"tag-france","14":"tag-montpellier","15":"tag-news","16":"tag-occitanie","17":"tag-republique-francaise"},"share_on_mastodon":{"url":"https:\/\/pubeurope.com\/@fr\/115067907265733693","error":""},"_links":{"self":[{"href":"https:\/\/www.europesays.com\/fr\/wp-json\/wp\/v2\/posts\/334394","targetHints":{"allow":["GET"]}}],"collection":[{"href":"https:\/\/www.europesays.com\/fr\/wp-json\/wp\/v2\/posts"}],"about":[{"href":"https:\/\/www.europesays.com\/fr\/wp-json\/wp\/v2\/types\/post"}],"author":[{"embeddable":true,"href":"https:\/\/www.europesays.com\/fr\/wp-json\/wp\/v2\/users\/2"}],"replies":[{"embeddable":true,"href":"https:\/\/www.europesays.com\/fr\/wp-json\/wp\/v2\/comments?post=334394"}],"version-history":[{"count":0,"href":"https:\/\/www.europesays.com\/fr\/wp-json\/wp\/v2\/posts\/334394\/revisions"}],"wp:featuredmedia":[{"embeddable":true,"href":"https:\/\/www.europesays.com\/fr\/wp-json\/wp\/v2\/media\/334395"}],"wp:attachment":[{"href":"https:\/\/www.europesays.com\/fr\/wp-json\/wp\/v2\/media?parent=334394"}],"wp:term":[{"taxonomy":"category","embeddable":true,"href":"https:\/\/www.europesays.com\/fr\/wp-json\/wp\/v2\/categories?post=334394"},{"taxonomy":"post_tag","embeddable":true,"href":"https:\/\/www.europesays.com\/fr\/wp-json\/wp\/v2\/tags?post=334394"}],"curies":[{"name":"wp","href":"https:\/\/api.w.org\/{rel}","templated":true}]}}