{"id":334398,"date":"2025-08-21T17:22:09","date_gmt":"2025-08-21T17:22:09","guid":{"rendered":"https:\/\/www.europesays.com\/fr\/334398\/"},"modified":"2025-08-21T17:22:09","modified_gmt":"2025-08-21T17:22:09","slug":"plusieurs-concerts-pour-cloturer-lete","status":"publish","type":"post","link":"https:\/\/www.europesays.com\/fr\/334398\/","title":{"rendered":"plusieurs concerts pour cl\u00f4turer l\u2019\u00e9t\u00e9"},"content":{"rendered":"<p>            Par<br \/>\n        <strong><br \/>\n            <a href=\"https:\/\/actu.fr\/auteur\/journaliste-louviers\" title=\"Consulter tous les articles de R\u00e9daction Louviers\" rel=\"nofollow noopener\" target=\"_blank\">R\u00e9daction Louviers<\/a><br \/>\n        <\/strong><\/p>\n<p>        Publi\u00e9 le<\/p>\n<p>            21 ao\u00fbt 2025 \u00e0 18h30        <\/p>\n<p>Chaque \u00e9t\u00e9 depuis 2006, Les Musicales de Normandie transforment la r\u00e9gion en un vaste <b>th\u00e9\u00e2tre \u00e0 ciel ouvert<\/b>, o\u00f9 les pierres charg\u00e9es d\u2019histoire r\u00e9sonnent au son des instruments. \u00c9glises, ch\u00e2teaux, manoirs, abbayes\u2026 <b>plus de trente lieux patrimoniaux<\/b> accueillent ainsi une cinquantaine de concerts de la Seine-Maritime \u00e0 l\u2019Eure, formant un v\u00e9ritable itin\u00e9raire musical et touristique.<\/p>\n<p class=\" wall-content\">En dix-neuf ans, le festival a gagn\u00e9 sa place parmi les r\u00e9f\u00e9rences de la sc\u00e8ne classique, gr\u00e2ce \u00e0 une programmation exigeante et \u00e9clectique, m\u00ealant grandes figures internationales, jeunes prodiges, r\u00e9pertoires classiques et musiques du monde. Mais son ambition reste inchang\u00e9e\u2009: <b>ouvrir la musique au plus grand nombre<\/b> tout en valorisant la richesse patrimoniale et naturelle de la Normandie. La fin du mois d\u2019ao\u00fbt r\u00e9serve une s\u00e9rie de moments particuli\u00e8rement attendus.<\/p>\n<p>Samedi\u00a023 et dimanche 24\u00a0ao\u00fbt\u2009: L\u2019\u00c9chapp\u00e9e musicale normande<\/p>\n<p class=\" wall-content\">Pour la sixi\u00e8me ann\u00e9e, l\u2019Ensemble Correspondances, dirig\u00e9 par S\u00e9bastien Dauc\u00e9, invite le public \u00e0 une exp\u00e9rience hors du commun\u2009: un <b>festival itin\u00e9rant\u2026 \u00e0 v\u00e9lo<\/b>. Cette tourn\u00e9e originale allie concerts intimistes, balades champ\u00eatres et rencontres avec les musiciens, pour un voyage qui prend le temps d\u2019\u00e9couter, de regarder et de go\u00fbter.<\/p>\n<p class=\" wall-content\">Accompagn\u00e9e de la mezzo-soprano Lucile Richardot, fra\u00eechement sacr\u00e9e Victoire de la Musique Classique 2025, la formation explore le r\u00e9pertoire somptueux de la cour de Stockholm au XVIIe\u00a0si\u00e8cle, alors centre d\u2019attraction des meilleurs musiciens europ\u00e9ens. Les \u00e9tapes s\u2019agr\u00e9mentent de <b>visites guid\u00e9es et de d\u00e9gustations de produits locaux<\/b>, comme pour prolonger la musique dans tous les sens du terme.<\/p>\n<p class=\" wall-content\">Samedi 23\u00a0ao\u00fbt\u2009: <a href=\"https:\/\/actu.fr\/normandie\/pinterville_27456\" rel=\"nofollow noopener\" target=\"_blank\">Pinterville<\/a>\u2009: 15\u2009h Concert \u00e0 l\u2019\u00c9glise de la Sainte Trinit\u00e9\u2009; 16\u2009h\u200930 visite du Ch\u00e2teau de Pinterville suivie d\u2019une d\u00e9gustation (r\u00e9servation obligatoire).<\/p>\n<p class=\" wall-content\">Dimanche 24\u00a0ao\u00fbt\u2009: <a href=\"https:\/\/actu.fr\/normandie\/amfreville-sous-les-monts_27013\" rel=\"nofollow noopener\" target=\"_blank\">Amfreville-sous-les-Monts<\/a>\u2009: 15\u2009h Concert \u00e0 l\u2019\u00c9glise Saint-Michel\u2009; 16\u2009h\u200930 balade \u00e0 v\u00e9lo jusqu\u2019au Carr\u00e9 Saint-Cyr au Vaudreuil (r\u00e9servation obligatoire, v\u00e9lo possible \u00e0 la r\u00e9servation)\u2009; visites d\u00e9couvertes de l\u2019atelier de luthi\u00e8re Agathe Bejerano Calderon \u00e0 17\u2009h\u200930 et 18\u2009h, avec d\u00e9gustation \u00e0 la cl\u00e9.<\/p>\n<p>Vid\u00e9os : en ce moment sur ActuMercredi 27\u00a0ao\u00fbt\u2009: Beethoven, Sonates pour violon<\/p>\n<p class=\" wall-content\">Le Carr\u00e9 Saint-Cyr accueille un rendez-vous qui fera date\u2009: le <b>lancement d\u2019un cycle Beethoven qui s\u2019\u00e9tendra jusqu\u2019en 2027<\/b>, avec l\u2019int\u00e9grale des sonates pour violon et piano.<\/p>\n<p>Votre r\u00e9gion, votre actu !<\/p>\n<p>Recevez chaque jour les infos qui comptent pour vous.<\/p>\n<p>\t<a href=\"https:\/\/actu.fr\/newsletter\" class=\"ac-btn ac-btn--corner ac-btn--medium ac-btn--blue800\" rel=\"nofollow noopener\" target=\"_blank\">S&rsquo;incrire<\/a><\/p>\n<p class=\" wall-content\">Pour cette premi\u00e8re \u00e9tape, la violoniste St\u00e9phanie-Marie Degand et le pianiste Daniel Isoir proposent trois \u0153uvres d\u2019\u00e9poques et de caract\u00e8res tr\u00e8s diff\u00e9rents\u2009: La Sonate n\u00b0\u00a06 en la majeur, lumineuse et \u00e9l\u00e9gante malgr\u00e9 la p\u00e9riode o\u00f9 Beethoven commen\u00e7ait \u00e0 ressentir les effets de sa surdit\u00e9. La Sonate n\u00b0\u00a08 en sol majeur, au ton plus grave, o\u00f9 l\u2019on devine un combat int\u00e9rieur entre espoir et d\u00e9sespoir. La Sonate n\u00b0\u00a09, dite \u00ab\u2009\u00e0 Kreutzer\u2009\u00bb, chef-d\u2019\u0153uvre passionn\u00e9 et techniquement redoutable, qui demeure l\u2019une des pi\u00e8ces les plus embl\u00e9matiques du compositeur. Mercredi 27\u00a0ao\u00fbt \u00e0 20\u2009h\u200930. Tarif\u2009: 14\u00a0\u20ac \u00e0 18\u00a0\u20ac.<\/p>\n<p>Vendredi 29\u00a0ao\u00fbt\u2009: Quatuor Modigliani<\/p>\n<p class=\" wall-content\">Form\u00e9 en 2003, le Quatuor Modigliani est aujourd\u2019hui invit\u00e9 sur les sc\u00e8nes les plus prestigieuses du monde. Dans l\u2019\u00e9glise d\u2019<a href=\"https:\/\/actu.fr\/normandie\/acquigny_27003\" rel=\"nofollow noopener\" target=\"_blank\">Acquigny<\/a>, les quatre musiciens\u00a0Amaury Coeytaux (violon), Lo\u00efc Rio (violon), Laurent Marfaing (alto) et Fran\u00e7ois Kieffer (violoncelle) pr\u00e9sentent un <b>programme qui traverse un si\u00e8cle de musique pour quatuor \u00e0 cordes<\/b>.<\/p>\n<p class=\" wall-content\">De la finesse du Quatuor op.77\u00a0n\u00b02 de Haydn \u00e0 l\u2019audace des Razumovsky de Beethoven, en passant par son Quatuor op.18\u00a0n\u00b02, ce concert illustre \u00e0 merveille l\u2019\u00e9volution d\u2019un genre qui, du classicisme viennois aux pr\u00e9mices du romantisme, n\u2019a cess\u00e9 de repousser ses propres fronti\u00e8res. Vendredi 29\u00a0ao\u00fbt \u00e0 20\u2009h\u200930. Tarif\u2009: 16\u00a0\u20ac \u00e0 20\u00a0\u20ac<\/p>\n<p>Samedi 30\u00a0ao\u00fbt\u2009: Vous avez dit brunettes\u2009: Kapsber\u2019Girls<\/p>\n<p class=\" wall-content\">\u00c0 16\u2009h \u00e0 <a href=\"https:\/\/actu.fr\/normandie\/terres-de-bord_27412\" rel=\"nofollow noopener\" target=\"_blank\">Terres de Bord<\/a> (\u00c9glise Notre-Dame de Montaure), les Kapsber\u2019Girls explorent les <b>brunettes<\/b>, ces airs populaires raffin\u00e9s du XVIIe\u00a0si\u00e8cle, dans un programme m\u00ealant Bartolotti, Lambert, de Sainte-Colombe ou encore Jacquet de la Guerre. Entre voix cristallines, cordes soyeuses et instruments anciens, ce voyage baroque promet d\u00e9licatesse et po\u00e9sie. Tarif\u2009: 14\u00a0\u20ac \u00e0 18\u00a0\u20ac<\/p>\n<p>Samedi 30\u00a0ao\u00fbt\u2009: Evening Hymn<\/p>\n<p class=\" wall-content\">\u00c0 20\u2009h\u200930 \u00e0 <a href=\"https:\/\/actu.fr\/normandie\/pont-de-l-arche_27469\" rel=\"nofollow noopener\" target=\"_blank\">Pont-de-l\u2019Arche<\/a> (\u00c9glise Notre-Dame des Arts), le contre-t\u00e9nor Paul-Antoine B\u00e9nos-Djian et la violiste Salom\u00e9 Gasselin plongent dans<b> l\u2019univers envo\u00fbtant d\u2019Henry Purcell et de ses contemporains<\/b>, entre basses obstin\u00e9es, harmonies surprenantes et \u00e9motion pure. Evening Hymn se veut un dialogue rare entre voix et viole de gambe, dans un cadre intimiste et charg\u00e9 d\u2019histoire. Tarif\u2009: 14\u00a0\u20ac \u00e0 18\u00a0\u20ac<\/p>\n<p class=\" wall-content\"><b>Lukas Neubauer<\/b><\/p>\n<p>Inscriptions en ligne sur <a href=\"https:\/\/musicales-normandie.com\/\" rel=\"nofollow noopener\" target=\"_blank\">musicales-normandie.com<\/a><\/p>\n<p class=\" wall-content\">Personnalisez votre actualit\u00e9 en ajoutant vos villes et m\u00e9dias en favori avec <a href=\"https:\/\/moncompte.actu.fr\" title=\"D\u00e9couvez Mon Actu\" rel=\"nofollow noopener\" data-trk=\"{&quot;cta&quot;:{&quot;action&quot;:&quot;https:\\\/\\\/moncompte.actu.fr&quot;,&quot;category&quot;:&quot;mon compte&quot;,&quot;from&quot;:&quot;article footer&quot;,&quot;name&quot;:&quot;Mon actu&quot;,&quot;type&quot;:&quot;cta&quot;}}\" target=\"_blank\">Mon Actu<\/a>.<\/p>\n","protected":false},"excerpt":{"rendered":"Par R\u00e9daction Louviers Publi\u00e9 le 21 ao\u00fbt 2025 \u00e0 18h30 Chaque \u00e9t\u00e9 depuis 2006, Les Musicales de Normandie&hellip;\n","protected":false},"author":2,"featured_media":334399,"comment_status":"","ping_status":"","sticky":false,"template":"","format":"standard","meta":{"footnotes":""},"categories":[9587],"tags":[1111,11,1697,1777,674,1011,27,1652,12,5161,25,9590],"class_list":{"0":"post-334398","1":"post","2":"type-post","3":"status-publish","4":"format-standard","5":"has-post-thumbnail","7":"category-rouen","8":"tag-actu","9":"tag-actualites","10":"tag-concert","11":"tag-eu","12":"tag-europe","13":"tag-fr","14":"tag-france","15":"tag-loisirs-culture","16":"tag-news","17":"tag-normandie","18":"tag-republique-francaise","19":"tag-rouen"},"share_on_mastodon":{"url":"https:\/\/pubeurope.com\/@fr\/115067915039119011","error":""},"_links":{"self":[{"href":"https:\/\/www.europesays.com\/fr\/wp-json\/wp\/v2\/posts\/334398","targetHints":{"allow":["GET"]}}],"collection":[{"href":"https:\/\/www.europesays.com\/fr\/wp-json\/wp\/v2\/posts"}],"about":[{"href":"https:\/\/www.europesays.com\/fr\/wp-json\/wp\/v2\/types\/post"}],"author":[{"embeddable":true,"href":"https:\/\/www.europesays.com\/fr\/wp-json\/wp\/v2\/users\/2"}],"replies":[{"embeddable":true,"href":"https:\/\/www.europesays.com\/fr\/wp-json\/wp\/v2\/comments?post=334398"}],"version-history":[{"count":0,"href":"https:\/\/www.europesays.com\/fr\/wp-json\/wp\/v2\/posts\/334398\/revisions"}],"wp:featuredmedia":[{"embeddable":true,"href":"https:\/\/www.europesays.com\/fr\/wp-json\/wp\/v2\/media\/334399"}],"wp:attachment":[{"href":"https:\/\/www.europesays.com\/fr\/wp-json\/wp\/v2\/media?parent=334398"}],"wp:term":[{"taxonomy":"category","embeddable":true,"href":"https:\/\/www.europesays.com\/fr\/wp-json\/wp\/v2\/categories?post=334398"},{"taxonomy":"post_tag","embeddable":true,"href":"https:\/\/www.europesays.com\/fr\/wp-json\/wp\/v2\/tags?post=334398"}],"curies":[{"name":"wp","href":"https:\/\/api.w.org\/{rel}","templated":true}]}}