{"id":334400,"date":"2025-08-21T17:23:11","date_gmt":"2025-08-21T17:23:11","guid":{"rendered":"https:\/\/www.europesays.com\/fr\/334400\/"},"modified":"2025-08-21T17:23:11","modified_gmt":"2025-08-21T17:23:11","slug":"fc-rouen-fcsm-le-groupe-sochalien","status":"publish","type":"post","link":"https:\/\/www.europesays.com\/fr\/334400\/","title":{"rendered":"FC Rouen-FCSM : Le groupe sochalien"},"content":{"rendered":"<p><strong>Retrouvez le groupe de 18 joueurs convoqu\u00e9s par Vincent Hognon pour le d\u00e9placement \u00e0 Rouen ce vendredi 22 ao\u00fbt \u00e0 19h30 au Stade Robert Diochon.<\/strong><\/p>\n<ul>&#13;<\/p>\n<li><b>Gardiens : <\/b>Alexandre Pierre et Mehdi Jeannin<\/li>\n<p>&#13;<\/p>\n<li><b>D\u00e9fenseurs : <\/b>Mathieu Peybernes, Bendjaloud Youssouf, Arthur Vitelli, Dylan Tavares, Elie N&rsquo;Gatta<\/li>\n<p>&#13;<\/p>\n<li><b>Milieux : <\/b>Julien Masson, Elson Mendes, Jonathan Mexique, Aymen Boutoutaou, Samy Benchamma<\/li>\n<p>&#13;<\/p>\n<li><b>Attaquants : <\/b>Benjamin Gomel, Solomon Loubao, Boubacar Fofana, Martin Lecolier, Aboubacar Sidib\u00e9, Kapit Djoco<\/li>\n<p>&#13;\n<\/ul>\n<p><b>Soins ou en reprise : <\/b>Matthis Sch\u00fcbler-Lecart<\/p>\n","protected":false},"excerpt":{"rendered":"Retrouvez le groupe de 18 joueurs convoqu\u00e9s par Vincent Hognon pour le d\u00e9placement \u00e0 Rouen ce vendredi 22&hellip;\n","protected":false},"author":2,"featured_media":334401,"comment_status":"","ping_status":"","sticky":false,"template":"","format":"standard","meta":{"footnotes":""},"categories":[9587],"tags":[1111,11,1777,674,1011,27,12,5161,25,9590],"class_list":{"0":"post-334400","1":"post","2":"type-post","3":"status-publish","4":"format-standard","5":"has-post-thumbnail","7":"category-rouen","8":"tag-actu","9":"tag-actualites","10":"tag-eu","11":"tag-europe","12":"tag-fr","13":"tag-france","14":"tag-news","15":"tag-normandie","16":"tag-republique-francaise","17":"tag-rouen"},"share_on_mastodon":{"url":"https:\/\/pubeurope.com\/@fr\/115067919057444413","error":""},"_links":{"self":[{"href":"https:\/\/www.europesays.com\/fr\/wp-json\/wp\/v2\/posts\/334400","targetHints":{"allow":["GET"]}}],"collection":[{"href":"https:\/\/www.europesays.com\/fr\/wp-json\/wp\/v2\/posts"}],"about":[{"href":"https:\/\/www.europesays.com\/fr\/wp-json\/wp\/v2\/types\/post"}],"author":[{"embeddable":true,"href":"https:\/\/www.europesays.com\/fr\/wp-json\/wp\/v2\/users\/2"}],"replies":[{"embeddable":true,"href":"https:\/\/www.europesays.com\/fr\/wp-json\/wp\/v2\/comments?post=334400"}],"version-history":[{"count":0,"href":"https:\/\/www.europesays.com\/fr\/wp-json\/wp\/v2\/posts\/334400\/revisions"}],"wp:featuredmedia":[{"embeddable":true,"href":"https:\/\/www.europesays.com\/fr\/wp-json\/wp\/v2\/media\/334401"}],"wp:attachment":[{"href":"https:\/\/www.europesays.com\/fr\/wp-json\/wp\/v2\/media?parent=334400"}],"wp:term":[{"taxonomy":"category","embeddable":true,"href":"https:\/\/www.europesays.com\/fr\/wp-json\/wp\/v2\/categories?post=334400"},{"taxonomy":"post_tag","embeddable":true,"href":"https:\/\/www.europesays.com\/fr\/wp-json\/wp\/v2\/tags?post=334400"}],"curies":[{"name":"wp","href":"https:\/\/api.w.org\/{rel}","templated":true}]}}