{"id":334406,"date":"2025-08-21T17:26:15","date_gmt":"2025-08-21T17:26:15","guid":{"rendered":"https:\/\/www.europesays.com\/fr\/334406\/"},"modified":"2025-08-21T17:26:15","modified_gmt":"2025-08-21T17:26:15","slug":"il-nous-reste-encore-du-boulot-victime-dun-violent-incendie-a-rennes-en-janvier-ce-celebre-magasin-se-prepare-a-la-reouverture","status":"publish","type":"post","link":"https:\/\/www.europesays.com\/fr\/334406\/","title":{"rendered":"\u00ab\u00a0Il nous reste encore du boulot\u00a0\u00bb\u00a0: victime d\u2019un violent incendie \u00e0 Rennes en janvier, ce c\u00e9l\u00e8bre magasin se pr\u00e9pare \u00e0 la r\u00e9ouverture"},"content":{"rendered":"<p>Ce mercredi, les familles d\u00e9filent devant les portes closes du magasin Kiabi sur le parking du centre commercial Alma. Venues avec deux, trois, quatre enfants\u2026 Tous esp\u00e8rent que la boutique de v\u00eatements bon march\u00e9 puisse leur permettre de compl\u00e9ter leurs courses de rentr\u00e9e. Rat\u00e9 pour cette semaine. Il faudra attendre encore quelques jours.<\/p>\n<p>\u00ab Nous ouvrirons dans un peu plus d\u2019une semaine, le vendredi 29 ao\u00fbt \u00bb, explique un salari\u00e9. \u00ab Pour le moment, il nous reste encore du boulot\u2026 Nous mettons tous les produits en rayon et nous avons 1 400 m\u00b2 de vente. Nous serons ouverts de 9 h \u00e0 20 h \u00bb Voil\u00e0 pourquoi, les lumi\u00e8res sont allum\u00e9es mais les portes toujours ferm\u00e9es.<\/p>\n<p>Kiabi et King jouet touch\u00e9s par l\u2019incendie criminel du bowling<\/p>\n<p>Dans la nuit du 19 au 20 janvier, un incendie avait ravag\u00e9 le bowling attenant au magasin de v\u00eatements. 60 pompiers avaient \u00e9t\u00e9 mobilis\u00e9s pendant des heures. Les boutiques attenantes au bowling, Kiabi et King jouet avaient \u00e9t\u00e9 incendi\u00e9es \u00e9galement. Depuis, des travaux de s\u00e9curisation ont pu avoir lieu \u00e0 Kiabi qui s\u2019appr\u00eate \u00e0 rouvrir. King jouet reste pour le moment ferm\u00e9. Le bowling, quant \u00e0 lui, a \u00e9t\u00e9 enti\u00e8rement d\u00e9truit.<\/p>\n","protected":false},"excerpt":{"rendered":"Ce mercredi, les familles d\u00e9filent devant les portes closes du magasin Kiabi sur le parking du centre commercial&hellip;\n","protected":false},"author":2,"featured_media":334407,"comment_status":"","ping_status":"","sticky":false,"template":"","format":"standard","meta":{"footnotes":""},"categories":[2821],"tags":[1111,11,829,2033,1777,674,1011,27,848,12,584,25],"class_list":{"0":"post-334406","1":"post","2":"type-post","3":"status-publish","4":"format-standard","5":"has-post-thumbnail","7":"category-rennes","8":"tag-actu","9":"tag-actualites","10":"tag-bretagne","11":"tag-commerces-a-rennes","12":"tag-eu","13":"tag-europe","14":"tag-fr","15":"tag-france","16":"tag-ille-et-vilaine","17":"tag-news","18":"tag-rennes","19":"tag-republique-francaise"},"share_on_mastodon":{"url":"https:\/\/pubeurope.com\/@fr\/115067930840909476","error":""},"_links":{"self":[{"href":"https:\/\/www.europesays.com\/fr\/wp-json\/wp\/v2\/posts\/334406","targetHints":{"allow":["GET"]}}],"collection":[{"href":"https:\/\/www.europesays.com\/fr\/wp-json\/wp\/v2\/posts"}],"about":[{"href":"https:\/\/www.europesays.com\/fr\/wp-json\/wp\/v2\/types\/post"}],"author":[{"embeddable":true,"href":"https:\/\/www.europesays.com\/fr\/wp-json\/wp\/v2\/users\/2"}],"replies":[{"embeddable":true,"href":"https:\/\/www.europesays.com\/fr\/wp-json\/wp\/v2\/comments?post=334406"}],"version-history":[{"count":0,"href":"https:\/\/www.europesays.com\/fr\/wp-json\/wp\/v2\/posts\/334406\/revisions"}],"wp:featuredmedia":[{"embeddable":true,"href":"https:\/\/www.europesays.com\/fr\/wp-json\/wp\/v2\/media\/334407"}],"wp:attachment":[{"href":"https:\/\/www.europesays.com\/fr\/wp-json\/wp\/v2\/media?parent=334406"}],"wp:term":[{"taxonomy":"category","embeddable":true,"href":"https:\/\/www.europesays.com\/fr\/wp-json\/wp\/v2\/categories?post=334406"},{"taxonomy":"post_tag","embeddable":true,"href":"https:\/\/www.europesays.com\/fr\/wp-json\/wp\/v2\/tags?post=334406"}],"curies":[{"name":"wp","href":"https:\/\/api.w.org\/{rel}","templated":true}]}}