{"id":334410,"date":"2025-08-21T17:28:12","date_gmt":"2025-08-21T17:28:12","guid":{"rendered":"https:\/\/www.europesays.com\/fr\/334410\/"},"modified":"2025-08-21T17:28:12","modified_gmt":"2025-08-21T17:28:12","slug":"strasbourg-bientot-la-rentree-leurometropole-presente-ses-mesures-face-a-la-crise-du-logement-etudiant","status":"publish","type":"post","link":"https:\/\/www.europesays.com\/fr\/334410\/","title":{"rendered":"Strasbourg. Bient\u00f4t la rentr\u00e9e, l\u2019Eurom\u00e9tropole pr\u00e9sente ses mesures face \u00e0 la crise du logement \u00e9tudiant"},"content":{"rendered":"<p>Il fallait zigzaguer entre les trous dans le plancher pour atteindre la caf\u00e9t\u00e9ria d\u00e9saffect\u00e9e depuis laquelle Suzanne Brolly, \u00e9lue charg\u00e9e de l\u2019habitat, a pr\u00e9sent\u00e9 ce mercredi 20 ao\u00fbt les mesures de l\u2019Eurom\u00e9tropole de Strasbourg pour faire face \u00e0 la crise du logement \u00e9tudiant. Ces anciens locaux sont ceux du d\u00e9partement informatique de la Tr\u00e9sorerie g\u00e9n\u00e9rale du Bas-Rhin, \u00e0 l\u2019Esplanade. D\u2019ici 2028, ils seront transform\u00e9s en r\u00e9sidence pour \u00e9tudiants et jeunes actifs. De quoi illustrer l\u2019action de la collectivit\u00e9 en mati\u00e8re de logement \u00e9tudiant, en s\u2019appuyant sur un bilan r\u00e9alis\u00e9 par l\u2019Observatoire territorial du logement \u00e9tudiant (OTLE).<\/p>\n<p>Premier constat, le nombre d\u2019\u00e9tudiants strasbourgeois n\u2019a cess\u00e9 d\u2019augmenter entre\u00a02015 et\u00a02022, passant de 61\u00a0000 \u00e0 plus de 69\u00a0000. Aujourd\u2019hui, cette hausse \u00ab\u00a0semble s\u2019orienter vers une stagnation durable autour de 68\u00a0000 \u00e9tudiants qui s\u2019explique par la d\u00e9mographie\u00a0\u00bb, pr\u00e9cise l\u2019OTLE. Mais la part&#8230;<\/p>\n","protected":false},"excerpt":{"rendered":"Il fallait zigzaguer entre les trous dans le plancher pour atteindre la caf\u00e9t\u00e9ria d\u00e9saffect\u00e9e depuis laquelle Suzanne Brolly,&hellip;\n","protected":false},"author":2,"featured_media":334411,"comment_status":"","ping_status":"","sticky":false,"template":"","format":"standard","meta":{"footnotes":""},"categories":[2820],"tags":[1111,11,2880,1057,4854,1777,674,107,1011,27,775,1908,12,25,801,104,640,2879],"class_list":{"0":"post-334410","1":"post","2":"type-post","3":"status-publish","4":"format-standard","5":"has-post-thumbnail","7":"category-strasbourg","8":"tag-actu","9":"tag-actualites","10":"tag-edition-strasbourg","11":"tag-education","12":"tag-enseignement-superieur","13":"tag-eu","14":"tag-europe","15":"tag-fil-info","16":"tag-fr","17":"tag-france","18":"tag-grand-est","19":"tag-logement","20":"tag-news","21":"tag-republique-francaise","22":"tag-social","23":"tag-societe","24":"tag-strasbourg","25":"tag-strasbourg-ville"},"share_on_mastodon":{"url":"https:\/\/pubeurope.com\/@fr\/115067938747095871","error":""},"_links":{"self":[{"href":"https:\/\/www.europesays.com\/fr\/wp-json\/wp\/v2\/posts\/334410","targetHints":{"allow":["GET"]}}],"collection":[{"href":"https:\/\/www.europesays.com\/fr\/wp-json\/wp\/v2\/posts"}],"about":[{"href":"https:\/\/www.europesays.com\/fr\/wp-json\/wp\/v2\/types\/post"}],"author":[{"embeddable":true,"href":"https:\/\/www.europesays.com\/fr\/wp-json\/wp\/v2\/users\/2"}],"replies":[{"embeddable":true,"href":"https:\/\/www.europesays.com\/fr\/wp-json\/wp\/v2\/comments?post=334410"}],"version-history":[{"count":0,"href":"https:\/\/www.europesays.com\/fr\/wp-json\/wp\/v2\/posts\/334410\/revisions"}],"wp:featuredmedia":[{"embeddable":true,"href":"https:\/\/www.europesays.com\/fr\/wp-json\/wp\/v2\/media\/334411"}],"wp:attachment":[{"href":"https:\/\/www.europesays.com\/fr\/wp-json\/wp\/v2\/media?parent=334410"}],"wp:term":[{"taxonomy":"category","embeddable":true,"href":"https:\/\/www.europesays.com\/fr\/wp-json\/wp\/v2\/categories?post=334410"},{"taxonomy":"post_tag","embeddable":true,"href":"https:\/\/www.europesays.com\/fr\/wp-json\/wp\/v2\/tags?post=334410"}],"curies":[{"name":"wp","href":"https:\/\/api.w.org\/{rel}","templated":true}]}}