{"id":334412,"date":"2025-08-21T17:29:15","date_gmt":"2025-08-21T17:29:15","guid":{"rendered":"https:\/\/www.europesays.com\/fr\/334412\/"},"modified":"2025-08-21T17:29:15","modified_gmt":"2025-08-21T17:29:15","slug":"brondby-les-compositions-officielles","status":"publish","type":"post","link":"https:\/\/www.europesays.com\/fr\/334412\/","title":{"rendered":"Br\u00f8ndby : les compositions officielles"},"content":{"rendered":"<p><a href=\"https:\/\/www.footmercato.net\/live\/4099987078455041174-strasbourg-vs-brondby\" rel=\"nofollow noopener\" target=\"_blank\">Ce jeudi, les barrages de la Ligue Europa Conference offrent un sacr\u00e9 duel avec le match aller entre le Racing Club de Strasbourg et le club danois de Br\u00f8ndby.<\/a> A domicile, les Alsaciens s\u2019organisent dans un 4-4-2 losange avec Mike Penders qui officie comme dernier rempart. Devant lui, on retrouve Junior Mwanga, Andrew Omobamidele, Mamadou Sarr et Valentin Barco. Isma\u00ebl Doukour\u00e9, Sam Amo-Ameyaw et F\u00e9lix Lemar\u00e9chal sont associ\u00e9s dans l\u2019entrejeu. En pointe, Emanuel Emegha et Joaqu\u00edn Panichelli sont soutenus par Sebastian Nanasi. <\/p>\n<p>            La suite apr\u00e8s cette publicit\u00e9<\/p>\n<p>De leur c\u00f4t\u00e9, les Danois misent sur un 3-4-3 avec Patrick Pentz dans les buts derri\u00e8re Sean Klaiber, Rasmus Lauritsen et Luis Binks en d\u00e9fense tandis que Marko Divkovi\u0107 et Mats K\u00f6hlert officient comme pistons. Benjamin Tahirovic \u00e9volue en sentinelle avec Daniel Wass \u00e0 ses c\u00f4t\u00e9s. Devant, Noah Nartey et Nicolai Vallys \u00e9paulent Filip Bundgaard en attaque. <\/p>\n<p>        Les compositions<\/p>\n<p><strong>Racing Club de <a href=\"https:\/\/www.footmercato.net\/club\/rc-strasbourg-alsace\/\" rel=\"nofollow noopener\" target=\"_blank\">Strasbourg<\/a> :<\/strong> Penders &#8211; Mwanga, Omobamidele, Sarr, Barco &#8211; Sam Amo-Ameyaw, Doukour\u00e9, Lemar\u00e9chal &#8211; Nanasi &#8211; Emegha, Panichelli<\/p>\n<p>            La suite apr\u00e8s cette publicit\u00e9<\/p>\n<p><strong>Br\u00f8ndby :<\/strong> Pentz &#8211; Klaiber, Lauritsen, Binks &#8211; Divkovic, Wass, Tahirovic, K\u00f6hlert &#8211; Nartey, Bundgaard, Vallys<\/p>\n<p>\n    Pub. le 21\/08\/2025 18:58<br \/>\n            &#8211; MAJ le 21\/08\/2025 19:18\n    <\/p>\n","protected":false},"excerpt":{"rendered":"Ce jeudi, les barrages de la Ligue Europa Conference offrent un sacr\u00e9 duel avec le match aller entre&hellip;\n","protected":false},"author":2,"featured_media":90783,"comment_status":"","ping_status":"","sticky":false,"template":"","format":"standard","meta":{"footnotes":""},"categories":[2820],"tags":[1111,11,1777,674,1011,27,775,12,25,640],"class_list":{"0":"post-334412","1":"post","2":"type-post","3":"status-publish","4":"format-standard","5":"has-post-thumbnail","7":"category-strasbourg","8":"tag-actu","9":"tag-actualites","10":"tag-eu","11":"tag-europe","12":"tag-fr","13":"tag-france","14":"tag-grand-est","15":"tag-news","16":"tag-republique-francaise","17":"tag-strasbourg"},"share_on_mastodon":{"url":"https:\/\/pubeurope.com\/@fr\/115067942641167667","error":""},"_links":{"self":[{"href":"https:\/\/www.europesays.com\/fr\/wp-json\/wp\/v2\/posts\/334412","targetHints":{"allow":["GET"]}}],"collection":[{"href":"https:\/\/www.europesays.com\/fr\/wp-json\/wp\/v2\/posts"}],"about":[{"href":"https:\/\/www.europesays.com\/fr\/wp-json\/wp\/v2\/types\/post"}],"author":[{"embeddable":true,"href":"https:\/\/www.europesays.com\/fr\/wp-json\/wp\/v2\/users\/2"}],"replies":[{"embeddable":true,"href":"https:\/\/www.europesays.com\/fr\/wp-json\/wp\/v2\/comments?post=334412"}],"version-history":[{"count":0,"href":"https:\/\/www.europesays.com\/fr\/wp-json\/wp\/v2\/posts\/334412\/revisions"}],"wp:featuredmedia":[{"embeddable":true,"href":"https:\/\/www.europesays.com\/fr\/wp-json\/wp\/v2\/media\/90783"}],"wp:attachment":[{"href":"https:\/\/www.europesays.com\/fr\/wp-json\/wp\/v2\/media?parent=334412"}],"wp:term":[{"taxonomy":"category","embeddable":true,"href":"https:\/\/www.europesays.com\/fr\/wp-json\/wp\/v2\/categories?post=334412"},{"taxonomy":"post_tag","embeddable":true,"href":"https:\/\/www.europesays.com\/fr\/wp-json\/wp\/v2\/tags?post=334412"}],"curies":[{"name":"wp","href":"https:\/\/api.w.org\/{rel}","templated":true}]}}