{"id":334413,"date":"2025-08-21T17:30:15","date_gmt":"2025-08-21T17:30:15","guid":{"rendered":"https:\/\/www.europesays.com\/fr\/334413\/"},"modified":"2025-08-21T17:30:15","modified_gmt":"2025-08-21T17:30:15","slug":"il-degaine-un-revolver-et-tire-sur-le-gerant-dune-petite-epicerie-pour-une-simple-bouteille-dalcool-lassaillant-arrete-a-nice","status":"publish","type":"post","link":"https:\/\/www.europesays.com\/fr\/334413\/","title":{"rendered":"Il d\u00e9gaine un r\u00e9volver et tire sur le g\u00e9rant d&rsquo;une petite \u00e9picerie pour&#8230; une simple bouteille d&rsquo;alcool : l&rsquo;assaillant arr\u00eat\u00e9 \u00e0 Nice"},"content":{"rendered":"<p><strong>Le quartier du port de Nice a \u00e9t\u00e9 le th\u00e9\u00e2tre d\u2019un fait divers, plut\u00f4t rare dans ce quartier touristique. Heureusement, la victime, l\u00e9g\u00e8rement bless\u00e9e, a d\u00e9j\u00e0 pu sortir de l\u2019h\u00f4pital et reprendre son affaire. <\/strong><\/p>\n<p><strong>En bref \u2013 <\/strong>Mardi soir soir, un individu a tent\u00e9 de d\u00e9rober une bouteille d\u2019alcool dans un magasin alimentaire de la rue Fran\u00e7ois Guisol. Lorsque le g\u00e9rant a voulu l\u2019en emp\u00eacher, le voleur a sorti un revolver et lui a tir\u00e9 dessus, avant de prendre la fuite. <\/p>\n<p>Rapidement mobilis\u00e9es, les polices nationale et  municipale ont uni leurs efforts pour identifier et retrouver l\u2019agresseur. Celui-ci a finalement \u00e9t\u00e9 interpell\u00e9 hier. Le pr\u00e9fet a salu\u00e9 \u00ab l\u2019excellent travail des forces de l\u2019ordre \u00bb et \u00ab l\u2019efficacit\u00e9 de leur action conjointe \u00bb, preuve que la coordination locale en mati\u00e8re de s\u00e9curit\u00e9 porte ses fruits. <\/p>\n<p>Ce nouvel \u00e9pisode illustre la mont\u00e9e des violences dans la d\u00e9linquance dite du quotidien. Un simple vol \u00e0 l\u2019\u00e9talage se transforme d\u00e9sormais en agression arm\u00e9e, au m\u00e9pris de la vie des commer\u00e7ants, d\u00e9j\u00e0 fragilis\u00e9s par des ann\u00e9es de difficult\u00e9s \u00e9conomiques. <\/p>\n<p>\u00ab\u00a0Ces marginaux qui nous empoisonnent la vie\u00a0\u00bb<\/p>\n<p>De nombreuses voix locales rappellent qu\u2019il est urgent de renforcer la pr\u00e9sence polici\u00e8re dans les rues et de garantir une r\u00e9ponse ferme. L\u2019auteur pr\u00e9sum\u00e9 a \u00e9t\u00e9 plac\u00e9 \u00e0 la disposition de la justice. Il s\u2019agirait d\u2019un individu marginal.<\/p>\n<p>Le 20 ao\u00fbt, le maire Christian Estrosi r\u00e9agissait d\u00e9j\u00e0 : \u00ab\u00a0Cet acte qui aurait \u00e9t\u00e9 accompli par un sans domicile stable du quartier est intol\u00e9rable. Des sanctions s\u00e9v\u00e8res devront \u00eatre prononc\u00e9es. La pr\u00e9sence de la police municipale est renforc\u00e9e d\u00e8s \u00e0 pr\u00e9sent dans le quartier et nous mettons les images de nos cam\u00e9ras \u00e0 disposition des enqu\u00eateurs.\u00a0\u00bb<\/p>\n<p>\u00ab\u00a0Les Ni\u00e7ois n\u2019ont pas \u00e0 subir plus longtemps ces marginaux qui leur empoisonnent la vie. Nous alertons depuis de nombreux mois sur la recrudescence de personnes agressives et sans domicile dans nos rues et attendons des actions plus fortes de la part de l\u2019Etat.\u00a0\u00bb<\/p>\n<p><a href=\"https:\/\/anneedelamer.nice.fr\/\" rel=\"nofollow noopener\" target=\"_blank\"><img loading=\"lazy\" decoding=\"async\" width=\"300\" height=\"300\" src=\"data:image\/svg+xml,%3Csvg%20xmlns=\" http:=\"\" alt=\"\" class=\"wp-image-235449\" data-lazy-src=\"https:\/\/www.europesays.com\/fr\/wp-content\/uploads\/2025\/04\/IMG_1416-2.png\"\/><\/a><\/p>\n","protected":false},"excerpt":{"rendered":"Le quartier du port de Nice a \u00e9t\u00e9 le th\u00e9\u00e2tre d\u2019un fait divers, plut\u00f4t rare dans ce quartier&hellip;\n","protected":false},"author":2,"featured_media":334414,"comment_status":"","ping_status":"","sticky":false,"template":"","format":"standard","meta":{"footnotes":""},"categories":[2819],"tags":[1111,11,1777,674,1011,27,12,2401,882,25],"class_list":{"0":"post-334413","1":"post","2":"type-post","3":"status-publish","4":"format-standard","5":"has-post-thumbnail","7":"category-nice","8":"tag-actu","9":"tag-actualites","10":"tag-eu","11":"tag-europe","12":"tag-fr","13":"tag-france","14":"tag-news","15":"tag-nice","16":"tag-provence-alpes-cote-dazur","17":"tag-republique-francaise"},"share_on_mastodon":{"url":"https:\/\/pubeurope.com\/@fr\/115067946537035476","error":""},"_links":{"self":[{"href":"https:\/\/www.europesays.com\/fr\/wp-json\/wp\/v2\/posts\/334413","targetHints":{"allow":["GET"]}}],"collection":[{"href":"https:\/\/www.europesays.com\/fr\/wp-json\/wp\/v2\/posts"}],"about":[{"href":"https:\/\/www.europesays.com\/fr\/wp-json\/wp\/v2\/types\/post"}],"author":[{"embeddable":true,"href":"https:\/\/www.europesays.com\/fr\/wp-json\/wp\/v2\/users\/2"}],"replies":[{"embeddable":true,"href":"https:\/\/www.europesays.com\/fr\/wp-json\/wp\/v2\/comments?post=334413"}],"version-history":[{"count":0,"href":"https:\/\/www.europesays.com\/fr\/wp-json\/wp\/v2\/posts\/334413\/revisions"}],"wp:featuredmedia":[{"embeddable":true,"href":"https:\/\/www.europesays.com\/fr\/wp-json\/wp\/v2\/media\/334414"}],"wp:attachment":[{"href":"https:\/\/www.europesays.com\/fr\/wp-json\/wp\/v2\/media?parent=334413"}],"wp:term":[{"taxonomy":"category","embeddable":true,"href":"https:\/\/www.europesays.com\/fr\/wp-json\/wp\/v2\/categories?post=334413"},{"taxonomy":"post_tag","embeddable":true,"href":"https:\/\/www.europesays.com\/fr\/wp-json\/wp\/v2\/tags?post=334413"}],"curies":[{"name":"wp","href":"https:\/\/api.w.org\/{rel}","templated":true}]}}