{"id":334417,"date":"2025-08-21T17:32:20","date_gmt":"2025-08-21T17:32:20","guid":{"rendered":"https:\/\/www.europesays.com\/fr\/334417\/"},"modified":"2025-08-21T17:32:20","modified_gmt":"2025-08-21T17:32:20","slug":"laurence-garnier-soutient-les-plus-belles-fetes-de-france","status":"publish","type":"post","link":"https:\/\/www.europesays.com\/fr\/334417\/","title":{"rendered":"Laurence Garnier soutient \u00ab\u00a0Les plus belles f\u00eates de France\u00a0\u00bb"},"content":{"rendered":"<p>Pr\u00e9sent\u00e9e comme marraine de l\u2019op\u00e9ration \u00ab\u00a0Les plus belles f\u00eates de France\u00a0\u00bb, impuls\u00e9e par l\u2019association du m\u00eame nom, Laurence Garnier, la s\u00e9natrice LR (Les R\u00e9publicains) r\u00e9fute le terme.<\/p>\n<p>Mais elle ne cache pas sa proximit\u00e9 avec la d\u00e9marche impuls\u00e9e par l\u2019association et tacle la gauche, accus\u00e9e <strong>\u00ab\u00a0d\u2019organiser l\u2019hyst\u00e9rie collective et syst\u00e9matique autour d\u2019un projet qui met en valeur la convivialit\u00e9, le lien social et l\u2019authenticit\u00e9 de nos territoires [\u2026] alors que 30\u00a0% des f\u00eates traditionnelles ont disparu en 4\u00a0ans\u00a0\u00bb.<\/strong> Pour elle, cette gauche \u00ab\u00a0<strong>condamne b\u00eatement la France des honn\u00eates gens\u00a0\u00bb.<\/strong><\/p>\n<p>Derri\u00e8re cette pol\u00e9mique, la pr\u00e9sence du milliardaire Pierre-Edouard St\u00e9rin, proche de l\u2019extr\u00eame droite, et qui soutient l\u2019association via une agence d\u2019\u00e9v\u00e9nementiel. <a href=\"https:\/\/granville.maville.com\/actu\/actudet_-un-label-qui-embarrasse-la-ville-de-nantes-et-les-organisateurs-du-carnaval-_52665-6940612_actu.Htm\" target=\"_self\" rel=\"noopener\">Le carnaval de Nantes figure dans l\u2019agenda du site de l\u2019association. Les organisateurs du carnaval ont demand\u00e9 le retrait de cet agenda.<\/a><\/p>\n<p>\u00a0<\/p>\n","protected":false},"excerpt":{"rendered":"Pr\u00e9sent\u00e9e comme marraine de l\u2019op\u00e9ration \u00ab\u00a0Les plus belles f\u00eates de France\u00a0\u00bb, impuls\u00e9e par l\u2019association du m\u00eame nom, Laurence&hellip;\n","protected":false},"author":2,"featured_media":334418,"comment_status":"","ping_status":"","sticky":false,"template":"","format":"standard","meta":{"footnotes":""},"categories":[2818],"tags":[1111,11,13543,1777,674,14537,1011,27,34022,35207,766,12,2636,25,47163],"class_list":{"0":"post-334417","1":"post","2":"type-post","3":"status-publish","4":"format-standard","5":"has-post-thumbnail","7":"category-nantes","8":"tag-actu","9":"tag-actualites","10":"tag-belles","11":"tag-eu","12":"tag-europe","13":"tag-fetes","14":"tag-fr","15":"tag-france","16":"tag-garnier","17":"tag-laurence","18":"tag-nantes","19":"tag-news","20":"tag-pays-de-la-loire","21":"tag-republique-francaise","22":"tag-soutient"},"share_on_mastodon":{"url":"https:\/\/pubeurope.com\/@fr\/115067954676104989","error":""},"_links":{"self":[{"href":"https:\/\/www.europesays.com\/fr\/wp-json\/wp\/v2\/posts\/334417","targetHints":{"allow":["GET"]}}],"collection":[{"href":"https:\/\/www.europesays.com\/fr\/wp-json\/wp\/v2\/posts"}],"about":[{"href":"https:\/\/www.europesays.com\/fr\/wp-json\/wp\/v2\/types\/post"}],"author":[{"embeddable":true,"href":"https:\/\/www.europesays.com\/fr\/wp-json\/wp\/v2\/users\/2"}],"replies":[{"embeddable":true,"href":"https:\/\/www.europesays.com\/fr\/wp-json\/wp\/v2\/comments?post=334417"}],"version-history":[{"count":0,"href":"https:\/\/www.europesays.com\/fr\/wp-json\/wp\/v2\/posts\/334417\/revisions"}],"wp:featuredmedia":[{"embeddable":true,"href":"https:\/\/www.europesays.com\/fr\/wp-json\/wp\/v2\/media\/334418"}],"wp:attachment":[{"href":"https:\/\/www.europesays.com\/fr\/wp-json\/wp\/v2\/media?parent=334417"}],"wp:term":[{"taxonomy":"category","embeddable":true,"href":"https:\/\/www.europesays.com\/fr\/wp-json\/wp\/v2\/categories?post=334417"},{"taxonomy":"post_tag","embeddable":true,"href":"https:\/\/www.europesays.com\/fr\/wp-json\/wp\/v2\/tags?post=334417"}],"curies":[{"name":"wp","href":"https:\/\/api.w.org\/{rel}","templated":true}]}}