{"id":334419,"date":"2025-08-21T17:33:17","date_gmt":"2025-08-21T17:33:17","guid":{"rendered":"https:\/\/www.europesays.com\/fr\/334419\/"},"modified":"2025-08-21T17:33:17","modified_gmt":"2025-08-21T17:33:17","slug":"mercato-fc-nantes-six-milieux-defensifs-libres-pour-seconder-coquelin","status":"publish","type":"post","link":"https:\/\/www.europesays.com\/fr\/334419\/","title":{"rendered":"Mercato, FC Nantes. Six milieux d\u00e9fensifs libres pour seconder Coquelin"},"content":{"rendered":"<p><img fetchpriority=\"high\" decoding=\"async\" width=\"600\" height=\"400\" src=\"https:\/\/www.europesays.com\/fr\/wp-content\/uploads\/2025\/06\/FC-Nantes-illustration-football.jpg\" alt=\"Mercato, FC Nantes. Six milieux d\u00e9fensifs libres pour seconder Coquelin\" class=\"wp-image-217607\"  \/>Le FC Nantes aimerait recruter un milieu d\u00e9fensif en doublure de Coquelin.<\/p>\n<p>Soucieux d\u2019anticiper le manque \u00e0 gagner des droits de l\u2019audiovisuel et d\u2019\u00e9viter un exercice \u00e0 pertes sans l\u2019intervention directe de l\u2019actionnaire, le <a href=\"https:\/\/sportune.20minutes.fr\/fc-nantes\" rel=\"nofollow noopener\" target=\"_blank\">FC Nantes<\/a> n\u2019a pas m\u00e9nag\u00e9 sa peine pour d\u00e9graisser l\u2019effectif, enregistrant tout \u00e0 la fois de substantielles indemnit\u00e9s sur les cessions et une \u00e9conomie cons\u00e9quente sur la masse salariale.<\/p>\n<p>Mais ces d\u00e9parts doivent forc\u00e9ment \u00eatre compens\u00e9s num\u00e9riquement pour donner le change sur le rectangle vert. Ainsi, L\u2019Equipe \u00e9voque ce jeudi, la volont\u00e9 du club de doubler le poste de Francis Coquelin \u00e0 la r\u00e9cup\u00e9ration, car le joueur de 34 ans est parfois en d\u00e9licatesse avec son corps. A profil de n\u00b01 et demi, investissement plus mesur\u00e9, de surcro\u00eet de la part d\u2019un club en qu\u00eate de fra\u00eeches liquidit\u00e9s. Alors peut-\u00eatre le <a href=\"https:\/\/sportune.20minutes.fr\/fc-nantes\" rel=\"nofollow noopener\" target=\"_blank\">FC Nantes<\/a> se tournera-t-il vers le march\u00e9 des joueurs libres, comme il l\u2019a justement fait en recrutant Radakovic et El Arabi cet \u00e9t\u00e9.<\/p>\n<p>Le march\u00e9 des joueurs libres a quelques profils int\u00e9ressants<\/p>\n<p>A Sportune, nous avons s\u00e9lectionn\u00e9 six milieux \u00e0 vocation plut\u00f4t d\u00e9fensive, qui r\u00e9pondent en premier lieu \u00e0 l\u2019exigence du championnat de France ; l\u2019id\u00e9e \u00e9tant de retenir des joueurs plut\u00f4t rompus aux joutes de la <a href=\"https:\/\/sportune.20minutes.fr\/ligue-1-l1\" rel=\"nofollow noopener\" target=\"_blank\">Ligue 1<\/a>, pour une adaptation imm\u00e9diate.<\/p>\n<p>Le plus \u00e9vident est probablement le plus cher en salaire. Et le plus \u00e2g\u00e9 de tous. Pass\u00e9 par le <a href=\"https:\/\/sportune.20minutes.fr\/stade-rennais-srfc\" rel=\"nofollow noopener\" target=\"_blank\">Stade Rennais<\/a> puis l\u2019<a href=\"https:\/\/sportune.20minutes.fr\/olympique-lyonnais-ol\" rel=\"nofollow noopener\" target=\"_blank\">Olympique Lyonnais<\/a>, pour des succ\u00e8s mitig\u00e9s, Nemanja Matic a r\u00e9cemment r\u00e9sili\u00e9 son gros contrat avec les Gones. A 37 ans, il semble peu probable qu\u2019il \u00e9tire son s\u00e9jour en France, mais il a cette exp\u00e9rience des grands clubs que n\u2019ont pas les autres de la liste.<\/p>\n<p>Tiemou\u00e9 Bakayoko, un champion du monde en perte s\u00e8che de vitesse<\/p>\n<p>Tout du moins pas tous, car y figure quand m\u00eame un champion du monde en la personne de Tiemou\u00e9 Bakayoko. Depuis ce sacre en Russie, l\u2019ancien Mon\u00e9gasque n\u2019a jamais retrouv\u00e9 sa superbe de l\u2019\u00e9poque, mais il n\u2019a que 31 ans, un \u00e2ge pas encore canonique \u00e0 l\u2019\u00e9chelle du football. L\u2019ancien de l\u2019<a href=\"https:\/\/sportune.20minutes.fr\/ogc-nice-ogcn\" rel=\"nofollow noopener\" target=\"_blank\">OGC Nice<\/a>, Jean Micha\u00ebl Seri, en est un autre qui a largement roul\u00e9 sa bosse en particulier dans la clinquante <a href=\"https:\/\/sportune.20minutes.fr\/premier-league\" rel=\"nofollow noopener\" target=\"_blank\">Premier League<\/a>, longtemps avec le club de <a href=\"https:\/\/sportune.20minutes.fr\/fulham-fc\" rel=\"nofollow noopener\" target=\"_blank\">Fulham FC<\/a>.<\/p>\n<p>Avec eux, des p\u00e9digr\u00e9es plus modestes, de l\u2019Argentin, anciennement aux Girondins de Bordeaux, Valent\u00edn Vada, \u00e0 deux autres ex de l\u2019<a href=\"https:\/\/sportune.20minutes.fr\/as-monaco-asm\" rel=\"nofollow noopener\" target=\"_blank\">AS Monaco<\/a>, Youssef A\u00eft Bennasser ou Nampalys Mendy (\u00e9galement pass\u00e9 par l\u2019<a href=\"https:\/\/sportune.20minutes.fr\/ogc-nice-ogcn\" rel=\"nofollow noopener\" target=\"_blank\">OGC Nice<\/a> et jusqu\u2019\u00e0 la fin de la saison derni\u00e8re au <a href=\"https:\/\/sportune.20minutes.fr\/rc-lens\" rel=\"nofollow noopener\" target=\"_blank\">RC Lens<\/a>).<\/p>\n","protected":false},"excerpt":{"rendered":"Le FC Nantes aimerait recruter un milieu d\u00e9fensif en doublure de Coquelin. Soucieux d\u2019anticiper le manque \u00e0 gagner&hellip;\n","protected":false},"author":2,"featured_media":205708,"comment_status":"","ping_status":"","sticky":false,"template":"","format":"standard","meta":{"footnotes":""},"categories":[2818],"tags":[1111,11,1777,674,462,1011,27,766,12,2636,25,969],"class_list":{"0":"post-334419","1":"post","2":"type-post","3":"status-publish","4":"format-standard","5":"has-post-thumbnail","7":"category-nantes","8":"tag-actu","9":"tag-actualites","10":"tag-eu","11":"tag-europe","12":"tag-fc-nantes","13":"tag-fr","14":"tag-france","15":"tag-nantes","16":"tag-news","17":"tag-pays-de-la-loire","18":"tag-republique-francaise","19":"tag-transfert"},"share_on_mastodon":{"url":"https:\/\/pubeurope.com\/@fr\/115067958525524210","error":""},"_links":{"self":[{"href":"https:\/\/www.europesays.com\/fr\/wp-json\/wp\/v2\/posts\/334419","targetHints":{"allow":["GET"]}}],"collection":[{"href":"https:\/\/www.europesays.com\/fr\/wp-json\/wp\/v2\/posts"}],"about":[{"href":"https:\/\/www.europesays.com\/fr\/wp-json\/wp\/v2\/types\/post"}],"author":[{"embeddable":true,"href":"https:\/\/www.europesays.com\/fr\/wp-json\/wp\/v2\/users\/2"}],"replies":[{"embeddable":true,"href":"https:\/\/www.europesays.com\/fr\/wp-json\/wp\/v2\/comments?post=334419"}],"version-history":[{"count":0,"href":"https:\/\/www.europesays.com\/fr\/wp-json\/wp\/v2\/posts\/334419\/revisions"}],"wp:featuredmedia":[{"embeddable":true,"href":"https:\/\/www.europesays.com\/fr\/wp-json\/wp\/v2\/media\/205708"}],"wp:attachment":[{"href":"https:\/\/www.europesays.com\/fr\/wp-json\/wp\/v2\/media?parent=334419"}],"wp:term":[{"taxonomy":"category","embeddable":true,"href":"https:\/\/www.europesays.com\/fr\/wp-json\/wp\/v2\/categories?post=334419"},{"taxonomy":"post_tag","embeddable":true,"href":"https:\/\/www.europesays.com\/fr\/wp-json\/wp\/v2\/tags?post=334419"}],"curies":[{"name":"wp","href":"https:\/\/api.w.org\/{rel}","templated":true}]}}