{"id":334420,"date":"2025-08-21T17:34:09","date_gmt":"2025-08-21T17:34:09","guid":{"rendered":"https:\/\/www.europesays.com\/fr\/334420\/"},"modified":"2025-08-21T17:34:09","modified_gmt":"2025-08-21T17:34:09","slug":"sur-le-campus-peixotto-de-bordeaux-une-universite-dete-des-mouvements-sociaux-et-des-solidarites","status":"publish","type":"post","link":"https:\/\/www.europesays.com\/fr\/334420\/","title":{"rendered":"Sur le campus Peixotto de Bordeaux, une \u00ab\u00a0universit\u00e9 d\u2019\u00e9t\u00e9 des mouvements sociaux et des solidarit\u00e9s\u00a0\u00bb"},"content":{"rendered":"<p>Tous les deux ans, l\u2019Universit\u00e9 d\u2019\u00e9t\u00e9 des mouvements sociaux et des solidarit\u00e9s\u00a0r\u00e9unit en France pr\u00e8s de 2\u00a0000\u00a0personnes autour d\u2019associations, syndicats et collectifs citoyens pour \u00ab\u00a0renforcer la capacit\u00e9 d\u2019action commune.\u00a0\u00bb L\u2019\u00e9v\u00e9nement prendra ses quartiers, du 23\u00a0au 26\u00a0ao\u00fbt, au campus Peixotto de l\u2019universit\u00e9 de Bordeaux, situ\u00e9 \u00e0 Talence<\/p>\n<p>Du samedi\u00a023\u00a0au mardi 26\u00a0ao\u00fbt, le campus Peixotto de l\u2019Universit\u00e9 de Bordeaux, \u00e0 Talence, se transformera en universit\u00e9 d\u2019\u00e9t\u00e9. Pour sa quatri\u00e8me \u00e9dition, l\u2019Universit\u00e9 d\u2019\u00e9t\u00e9 des mouvements sociaux et des solidarit\u00e9s (UEMSS) proposera d\u00e9bats et conf\u00e9rences, notamment sur \u00ab\u00a0l\u2019\u00e9ducation populaire et solidaire\u00a0\u00bb, \u00ab\u00a0la lutte pour la lib\u00e9ration de la Palestine\u00a0\u00bb et la \u00ab\u00a0solidarit\u00e9 envers l\u2019Ukraine\u00a0\u00bb, ou encore \u00ab\u00a0la s\u00e9curit\u00e9 sociale de l\u2019alimentation\u00a0\u00bb. Seront pr\u00e9sentes une soixantaine d\u2019associations, dont une vingtaine de Nouvelle-Aquitaine, comme Attac 33\u00a0et Oxfam 33, ou le collectif Alt LGV Bordeaux Sud.<\/p>\n","protected":false},"excerpt":{"rendered":"Tous les deux ans, l\u2019Universit\u00e9 d\u2019\u00e9t\u00e9 des mouvements sociaux et des solidarit\u00e9s\u00a0r\u00e9unit en France pr\u00e8s de 2\u00a0000\u00a0personnes autour&hellip;\n","protected":false},"author":2,"featured_media":334421,"comment_status":"","ping_status":"","sticky":false,"template":"","format":"standard","meta":{"footnotes":""},"categories":[2817],"tags":[1111,11,1997,1777,674,1011,27,12,2219,25],"class_list":{"0":"post-334420","1":"post","2":"type-post","3":"status-publish","4":"format-standard","5":"has-post-thumbnail","7":"category-bordeaux","8":"tag-actu","9":"tag-actualites","10":"tag-bordeaux","11":"tag-eu","12":"tag-europe","13":"tag-fr","14":"tag-france","15":"tag-news","16":"tag-nouvelle-aquitaine","17":"tag-republique-francaise"},"share_on_mastodon":{"url":"https:\/\/pubeurope.com\/@fr\/115067962307147197","error":""},"_links":{"self":[{"href":"https:\/\/www.europesays.com\/fr\/wp-json\/wp\/v2\/posts\/334420","targetHints":{"allow":["GET"]}}],"collection":[{"href":"https:\/\/www.europesays.com\/fr\/wp-json\/wp\/v2\/posts"}],"about":[{"href":"https:\/\/www.europesays.com\/fr\/wp-json\/wp\/v2\/types\/post"}],"author":[{"embeddable":true,"href":"https:\/\/www.europesays.com\/fr\/wp-json\/wp\/v2\/users\/2"}],"replies":[{"embeddable":true,"href":"https:\/\/www.europesays.com\/fr\/wp-json\/wp\/v2\/comments?post=334420"}],"version-history":[{"count":0,"href":"https:\/\/www.europesays.com\/fr\/wp-json\/wp\/v2\/posts\/334420\/revisions"}],"wp:featuredmedia":[{"embeddable":true,"href":"https:\/\/www.europesays.com\/fr\/wp-json\/wp\/v2\/media\/334421"}],"wp:attachment":[{"href":"https:\/\/www.europesays.com\/fr\/wp-json\/wp\/v2\/media?parent=334420"}],"wp:term":[{"taxonomy":"category","embeddable":true,"href":"https:\/\/www.europesays.com\/fr\/wp-json\/wp\/v2\/categories?post=334420"},{"taxonomy":"post_tag","embeddable":true,"href":"https:\/\/www.europesays.com\/fr\/wp-json\/wp\/v2\/tags?post=334420"}],"curies":[{"name":"wp","href":"https:\/\/api.w.org\/{rel}","templated":true}]}}