{"id":334426,"date":"2025-08-21T17:37:10","date_gmt":"2025-08-21T17:37:10","guid":{"rendered":"https:\/\/www.europesays.com\/fr\/334426\/"},"modified":"2025-08-21T17:37:10","modified_gmt":"2025-08-21T17:37:10","slug":"apres-des-braquages-en-serie-a-toulouse-trois-malfrats-interpelles-certains-fuyaient-vers-lespagne","status":"publish","type":"post","link":"https:\/\/www.europesays.com\/fr\/334426\/","title":{"rendered":"Apr\u00e8s des braquages en s\u00e9rie \u00e0 Toulouse, trois malfrats interpell\u00e9s : certains fuyaient vers l&rsquo;Espagne"},"content":{"rendered":"<p>            Par<br \/>\n        <strong><br \/>\n            <a href=\"https:\/\/actu.fr\/auteur\/anaelle-montagne\" title=\"Consulter tous les articles de Anaelle Montagne\" rel=\"nofollow noopener\" target=\"_blank\">Anaelle Montagne<\/a><br \/>\n        <\/strong><\/p>\n<p>        Publi\u00e9 le<\/p>\n<p>            21 ao\u00fbt 2025 \u00e0 19h11        <\/p>\n<p>Depuis le 27\u00a0juillet, une petite \u00e9quipe de braqueurs <strong>semait le chaos<\/strong> dans les bureaux de tabac autour de Toulouse. Ils r\u00e9clamaient le contenu de la caisse ou du coffre en mena\u00e7ant les employ\u00e9s, et repartaient avec le butin avant de s\u2019\u00e9vaporer.<\/p>\n<p class=\" wall-content\">Mais ce mercredi 20\u00a0ao\u00fbt, bingo\u2009! D\u2019apr\u00e8s une information de <a href=\"https:\/\/www.ladepeche.fr\/2025\/08\/21\/info-la-depeche-les-braqueurs-de-bureaux-de-tabac-de-toulouse-esperaient-se-mettre-au-vert-de-lautre-cote-des-pyrenees-12886534.php\" rel=\"nofollow noopener\" target=\"_blank\">La D\u00e9p\u00eache du Midi <\/a>qu\u2019<a href=\"https:\/\/actu.fr\/toulouse\/\" rel=\"nofollow noopener\" target=\"_blank\">Actu Toulouse <\/a>est en mesure de confirmer, les enqu\u00eateurs sont parvenus \u00e0 mettre la main sur eux\u2026 alors qu\u2019ils s\u2019appr\u00eataient \u00e0<strong> passer la fronti\u00e8re espagnole<\/strong> pour s\u2019\u00e9vaporer \u00e0 l\u2019\u00e9tranger. Selon nos informations, un troisi\u00e8me homme a ensuite \u00e9t\u00e9 interpell\u00e9, ce jeudi 21\u00a0ao\u00fbt.<\/p>\n<p>Trois tabacs et un Carrefour<\/p>\n<p class=\" wall-content\">Il faut dire que les braqueurs n\u2019ont pas fait les choses \u00e0 moiti\u00e9. <strong>Ils ont encha\u00een\u00e9 les vols<\/strong>, \u00e0 Toulouse, Tournefeuille et Auch, dans des bureaux de tabac et dans une sup\u00e9rette Carrefour.<\/p>\n<p class=\" wall-content\">Peut-\u00eatre sont-ils li\u00e9s au <a href=\"https:\/\/actu.fr\/occitanie\/toulouse_31555\/cagoules-et-armes-ils-braquent-un-supermarche-a-toulouse-pendant-que-certains-clients-ne-remarquent-rien_62973952.html\" rel=\"nofollow noopener\" target=\"_blank\">braquage survenu dans le Carrefour \u00e0 Saint-Cyprien<\/a>, ce fameux 27\u00a0juillet (premi\u00e8re date de leur s\u00e9rie de vols)\u2009? Pour rappel, des malfrats \u00e9taient entr\u00e9s cagoul\u00e9s, gant\u00e9s et arm\u00e9s dans la sup\u00e9rette all\u00e9e Charles-de-Fitte, <strong>mena\u00e7ant les employ\u00e9s pour qu\u2019ils ouvrent le coffre<\/strong> \u2013 pendant que des clients continuaient tranquillement leurs emplettes.<\/p>\n<p>Deux braquages en un quart d\u2019heure<\/p>\n<p class=\" wall-content\">Ce dont on est s\u00fbrs, c\u2019est qu\u2019au total, les hommes interpell\u00e9s sont suspect\u00e9s d\u2019avoir commis <strong>quatre braquages<\/strong>. Les derniers s\u2019\u00e9tant d\u00e9roul\u00e9s le 9\u00a0ao\u00fbt dans le quartier de Saint-Simon \u00e0 Toulouse, puis \u00e0 Tournefeuille\u2026 en l\u2019espace d\u2019un quart d\u2019heure \u00e0 peine.<\/p>\n<p>Vid\u00e9os : en ce moment sur Actu<\/p>\n<p class=\" wall-content\">Depuis, les malfrats \u00e9taient en fuite. Jusqu\u2019\u00e0 ce que les forces de l\u2019ordre <strong>mettent la main sur plusieurs d\u2019entre eux<\/strong>, ce mercredi 20\u00a0ao\u00fbt.<\/p>\n<p>Arr\u00eat\u00e9s dans les Pyr\u00e9n\u00e9es<\/p>\n<p class=\" wall-content\">Deux jeunes d\u2019une vingtaine d\u2019ann\u00e9es ont d\u2019abord \u00e9t\u00e9 interpell\u00e9s dans les Pyr\u00e9n\u00e9es, <strong>tout pr\u00e8s de la fronti\u00e8re espagnole<\/strong>, qu\u2019ils s\u2019appr\u00eataient vraisemblablement \u00e0 franchir. Ils ont \u00e9t\u00e9 plac\u00e9s en garde \u00e0 vue.<\/p>\n<p>Votre r\u00e9gion, votre actu !<\/p>\n<p>Recevez chaque jour les infos qui comptent pour vous.<\/p>\n<p>\t<a href=\"https:\/\/actu.fr\/newsletter\" class=\"ac-btn ac-btn--corner ac-btn--medium ac-btn--blue800\" rel=\"nofollow noopener\" target=\"_blank\">S&rsquo;incrire<\/a><\/p>\n<p class=\" wall-content\">Un troisi\u00e8me homme a ensuite \u00e9t\u00e9 arr\u00eat\u00e9 jeudi 21\u00a0ao\u00fbt au matin, confirme le parquet de Toulouse. Sa<strong> garde \u00e0 vue<\/strong> \u00e9tait toujours en cours en milieu d\u2019apr\u00e8s-midi. Une information judiciaire pourrait ensuite \u00eatre ouverte si le parquet le d\u00e9cide, suite \u00e0 ces vols aggrav\u00e9s.<\/p>\n<p class=\" wall-content\">Personnalisez votre actualit\u00e9 en ajoutant vos villes et m\u00e9dias en favori avec <a href=\"https:\/\/moncompte.actu.fr\" title=\"D\u00e9couvez Mon Actu\" rel=\"nofollow noopener\" data-trk=\"{&quot;cta&quot;:{&quot;action&quot;:&quot;https:\\\/\\\/moncompte.actu.fr&quot;,&quot;category&quot;:&quot;mon compte&quot;,&quot;from&quot;:&quot;article footer&quot;,&quot;name&quot;:&quot;Mon actu&quot;,&quot;type&quot;:&quot;cta&quot;}}\" target=\"_blank\">Mon Actu<\/a>.<\/p>\n","protected":false},"excerpt":{"rendered":"Par Anaelle Montagne Publi\u00e9 le 21 ao\u00fbt 2025 \u00e0 19h11 Depuis le 27\u00a0juillet, une petite \u00e9quipe de braqueurs&hellip;\n","protected":false},"author":2,"featured_media":334427,"comment_status":"","ping_status":"","sticky":false,"template":"","format":"standard","meta":{"footnotes":""},"categories":[2816],"tags":[1111,11,1174,1777,674,118,1011,27,12,2680,25,2312],"class_list":{"0":"post-334426","1":"post","2":"type-post","3":"status-publish","4":"format-standard","5":"has-post-thumbnail","7":"category-toulouse","8":"tag-actu","9":"tag-actualites","10":"tag-cambriolage","11":"tag-eu","12":"tag-europe","13":"tag-faits-divers","14":"tag-fr","15":"tag-france","16":"tag-news","17":"tag-occitanie","18":"tag-republique-francaise","19":"tag-toulouse"},"share_on_mastodon":{"url":"https:\/\/pubeurope.com\/@fr\/115067974243406515","error":""},"_links":{"self":[{"href":"https:\/\/www.europesays.com\/fr\/wp-json\/wp\/v2\/posts\/334426","targetHints":{"allow":["GET"]}}],"collection":[{"href":"https:\/\/www.europesays.com\/fr\/wp-json\/wp\/v2\/posts"}],"about":[{"href":"https:\/\/www.europesays.com\/fr\/wp-json\/wp\/v2\/types\/post"}],"author":[{"embeddable":true,"href":"https:\/\/www.europesays.com\/fr\/wp-json\/wp\/v2\/users\/2"}],"replies":[{"embeddable":true,"href":"https:\/\/www.europesays.com\/fr\/wp-json\/wp\/v2\/comments?post=334426"}],"version-history":[{"count":0,"href":"https:\/\/www.europesays.com\/fr\/wp-json\/wp\/v2\/posts\/334426\/revisions"}],"wp:featuredmedia":[{"embeddable":true,"href":"https:\/\/www.europesays.com\/fr\/wp-json\/wp\/v2\/media\/334427"}],"wp:attachment":[{"href":"https:\/\/www.europesays.com\/fr\/wp-json\/wp\/v2\/media?parent=334426"}],"wp:term":[{"taxonomy":"category","embeddable":true,"href":"https:\/\/www.europesays.com\/fr\/wp-json\/wp\/v2\/categories?post=334426"},{"taxonomy":"post_tag","embeddable":true,"href":"https:\/\/www.europesays.com\/fr\/wp-json\/wp\/v2\/tags?post=334426"}],"curies":[{"name":"wp","href":"https:\/\/api.w.org\/{rel}","templated":true}]}}