{"id":334434,"date":"2025-08-21T17:41:09","date_gmt":"2025-08-21T17:41:09","guid":{"rendered":"https:\/\/www.europesays.com\/fr\/334434\/"},"modified":"2025-08-21T17:41:09","modified_gmt":"2025-08-21T17:41:09","slug":"marseille-sera-prive-de-facundo-medina-pour-lolympico","status":"publish","type":"post","link":"https:\/\/www.europesays.com\/fr\/334434\/","title":{"rendered":"Marseille sera priv\u00e9 de Facundo Medina pour l&rsquo;Olympico"},"content":{"rendered":"<p itemprop=\"description\"><strong>Le dimanche 31 ao\u00fbt, le premier gros choc du championnat aura lieu au Groupama Stadium.<\/strong><\/p>\n<p>L&rsquo;OL recevra Marseille, dont on ne sait pas encore s&rsquo;il se sera relev\u00e9 de son d\u00e9but de crise post-d\u00e9faite \u00e0 Rennes.<\/p>\n<p>Outre la mise sur la liste des transferts de\u00a0<strong>Jonathan Rowe<\/strong> et <strong>Adrien Rabiot<\/strong> apr\u00e8s leur bagarre, l&rsquo;OM arrivera affaibli puisqu&rsquo;il devra se d\u00e9placer \u00e0 Lyon sans\u00a0<strong>Facundo Medina<\/strong>.<\/p>\n<p>La recrue venue de Lens n&rsquo;a pas pu faire encore ses d\u00e9buts officiels avec Marseille. Suspendu \u00e0 Rennes, le d\u00e9fenseur argentin s&rsquo;est bless\u00e9 \u00e0 l&rsquo;entra\u00eenement mardi. Souffrant de la cheville, il loupera les trois prochaines semaines, et donc l&rsquo;Olympico.<\/p>\n<p>Les supporters lyonnais les plus pessimistes affirmeront que toutes les plan\u00e8tes sont d\u00e9sormais align\u00e9es pour que l&rsquo;OM se relance face \u00e0 l&rsquo;OL\u2026<\/p>\n","protected":false},"excerpt":{"rendered":"Le dimanche 31 ao\u00fbt, le premier gros choc du championnat aura lieu au Groupama Stadium. L&rsquo;OL recevra Marseille,&hellip;\n","protected":false},"author":2,"featured_media":334435,"comment_status":"","ping_status":"","sticky":false,"template":"","format":"standard","meta":{"footnotes":""},"categories":[2814],"tags":[1111,11,2813,1109,1112,1777,674,2257,1011,27,1922,1110,1114,2851,884,12,241,882,25,517],"class_list":{"0":"post-334434","1":"post","2":"type-post","3":"status-publish","4":"format-standard","5":"has-post-thumbnail","7":"category-marseille","8":"tag-actu","9":"tag-actualites","10":"tag-article","11":"tag-breves","12":"tag-depeches","13":"tag-eu","14":"tag-europe","15":"tag-foot","16":"tag-fr","17":"tag-france","18":"tag-info","19":"tag-informations","20":"tag-infos","21":"tag-lyonfoot","22":"tag-marseille","23":"tag-news","24":"tag-ol","25":"tag-provence-alpes-cote-dazur","26":"tag-republique-francaise","27":"tag-sport"},"share_on_mastodon":{"url":"https:\/\/pubeurope.com\/@fr\/115067989807568929","error":""},"_links":{"self":[{"href":"https:\/\/www.europesays.com\/fr\/wp-json\/wp\/v2\/posts\/334434","targetHints":{"allow":["GET"]}}],"collection":[{"href":"https:\/\/www.europesays.com\/fr\/wp-json\/wp\/v2\/posts"}],"about":[{"href":"https:\/\/www.europesays.com\/fr\/wp-json\/wp\/v2\/types\/post"}],"author":[{"embeddable":true,"href":"https:\/\/www.europesays.com\/fr\/wp-json\/wp\/v2\/users\/2"}],"replies":[{"embeddable":true,"href":"https:\/\/www.europesays.com\/fr\/wp-json\/wp\/v2\/comments?post=334434"}],"version-history":[{"count":0,"href":"https:\/\/www.europesays.com\/fr\/wp-json\/wp\/v2\/posts\/334434\/revisions"}],"wp:featuredmedia":[{"embeddable":true,"href":"https:\/\/www.europesays.com\/fr\/wp-json\/wp\/v2\/media\/334435"}],"wp:attachment":[{"href":"https:\/\/www.europesays.com\/fr\/wp-json\/wp\/v2\/media?parent=334434"}],"wp:term":[{"taxonomy":"category","embeddable":true,"href":"https:\/\/www.europesays.com\/fr\/wp-json\/wp\/v2\/categories?post=334434"},{"taxonomy":"post_tag","embeddable":true,"href":"https:\/\/www.europesays.com\/fr\/wp-json\/wp\/v2\/tags?post=334434"}],"curies":[{"name":"wp","href":"https:\/\/api.w.org\/{rel}","templated":true}]}}