{"id":334438,"date":"2025-08-21T17:43:11","date_gmt":"2025-08-21T17:43:11","guid":{"rendered":"https:\/\/www.europesays.com\/fr\/334438\/"},"modified":"2025-08-21T17:43:11","modified_gmt":"2025-08-21T17:43:11","slug":"ce-que-lon-sait-du-feu-mortel-a-tassin-la-demi-lune","status":"publish","type":"post","link":"https:\/\/www.europesays.com\/fr\/334438\/","title":{"rendered":"ce que l\u2019on sait du feu mortel \u00e0 Tassin-la-Demi-Lune"},"content":{"rendered":"<p>L\u2019origine de l\u2019incendie comme l\u2019identit\u00e9 de la victime n\u2019\u00e9taient pas d\u00e9termin\u00e9es, jeudi apr\u00e8s-midi, quelques heures apr\u00e8s la survenue d\u2019un dramatique feu \u00e0 Tassin-la-Demi-Lune, dans l\u2019Ouest lyonnais. L\u2019occupant d\u2019un appartement, situ\u00e9 au premier \u00e9tage d\u2019un immeuble en comptant deux, au 83, avenue de la R\u00e9publique, au croisement avec la rue Jules-Ferry, a p\u00e9ri dans le sinistre.<\/p>\n<p>Le d\u00e9funt est probablement l\u2019habitant habituel des lieux, un jeune homme, \u00e2g\u00e9 selon un voisin de \u00ab\u00a025 ou 30 ans\u00a0\u00bb, d\u00e9crit comme \u00ab\u00a0attachant\u00a0\u00bb par un autre. Une autopsie devra confirmer son identit\u00e9&#8230;.<\/p>\n","protected":false},"excerpt":{"rendered":"L\u2019origine de l\u2019incendie comme l\u2019identit\u00e9 de la victime n\u2019\u00e9taient pas d\u00e9termin\u00e9es, jeudi apr\u00e8s-midi, quelques heures apr\u00e8s la survenue&hellip;\n","protected":false},"author":2,"featured_media":334439,"comment_status":"","ping_status":"","sticky":false,"template":"","format":"standard","meta":{"footnotes":""},"categories":[1889],"tags":[1111,11,2430,3153,1777,674,274,1011,27,1310,2428,12,25,2429,20283,20284],"class_list":{"0":"post-334438","1":"post","2":"type-post","3":"status-publish","4":"format-standard","5":"has-post-thumbnail","7":"category-lyon","8":"tag-actu","9":"tag-actualites","10":"tag-auvergne-rhone-alpes","11":"tag-edition-ouest-lyonnais","12":"tag-eu","13":"tag-europe","14":"tag-faits-divers-justice","15":"tag-fr","16":"tag-france","17":"tag-incendie","18":"tag-lyon","19":"tag-news","20":"tag-republique-francaise","21":"tag-rhone","22":"tag-tassin-la-demi-lune","23":"tag-tassin-la-demi-lune-bassin"},"share_on_mastodon":{"url":"https:\/\/pubeurope.com\/@fr\/115067997561612180","error":""},"_links":{"self":[{"href":"https:\/\/www.europesays.com\/fr\/wp-json\/wp\/v2\/posts\/334438","targetHints":{"allow":["GET"]}}],"collection":[{"href":"https:\/\/www.europesays.com\/fr\/wp-json\/wp\/v2\/posts"}],"about":[{"href":"https:\/\/www.europesays.com\/fr\/wp-json\/wp\/v2\/types\/post"}],"author":[{"embeddable":true,"href":"https:\/\/www.europesays.com\/fr\/wp-json\/wp\/v2\/users\/2"}],"replies":[{"embeddable":true,"href":"https:\/\/www.europesays.com\/fr\/wp-json\/wp\/v2\/comments?post=334438"}],"version-history":[{"count":0,"href":"https:\/\/www.europesays.com\/fr\/wp-json\/wp\/v2\/posts\/334438\/revisions"}],"wp:featuredmedia":[{"embeddable":true,"href":"https:\/\/www.europesays.com\/fr\/wp-json\/wp\/v2\/media\/334439"}],"wp:attachment":[{"href":"https:\/\/www.europesays.com\/fr\/wp-json\/wp\/v2\/media?parent=334438"}],"wp:term":[{"taxonomy":"category","embeddable":true,"href":"https:\/\/www.europesays.com\/fr\/wp-json\/wp\/v2\/categories?post=334438"},{"taxonomy":"post_tag","embeddable":true,"href":"https:\/\/www.europesays.com\/fr\/wp-json\/wp\/v2\/tags?post=334438"}],"curies":[{"name":"wp","href":"https:\/\/api.w.org\/{rel}","templated":true}]}}