{"id":334440,"date":"2025-08-21T17:45:10","date_gmt":"2025-08-21T17:45:10","guid":{"rendered":"https:\/\/www.europesays.com\/fr\/334440\/"},"modified":"2025-08-21T17:45:10","modified_gmt":"2025-08-21T17:45:10","slug":"un-manque-de-formation-evident","status":"publish","type":"post","link":"https:\/\/www.europesays.com\/fr\/334440\/","title":{"rendered":"Un manque de formation \u00e9vident"},"content":{"rendered":"<p>            Par<br \/>\n        <strong><br \/>\n            <a href=\"https:\/\/actu.fr\/auteur\/emilie-salabelle\" title=\"Consulter tous les articles de Emilie Salabelle\" target=\"_blank\" rel=\"noopener\">Emilie Salabelle<\/a><br \/>\n        <\/strong><\/p>\n<p>        Publi\u00e9 le<\/p>\n<p>            21 ao\u00fbt 2025 \u00e0 19h06        <\/p>\n<p>Trois drames en moins d\u2019une semaine, et des circonstances similaires. Le mois d\u2019ao\u00fbt\u00a02025 a \u00e9t\u00e9 tristement marqu\u00e9 par la <strong>noyade de jeunes enfants<\/strong> pr\u00e9sentant des troubles graves du <strong>spectre autistique<\/strong>. Mardi 12\u00a0ao\u00fbt 2025, <a href=\"https:\/\/actu.fr\/ile-de-france\/creteil_94028\/val-de-marne-drame-lors-d-une-sortie-encadree-d-un-centre-de-loisirs-un-enfant-de-11-ans-meurt-noye_63030291.html\" target=\"_blank\" rel=\"noopener\">un gar\u00e7on de 11\u00a0ans est d\u00e9c\u00e9d\u00e9<\/a> lors d\u2019une sortie au centre nautique de Choisy-Paris-Val-de-Marne. Le vendredi qui suivait, un<a href=\"https:\/\/actu.fr\/ile-de-france\/bobigny_93008\/seine-saint-denis-il-participait-avec-son-frere-a-une-colonie-de-vacances-un-enfant-de-7-ans-meurt-noye_63042605.html\" target=\"_blank\" rel=\"noopener\"> petit de 7\u00a0ans se noyait <\/a>alors qu\u2019il \u00e9tait parti dans l\u2019Allier avec une colonie de vacances organis\u00e9e par la ville de <a href=\"https:\/\/actu.fr\/ile-de-france\/bobigny_93008\" target=\"_blank\" rel=\"noopener\">Bobigny<\/a>. Le dimanche, une fille de 11\u00a0ans \u00e9tait <a href=\"https:\/\/actu.fr\/ile-de-france\/la-grande-paroisse_77210\/seine-et-marne-une-petite-fille-de-11-ans-se-noie-dans-une-base-de-loisirs_63044780.html\" target=\"_blank\" rel=\"noopener\">retrouv\u00e9e morte dans les eaux d\u2019une base de loisirs<\/a> de <a href=\"https:\/\/actu.fr\/la-republique-de-seine-et-marne\/\" target=\"_blank\" rel=\"noopener\">Seine-et-Marne<\/a>. La succession rapproch\u00e9e de ces \u00e9v\u00e9nements tragiques remet cruellement sur le devant de la sc\u00e8ne les probl\u00e9matiques li\u00e9es \u00e0 la prise en charge des enfants atteints de formes graves d\u2019autisme, recontextualise, pour <a href=\"https:\/\/actu.fr\/paris\/\" target=\"_blank\" rel=\"noopener\">actu Paris<\/a>, Dani\u00e8le Langloys, pr\u00e9sidente de l\u2019association Autisme France. Et pointe la responsabilit\u00e9 d\u2019un syst\u00e8me fran\u00e7ais qui, selon elle, n\u2019a pas pris la mesure des besoins n\u00e9cessaires \u00e0 l\u2019encadrement de ce public particuli\u00e8rement fragile et <strong>\u00e0 risque en milieu aquatique.<\/strong><\/p>\n<p>actu Paris\u2009: Comment expliquer ces trois noyades, survenues en moins d\u2019une semaine dans des circonstances similaires\u2009?<\/p>\n<p class=\" wall-content\"><strong>Dani\u00e8le Langloys<\/strong>\u2009: Les probl\u00e8mes de fond restent toujours les m\u00eames\u2009: \u00e7a reste compliqu\u00e9 d\u2019accueillir des enfants autistes dans les centres de loisirs. Ma terreur, c\u2019est que ce genre de drame se solde par des r\u00e9actions du type\u2009: \u00ab\u2009Vous voyez bien que ce n\u2019est pas la place des autistes d\u2019\u00eatre dans des structures d\u2019accueil ordinaire\u2009\u00bb. Si, c\u2019est leur place. Mais il faut y mettre les moyens. La responsabilit\u00e9 ne doit pas retomber sur les centres de loisirs. Ils n\u2019ont ni les moyens, ni les formations n\u00e9cessaires pour accueillir des enfants autistes.<\/p>\n<p class=\" wall-content\">Dans ces trois situations, les victimes avaient visiblement des <strong>troubles s\u00e9v\u00e8res<\/strong>\u2009: pour ces formes particuli\u00e8res d\u2019autisme, il faut une vigilance de tous les instants. Il est toujours possible qu\u2019un enfant \u00e9chappe \u00e0 la vigilance d\u2019un adulte. Les encadrants de ces trois centres doivent \u00eatre terroris\u00e9s. Ce n\u2019est pas juste, ce n\u2019est pas \u00e0 eux d\u2019assumer la responsabilit\u00e9 de situations atypiques et hors norme, mais \u00e0 l\u2019\u00c9tat. On ne peut pas \u00e9viter tous les drames, mais on peut \u00e9viter qu\u2019ils arrivent dans de telles proportions. Ces trois noyades auraient pu ne pas arriver.<\/p>\n<p>actu Paris\u2009: Aujourd\u2019hui, quelles sont les conditions pour accueillir un enfant autiste au sein d\u2019un centre de loisir\u2009?<\/p>\n<p class=\" wall-content\"><strong>D.L<\/strong>\u2009: La loi pr\u00e9voit que ces derniers peuvent \u00eatre int\u00e9gr\u00e9s \u00e0 des groupes d\u2019enfants sans pathologie particuli\u00e8re dans le cadre de sorties en centres de loisirs. Cela garantit qu\u2019il n\u2019y a pas de discrimination, et c\u2019est tr\u00e8s bien. Lorsqu\u2019un enfant autiste est inscrit, un centre de loisir peut b\u00e9n\u00e9ficier d\u2019un bonus handicap vers\u00e9 par la Caf, ce qui doit laisser en th\u00e9orie plus de marge de man\u0153uvre, notamment pour obtenir, au mieux, un encadrant suppl\u00e9mentaire. Mais cette aide n\u2019est pas automatique, il faut en faire la demande. Et cela reste largement insuffisant.<\/p>\n<p>actu Paris\u2009: Quelle est la probl\u00e9matique propre \u00e0 l\u2019autisme lorsqu\u2019il est question de baignade\u2009?<\/p>\n<p class=\" wall-content\"><strong>D.L<\/strong>\u2009: Une<a href=\"https:\/\/ajph.aphapublications.org\/doi\/abs\/10.2105\/AJPH.2017.303696?role=tab&amp;journalCode=ajph\" target=\"_blank\" rel=\"noopener\"> \u00e9tude am\u00e9ricaine<\/a> de 2017 dit qu\u2019un enfant autiste \u00e0 <strong>160\u00a0fois de risques de plus qu\u2019un enfant ordinaire de se noyer<\/strong>. Il n\u2019a aucun r\u00e9flexe pour se sortir d\u2019une situation de danger maximal.\u00a0Ils peuvent \u00eatre attir\u00e9s tout de suite par l\u2019eau, surtout s\u2019il fait chaud. Or, ils n\u2019ont aucun sens du danger, ils n\u2019anticipent pas qu\u2019ils n\u2019auront peut-\u00eatre pas pied. Ce sont des enfants qui ne parlent pas, qui ne comprennent pas une consigne. Si on n\u2019est pas form\u00e9, on ne sait pas comment communiquer avec eux.<\/p>\n<p>actu Paris\u2009: Qu\u2019est-ce qui a manqu\u00e9 pour que ces sorties se d\u00e9roulent en s\u00e9curit\u00e9\u2009?<\/p>\n<p class=\" wall-content\"><strong>D.L<\/strong>\u2009: D\u2019abord, l\u2019encadrement \u00e9tait notoirement insuffisant. L\u2019un des groupes comptait pourtant 8 animateurs pour 38\u00a0enfants, ce qui n\u2019est pas n\u00e9gligeable, pour des groupes sans situation de handicap. Mais dans le cas d\u2019un trouble autistique s\u00e9v\u00e8re, il faut un <strong>encadrant d\u00e9di\u00e9<\/strong> sp\u00e9cifiquement \u00e0 cet enfant. Sinon, c\u2019est impossible \u00e0 g\u00e9rer pour l\u2019\u00e9quipe encadrante, qui doit avoir des yeux partout.<\/p>\n<p class=\" wall-content\">La deuxi\u00e8me pr\u00e9caution qui faisait d\u00e9faut, c\u2019est l\u2019usage de <strong>mat\u00e9riel pr\u00e9ventif<\/strong> d\u00e8s qu\u2019on se trouve sur des lieux d\u2019activit\u00e9 aquatique. La r\u00e8gle absolue avec des enfants autistes de trouble s\u00e9v\u00e8re, c\u2019est le port d\u2019un gilet de sauvetage obligatoire d\u00e8s l\u2019arriv\u00e9e sur le lieu o\u00f9 l\u2019eau est \u00e0 proximit\u00e9, et pas au moment o\u00f9 on arrive sur un ponton par exemple. Il y a \u00e9galement la solution des <strong>t-shirt anti-noyades<\/strong>, qui agissent comme des esp\u00e8ces d\u2019airbag qui retournent l\u2019enfant sur le dos quand ils se d\u00e9clenchent. Avec un taux d\u2019encadrement de un pour un, \u00e7a devrait \u00eatre le r\u00e9flexe automatique de pr\u00e9vention.<\/p>\n<p>Votre r\u00e9gion, votre actu !<\/p>\n<p>Recevez chaque jour les infos qui comptent pour vous.<\/p>\n<p>\t<a href=\"https:\/\/actu.fr\/newsletter\" class=\"ac-btn ac-btn--corner ac-btn--medium ac-btn--blue800\" target=\"_blank\" rel=\"noopener\">S&rsquo;incrire<\/a><br \/>\nactu Paris\u2009: Et sur le plan de la formation\u2009?<\/p>\n<p class=\" wall-content\"><strong>D.L<\/strong>\u2009: Aujourd\u2019hui, le <strong>module handicap<\/strong> pour avoir le Bafa n\u2019est qu\u2019optionnel, il devrait \u00eatre obligatoire. Il y a un manque de formation \u00e9vident.\u00a0Les animateurs ne savent pas \u00e0 quoi s\u2019attendre. Savoir qu\u2019un enfant autiste peut tr\u00e8s facilement \u00e9chapper \u00e0 la vigilance, et \u00eatre attir\u00e9 par l\u2019eau, \u00e7a ne s\u2019improvise pas. Il faudrait une formation minimale d\u2019apprentissage des r\u00e9flexes \u00e0 avoir pour pr\u00e9venir les accidents, ne pas \u00eatre d\u00e9stabilis\u00e9 par les r\u00e9actions possibles des enfants autistes, qui ne supportent pas d\u2019\u00eatre tenus, touch\u00e9s, qui peuvent se d\u00e9mener et se jeter \u00e0 l\u2019eau.<\/p>\n<p>actu Paris\u2009: Qu\u2019en est-il de l\u2019apprentissage de la nage chez les enfants atteints d\u2019un trouble s\u00e9v\u00e8re du spectre autistique\u2009?<\/p>\n<p class=\" wall-content\"><strong>D.L<\/strong>\u2009: Il y a une urgence \u00e0 ce que tous les enfants sachent nager. Pour les autistes, c\u2019est une <strong>urgence absolue<\/strong>. Cela leur permettrait d\u2019acqu\u00e9rir des r\u00e9flexes d\u00e8s 18\u00a0mois ou 2\u00a0ans pour ne pas se retrouver en danger de mort\u2009: se tenir dans l\u2019eau, ne pas boire la tasse, se retourner\u2026 Mais c\u2019est quasiment impossible de trouver une piscine qui accepte des cr\u00e9neaux adapt\u00e9s, ou alors \u00e0 dose hom\u00e9opathique. Rien n\u2019est organis\u00e9 ni structur\u00e9, seules quelques initiatives locales existent, c\u2019est la mis\u00e8re. Beaucoup de familles qui essayent de trouver des cours adapt\u00e9s se font jeter. C\u2019est un apprentissage compliqu\u00e9 pour en enfant autiste, cela va prendre beaucoup plus de temps. Il faudrait pouvoir avoir des cr\u00e9neaux d\u00e9di\u00e9s, avec la pr\u00e9sence d\u2019un membre de la famille.<\/p>\n<p>actu Paris\u2009: Qu\u2019attendez-vous de la part de l\u2019\u00c9tat apr\u00e8s ces drames\u2009?<\/p>\n<p class=\" wall-content\"><strong>D.L<\/strong>\u2009: La ministre s\u2019est engag\u00e9e \u00e0 diligenter une enqu\u00eate. Mais \u00e7a fait 30\u00a0ans qu\u2019on alerte sur le fait qu\u2019il faut plus de personnels et de la formation, et qu\u2019il faut travailler sur l\u2019appropriation de l\u2019eau chez les autistes.<\/p>\n<p class=\" wall-content\">On ne peut pas dire que la soci\u00e9t\u00e9 est inclusive si on ne fait pas d\u2019efforts. Il serait peut-\u00eatre temps d\u2019abandonner ce qui se fait depuis plusieurs ann\u00e9es\u2009: la disparition de l\u2019autisme dans les politiques publiques. Les plans autisme ont \u00e9t\u00e9 remplac\u00e9s par des strat\u00e9gies \u00ab\u2009troubles du neuro-d\u00e9veloppement\u2009\u00bb. C\u2019est un <strong>fourre-tout trouble<\/strong>, qui regroupe par exemple la dyspraxie, la dyslexie, les troubles de d\u00e9ficit de l\u2019attention avec ou sans hyperactivit\u00e9, les tics\u2026 On n\u2019a plus le droit de faire quelque chose de sp\u00e9cifique \u00e0 l\u2019autisme. Mais les trois enfants qui se sont noy\u00e9s n\u2019\u00e9taient pas dyslexiques, ils n\u2019avaient pas un trouble de l\u2019attention, ils \u00e9taient autistes. C\u2019est un trouble sp\u00e9cifique grave, avec des besoins sp\u00e9cifiques. La mani\u00e8re dont les enfants autistes se mettent en danger par rapport \u00e0 l\u2019eau est sp\u00e9cifique.<\/p>\n<p class=\" wall-content\">Personnalisez votre actualit\u00e9 en ajoutant vos villes et m\u00e9dias en favori avec <a href=\"https:\/\/moncompte.actu.fr\" title=\"D\u00e9couvez Mon Actu\" rel=\"nofollow noopener\" data-trk=\"{&quot;cta&quot;:{&quot;action&quot;:&quot;https:\\\/\\\/moncompte.actu.fr&quot;,&quot;category&quot;:&quot;mon compte&quot;,&quot;from&quot;:&quot;article footer&quot;,&quot;name&quot;:&quot;Mon actu&quot;,&quot;type&quot;:&quot;cta&quot;}}\" target=\"_blank\">Mon Actu<\/a>.<\/p>\n","protected":false},"excerpt":{"rendered":"Par Emilie Salabelle Publi\u00e9 le 21 ao\u00fbt 2025 \u00e0 19h06 Trois drames en moins d\u2019une semaine, et des&hellip;\n","protected":false},"author":2,"featured_media":334441,"comment_status":"","ping_status":"","sticky":false,"template":"","format":"standard","meta":{"footnotes":""},"categories":[1592],"tags":[1111,11,1777,674,1011,27,1943,662,12,626,25,104],"class_list":{"0":"post-334440","1":"post","2":"type-post","3":"status-publish","4":"format-standard","5":"has-post-thumbnail","7":"category-ile-de-france","8":"tag-actu","9":"tag-actualites","10":"tag-eu","11":"tag-europe","12":"tag-fr","13":"tag-france","14":"tag-handicap","15":"tag-ile-de-france","16":"tag-news","17":"tag-paris","18":"tag-republique-francaise","19":"tag-societe"},"share_on_mastodon":{"url":"https:\/\/pubeurope.com\/@fr\/115068005577773630","error":""},"_links":{"self":[{"href":"https:\/\/www.europesays.com\/fr\/wp-json\/wp\/v2\/posts\/334440","targetHints":{"allow":["GET"]}}],"collection":[{"href":"https:\/\/www.europesays.com\/fr\/wp-json\/wp\/v2\/posts"}],"about":[{"href":"https:\/\/www.europesays.com\/fr\/wp-json\/wp\/v2\/types\/post"}],"author":[{"embeddable":true,"href":"https:\/\/www.europesays.com\/fr\/wp-json\/wp\/v2\/users\/2"}],"replies":[{"embeddable":true,"href":"https:\/\/www.europesays.com\/fr\/wp-json\/wp\/v2\/comments?post=334440"}],"version-history":[{"count":0,"href":"https:\/\/www.europesays.com\/fr\/wp-json\/wp\/v2\/posts\/334440\/revisions"}],"wp:featuredmedia":[{"embeddable":true,"href":"https:\/\/www.europesays.com\/fr\/wp-json\/wp\/v2\/media\/334441"}],"wp:attachment":[{"href":"https:\/\/www.europesays.com\/fr\/wp-json\/wp\/v2\/media?parent=334440"}],"wp:term":[{"taxonomy":"category","embeddable":true,"href":"https:\/\/www.europesays.com\/fr\/wp-json\/wp\/v2\/categories?post=334440"},{"taxonomy":"post_tag","embeddable":true,"href":"https:\/\/www.europesays.com\/fr\/wp-json\/wp\/v2\/tags?post=334440"}],"curies":[{"name":"wp","href":"https:\/\/api.w.org\/{rel}","templated":true}]}}