{"id":334442,"date":"2025-08-21T17:46:11","date_gmt":"2025-08-21T17:46:11","guid":{"rendered":"https:\/\/www.europesays.com\/fr\/334442\/"},"modified":"2025-08-21T17:46:11","modified_gmt":"2025-08-21T17:46:11","slug":"ce-que-lon-sait-des-violences-en-marge-du-festival-international-de-theatre-de-rue-daurillac","status":"publish","type":"post","link":"https:\/\/www.europesays.com\/fr\/334442\/","title":{"rendered":"ce que l&rsquo;on sait des violences en marge du festival international de th\u00e9\u00e2tre de rue d&rsquo;Aurillac"},"content":{"rendered":"<p class=\"article__intro\">Dans la nuit du 20 au 21 ao\u00fbt, Aurillac a \u00e9t\u00e9 le th\u00e9\u00e2tre de violences urbaines en marge du festival international de th\u00e9\u00e2tre de rue. Huit policiers ont \u00e9t\u00e9 bless\u00e9s et du mobilier urbain d\u00e9grad\u00e9. Malgr\u00e9 ces incidents, la manifestation se poursuit avec un dispositif de s\u00e9curit\u00e9 renforc\u00e9.<\/p>\n<p>\n      La Quotidienne Soci\u00e9t\u00e9\n    <\/p>\n<p>\n      De la vie quotidienne aux grands enjeux, recevez tous les jours les sujets qui font la soci\u00e9t\u00e9 locale, comme la justice, l\u2019\u00e9ducation, la sant\u00e9 et la famille.\n    <\/p>\n<p>    France T\u00e9l\u00e9visions utilise votre adresse e-mail afin de vous envoyer la newsletter \u00ab\u00a0La Quotidienne Soci\u00e9t\u00e9\u00a0\u00bb. Vous pouvez vous d\u00e9sinscrire \u00e0 tout moment via le lien en bas de cette newsletter. <a target=\"_blank\" href=\"https:\/\/www.francetelevisions.fr\/groupe\/confidentialite\/politique-de-confidentialite\/politique-de-confidentialite-de-france-televisions-6503\" rel=\"nofollow noopener\">Notre politique de confidentialit\u00e9<\/a><\/p>\n<p>Dans la nuit du mercredi 20 au jeudi 21 ao\u00fbt 2025, entre minuit et 3 heures du matin, des violences urbaines ont \u00e9clat\u00e9 dans le centre-ville d\u2019Aurillac, en marge du festival international de th\u00e9\u00e2tre de rue. Ces incidents ont d\u00e9but\u00e9 apr\u00e8s une interpellation en flagrant d\u00e9lit. Plusieurs policiers bless\u00e9s et des d\u00e9gradations mat\u00e9rielles importantes ont marqu\u00e9 la nuit. Malgr\u00e9 ces tensions, le festival se poursuit avec un dispositif de s\u00e9curit\u00e9 renforc\u00e9. <\/p>\n<p>Au cours de ces affrontements, huit policiers ont \u00e9t\u00e9 bless\u00e9s. Aucun n\u2019a \u00e9t\u00e9 hospitalis\u00e9. Les d\u00e9g\u00e2ts mat\u00e9riels sont significatifs : une dizaine de vitrines de commerces bris\u00e9es, du mobilier urbain endommag\u00e9, et le parking du tribunal pris pour cible avec des jets de pierres. Le co\u00fbt des r\u00e9parations est estim\u00e9 \u201centre 20 000 et 30 000 euros pour l\u2019espace public\u201d, pr\u00e9cise Pierre Mathonier, maire (PS) d\u2019Aurillac. Un montant qualifi\u00e9 de \u201cmarginal\u201d par l\u2019\u00e9lu par rapport au budget de l\u2019agglom\u00e9ration. <\/p>\n<p>Le pr\u00e9fet Philippe Loos condamne fermement ces actes, rappelant que les auteurs ne sont \u201cpas venus pour le festival mais pour troubler l\u2019ordre public\u201d. Il a annonc\u00e9 un renforcement du dispositif de s\u00e9curit\u00e9 avec des moyens suppl\u00e9mentaires du minist\u00e8re de l\u2019Int\u00e9rieur. La procureure Sandrine Delorme pr\u00e9cise qu\u2019aucune interpellation n\u2019a encore eu lieu. Une enqu\u00eate a \u00e9t\u00e9 ouverte et confi\u00e9e \u00e0 la police nationale.<\/p>\n<p>Le maire Pierre Mathonier d\u00e9nonce une volont\u00e9 d\u00e9lib\u00e9r\u00e9e de \u201cd\u00e9truire le festival et plus largement d\u2019attaquer le mode de vie fran\u00e7ais\u201d. \u00ab\u00a0C&rsquo;est la France qu&rsquo;ils attaquaient\u00a0\u00bb, mart\u00e8le-t-il. Il exprime sa solidarit\u00e9 avec les commer\u00e7ants, festivaliers et forces de l\u2019ordre. Fr\u00e9d\u00e9ric R\u00e9my, directeur du festival \u00c9clat, condamne les violences et souligne que 98% des repr\u00e9sentations ont eu lieu dans une ambiance positive.<\/p>\n<p>Aucune remise en question du festival n\u2019est envisag\u00e9e \u00e0 ce stade, mais une meilleure organisation est pr\u00e9vue pour pr\u00e9venir de tels incidents \u00e0 l\u2019avenir.<\/p>\n","protected":false},"excerpt":{"rendered":"Dans la nuit du 20 au 21 ao\u00fbt, Aurillac a \u00e9t\u00e9 le th\u00e9\u00e2tre de violences urbaines en marge&hellip;\n","protected":false},"author":2,"featured_media":334443,"comment_status":"","ping_status":"","sticky":false,"template":"","format":"standard","meta":{"footnotes":""},"categories":[1888],"tags":[1111,1928,11,1927,1777,674,1011,27,12,1926,626,1925,25],"class_list":{"0":"post-334442","1":"post","2":"type-post","3":"status-publish","4":"format-standard","5":"has-post-thumbnail","7":"category-paris","8":"tag-actu","9":"tag-actu-paris","10":"tag-actualites","11":"tag-actualites-paris","12":"tag-eu","13":"tag-europe","14":"tag-fr","15":"tag-france","16":"tag-news","17":"tag-news-paris","18":"tag-paris","19":"tag-paris-news","20":"tag-republique-francaise"},"share_on_mastodon":{"url":"https:\/\/pubeurope.com\/@fr\/115068009503245523","error":""},"_links":{"self":[{"href":"https:\/\/www.europesays.com\/fr\/wp-json\/wp\/v2\/posts\/334442","targetHints":{"allow":["GET"]}}],"collection":[{"href":"https:\/\/www.europesays.com\/fr\/wp-json\/wp\/v2\/posts"}],"about":[{"href":"https:\/\/www.europesays.com\/fr\/wp-json\/wp\/v2\/types\/post"}],"author":[{"embeddable":true,"href":"https:\/\/www.europesays.com\/fr\/wp-json\/wp\/v2\/users\/2"}],"replies":[{"embeddable":true,"href":"https:\/\/www.europesays.com\/fr\/wp-json\/wp\/v2\/comments?post=334442"}],"version-history":[{"count":0,"href":"https:\/\/www.europesays.com\/fr\/wp-json\/wp\/v2\/posts\/334442\/revisions"}],"wp:featuredmedia":[{"embeddable":true,"href":"https:\/\/www.europesays.com\/fr\/wp-json\/wp\/v2\/media\/334443"}],"wp:attachment":[{"href":"https:\/\/www.europesays.com\/fr\/wp-json\/wp\/v2\/media?parent=334442"}],"wp:term":[{"taxonomy":"category","embeddable":true,"href":"https:\/\/www.europesays.com\/fr\/wp-json\/wp\/v2\/categories?post=334442"},{"taxonomy":"post_tag","embeddable":true,"href":"https:\/\/www.europesays.com\/fr\/wp-json\/wp\/v2\/tags?post=334442"}],"curies":[{"name":"wp","href":"https:\/\/api.w.org\/{rel}","templated":true}]}}