{"id":334452,"date":"2025-08-21T17:51:11","date_gmt":"2025-08-21T17:51:11","guid":{"rendered":"https:\/\/www.europesays.com\/fr\/334452\/"},"modified":"2025-08-21T17:51:11","modified_gmt":"2025-08-21T17:51:11","slug":"en-russie-le-nombre-de-desertions-dans-larmee-de-vladimir-poutine-en-forte-hausse-lexpress","status":"publish","type":"post","link":"https:\/\/www.europesays.com\/fr\/334452\/","title":{"rendered":"En Russie, le nombre de d\u00e9sertions dans l\u2019arm\u00e9e de Vladimir Poutine en forte hausse \u2013 L&rsquo;Express"},"content":{"rendered":"<p class=\"paragraph article-body-paragraph article__item   article-body-paragraph--first \">C\u2019est un chiffre cons\u00e9quent, qui pourrait probablement \u00eatre sous-estim\u00e9. En plus de trois ans de <a href=\"https:\/\/www.lexpress.fr\/monde\/europe\/l-ukraine-hesite-entre-est-et-ouest_1302698.html\" target=\"_self\" rel=\"nofollow noopener\" title=\"https:\/\/www.lexpress.fr\/monde\/europe\/l-ukraine-hesite-entre-est-et-ouest_1302698.html\">guerre en Ukraine<\/a>, les tribunaux militaires de garnison russes ont rendu pas moins de 18 341 verdicts dans des affaires de d\u00e9sertion et d\u2019abandon de poste, selon les calculs r\u00e9alis\u00e9s pour le m\u00e9dia d\u2019investigation ind\u00e9pendant russe <a href=\"https:\/\/theins.ru\/news\/284177\" target=\"_blank\" rel=\"noreferrer nofollow noopener\" title=\"https:\/\/theins.ru\/news\/284177\">The Insider<\/a> par un centre d\u2019analyse dirig\u00e9 par Kirill Parubets, un ing\u00e9nieur informatique, opposant \u00e0 la guerre.<\/p>\n<p><strong class=\"article-body-link-list__item text-gray-800 article-body-link-list__item--one-item\">LIRE AUSSI : <a class=\"article-body-link-list__item-link\" href=\"https:\/\/www.lexpress.fr\/monde\/europe\/camille-grand-la-russie-ne-doit-pas-avoir-son-mot-a-dire-sur-les-garanties-de-securite-de-lukraine-CFNB4ACOHZAD7M7F4HFV3IFL6A\/\" target=\"_blank\" rel=\"noreferrer nofollow noopener\">Camille Grand : \u00ab\u00a0La Russie ne doit pas avoir son mot \u00e0 dire sur les garanties de s\u00e9curit\u00e9 de l\u2019Ukraine\u00a0\u00bb<\/a><\/strong><\/p>\n<p class=\"paragraph article-body-paragraph article__item   \">Si depuis f\u00e9vrier 2023, pour des raisons de \u00ab\u00a0confidentialit\u00e9\u00a0\u00bb, le D\u00e9partement judiciaire aupr\u00e8s de la Cour supr\u00eame a retir\u00e9 l\u2019acc\u00e8s au public des statistiques d\u00e9taill\u00e9es sur les crimes contre le service militaire &#8211; qui incluent la d\u00e9sertion et l\u2019abandon non autoris\u00e9 de poste -, les tribunaux de garnison, eux, continuent individuellement de publier des informations sur les verdicts rendus. L\u2019analyse publi\u00e9e par The Insider s\u2019appuie donc sur ces jugements, mais ne comprend pas ceux des tribunaux situ\u00e9s sur les territoires occup\u00e9s. Les auteurs de l\u2019enqu\u00eate estiment qu\u2019en tenant compte des condamnations prononc\u00e9es par ces derniers, le nombre total de condamn\u00e9s pourrait d\u00e9passer les 20 000.<\/p>\n<p>Une nette augmentation<\/p>\n<p class=\"paragraph article-body-paragraph article__item   \">Les deux premi\u00e8res ann\u00e9es de <a href=\"https:\/\/www.lexpress.fr\/monde\/europe\/ukraine-la-russie-a-lance-plus-de-600-drones-et-missiles-pendant-la-nuit-un-record-depuis-un-mois-VXCOK3WGIRHWDA5WCBMWULL7PM\/\" target=\"_blank\" rel=\"noreferrer nofollow noopener\" title=\"https:\/\/www.lexpress.fr\/monde\/europe\/ukraine-la-russie-a-lance-plus-de-600-drones-et-missiles-pendant-la-nuit-un-record-depuis-un-mois-VXCOK3WGIRHWDA5WCBMWULL7PM\/\">la guerre<\/a> ont montr\u00e9 une nette augmentation du nombre d\u2019affaires pour d\u00e9sertion ou abandon de poste. Durant les dix premiers mois de 2022, le nombre de condamn\u00e9s \u00e9tait relativement faible \u2013 seulement 884 personnes. En 2023, ce chiffre a grimp\u00e9 \u00e0 4 346, soit cinq fois plus que l\u2019ann\u00e9e pr\u00e9c\u00e9dente. En 2024, le nombre a encore doubl\u00e9, atteignant 8 561 condamn\u00e9s. Au cours des sept premiers mois de 2025, 4 679 personnes ont \u00e9t\u00e9 condamn\u00e9es, et m\u00eame si le rythme semble l\u00e9g\u00e8rement ralentir, les auteurs de l\u2019enqu\u00eate rappellent que de nombreux verdicts sont d\u00e9sormais rendus par les tribunaux d\u2019occupation, pour lesquels aucune donn\u00e9e publique n\u2019est disponible.<\/p>\n<p><strong class=\"article-body-link-list__item text-gray-800 article-body-link-list__item--one-item\">LIRE AUSSI : <a class=\"article-body-link-list__item-link\" href=\"https:\/\/www.lexpress.fr\/idees-et-debats\/toma-istomina-journaliste-ukrainienne-poutine-na-jamais-ete-dans-une-situation-aussi-favorable-KZMBQISU3ZFI7DWYD6CPV22HXM\/\" target=\"_blank\" rel=\"noreferrer nofollow noopener\">Toma Istomina, journaliste ukrainienne : \u00ab\u00a0Poutine n\u2019a jamais \u00e9t\u00e9 dans une situation aussi favorable\u00a0\u00bb<\/a><\/strong><\/p>\n<p class=\"paragraph article-body-paragraph article__item   \">La grande majorit\u00e9 des personnes condamn\u00e9es \u2013 environ 17 500 \u2013 l\u2019ont \u00e9t\u00e9 en vertu de l\u2019article sur l\u2019abandon non autoris\u00e9 de poste (article 337 du Code p\u00e9nal russe), tandis que \u00ab\u00a0seules\u00a0\u00bb 1 000 personnes ont \u00e9t\u00e9 condamn\u00e9es directement pour d\u00e9sertion (article 338 du Code p\u00e9nal). En outre, 94 personnes ont \u00e9t\u00e9 condamn\u00e9es pour \u00e9vasion du service militaire par simulation de maladie. Cette qualification juridique n\u2019est pas anodine, notent les analystes, car l\u2019article sur l\u2019abandon de poste \u00ab\u00a0pr\u00e9voit une peine avec sursis comme alternative \u00e0 la prison ferme\u00a0\u00bb, ce qui facilite le retour des condamn\u00e9s sur le front et les exclut des statistiques de \u00ab\u00a0pertes irr\u00e9cup\u00e9rables\u00a0\u00bb, contrairement \u00e0 la d\u00e9sertion.<\/p>\n<p class=\"paragraph article-body-paragraph article__item    article__text__endpicto\">En croisant ces donn\u00e9es avec des fichiers de soldats recherch\u00e9s et des fuites internes, les auteurs estiment que seul un cas sur trois aboutit r\u00e9ellement \u00e0 un proc\u00e8s. \u00ab\u00a0Le nombre r\u00e9el de d\u00e9serteurs pourrait donc atteindre 60 000\u00a0\u00bb, soit pr\u00e8s de 10 % des effectifs russes d\u00e9ploy\u00e9s sur le front, pr\u00e9cisent-ils. Une situation qui serait la r\u00e9elle cause du retrait des statistiques publiques sur le sujet, afin de ne pas contredire la d\u00e9claration de <a href=\"https:\/\/www.lexpress.fr\/monde\/europe\/la-russie-de-poutine_1071912.html\" target=\"_blank\" rel=\"noreferrer nofollow noopener\" title=\"https:\/\/www.lexpress.fr\/monde\/europe\/la-russie-de-poutine_1071912.html\">Vladimir Poutine<\/a> de juillet 2025, selon laquelle \u00ab\u00a0toute la Russie forme un front populaire uni et solidaire\u00a0\u00bb.<\/p>\n","protected":false},"excerpt":{"rendered":"C\u2019est un chiffre cons\u00e9quent, qui pourrait probablement \u00eatre sous-estim\u00e9. En plus de trois ans de guerre en Ukraine,&hellip;\n","protected":false},"author":2,"featured_media":334453,"comment_status":"","ping_status":"","sticky":false,"template":"","format":"standard","meta":{"footnotes":""},"categories":[1590],"tags":[11,1777,674,74,12,220],"class_list":{"0":"post-334452","1":"post","2":"type-post","3":"status-publish","4":"format-standard","5":"has-post-thumbnail","7":"category-ukraine","8":"tag-actualites","9":"tag-eu","10":"tag-europe","11":"tag-monde","12":"tag-news","13":"tag-ukraine"},"share_on_mastodon":{"url":"https:\/\/pubeurope.com\/@fr\/115068029068266063","error":""},"_links":{"self":[{"href":"https:\/\/www.europesays.com\/fr\/wp-json\/wp\/v2\/posts\/334452","targetHints":{"allow":["GET"]}}],"collection":[{"href":"https:\/\/www.europesays.com\/fr\/wp-json\/wp\/v2\/posts"}],"about":[{"href":"https:\/\/www.europesays.com\/fr\/wp-json\/wp\/v2\/types\/post"}],"author":[{"embeddable":true,"href":"https:\/\/www.europesays.com\/fr\/wp-json\/wp\/v2\/users\/2"}],"replies":[{"embeddable":true,"href":"https:\/\/www.europesays.com\/fr\/wp-json\/wp\/v2\/comments?post=334452"}],"version-history":[{"count":0,"href":"https:\/\/www.europesays.com\/fr\/wp-json\/wp\/v2\/posts\/334452\/revisions"}],"wp:featuredmedia":[{"embeddable":true,"href":"https:\/\/www.europesays.com\/fr\/wp-json\/wp\/v2\/media\/334453"}],"wp:attachment":[{"href":"https:\/\/www.europesays.com\/fr\/wp-json\/wp\/v2\/media?parent=334452"}],"wp:term":[{"taxonomy":"category","embeddable":true,"href":"https:\/\/www.europesays.com\/fr\/wp-json\/wp\/v2\/categories?post=334452"},{"taxonomy":"post_tag","embeddable":true,"href":"https:\/\/www.europesays.com\/fr\/wp-json\/wp\/v2\/tags?post=334452"}],"curies":[{"name":"wp","href":"https:\/\/api.w.org\/{rel}","templated":true}]}}