{"id":334454,"date":"2025-08-21T17:52:12","date_gmt":"2025-08-21T17:52:12","guid":{"rendered":"https:\/\/www.europesays.com\/fr\/334454\/"},"modified":"2025-08-21T17:52:12","modified_gmt":"2025-08-21T17:52:12","slug":"les-etats-unis-partenaire-intermittent-de-la-cour-penale-internationale","status":"publish","type":"post","link":"https:\/\/www.europesays.com\/fr\/334454\/","title":{"rendered":"Les \u00c9tats-Unis, partenaire intermittent de la Cour p\u00e9nale internationale"},"content":{"rendered":"<p><a href=\"https:\/\/www.la-croix.com\/international\/etre-journaliste-au-sein-de-la-maison-blanche-de-donald-trump-20250820\" data-tracking=\"inpage_click\" data-tracking-action=\"suivre un lien dans l&#039;article\" data-tracking-category=\"engagement\" rel=\"nofollow noopener\" target=\"_blank\">Washington<\/a> s\u2019attaque \u00e0 nouveau \u00e0 la justice internationale. Le secr\u00e9taire d\u2019\u00c9tat am\u00e9ricain, Marco Rubio, a annonc\u00e9, mercredi 20 ao\u00fbt, de nouvelles sanctions contre deux juges, dont un Fran\u00e7ais, et deux procureurs de la Cour p\u00e9nale internationale (CPI). Tous sont cibl\u00e9s pour leurs proc\u00e9dures contre des Am\u00e9ricains accus\u00e9s de crimes de guerre en Afghanistan et contre le mandat d\u2019arr\u00eat international visant le premier ministre isra\u00e9lien <a href=\"https:\/\/www.la-croix.com\/international\/israel-une-greve-partiellement-suivie-pour-demander-la-fin-de-la-guerre-et-le-retour-des-otages-20250817\" data-tracking=\"inpage_click\" data-tracking-action=\"suivre un lien dans l&#039;article\" data-tracking-category=\"engagement\" rel=\"nofollow noopener\" target=\"_blank\">Benyamin Netanyahou<\/a> et son ex-ministre de la D\u00e9fense, Yoav Gallant. Une nouvelle fois, les \u00c9tats-Unis choisissent de punir la justice internationale d\u00e8s qu\u2019elle va \u00e0 l\u2019encontre des int\u00e9r\u00eats de leur politique \u00e9trang\u00e8re.<\/p>\n<p>Cet article est r\u00e9serv\u00e9 aux abonn\u00e9s<\/p>\n<p>\n                    Vous souhaitez lire la suite\u00a0? Abonnez-vous sans engagement \u00e0 notre offre num\u00e9rique\n                <\/p>\n<p>                <a href=\"https:\/\/www.la-croix.com\/abonnement\" class=\"default-paywall__subscribe-button\" data-tracking=\"cta_click\" data-tracking-action=\"voir la page abonnement\" data-tracking-category=\"abonnement\" rel=\"nofollow noopener\" target=\"_blank\">Je m&rsquo;abonne<\/a><\/p>\n","protected":false},"excerpt":{"rendered":"Washington s\u2019attaque \u00e0 nouveau \u00e0 la justice internationale. Le secr\u00e9taire d\u2019\u00c9tat am\u00e9ricain, Marco Rubio, a annonc\u00e9, mercredi 20&hellip;\n","protected":false},"author":2,"featured_media":334455,"comment_status":"","ping_status":"","sticky":false,"template":"","format":"standard","meta":{"footnotes":""},"categories":[1589],"tags":[11,73,1866,12,1864,1865,1863,308],"class_list":{"0":"post-334454","1":"post","2":"type-post","3":"status-publish","4":"format-standard","5":"has-post-thumbnail","7":"category-etats-unis","8":"tag-actualites","9":"tag-etats-unis","10":"tag-etats-unis-damerique","11":"tag-news","12":"tag-united-states","13":"tag-united-states-of-america","14":"tag-us","15":"tag-usa"},"share_on_mastodon":{"url":"","error":""},"_links":{"self":[{"href":"https:\/\/www.europesays.com\/fr\/wp-json\/wp\/v2\/posts\/334454","targetHints":{"allow":["GET"]}}],"collection":[{"href":"https:\/\/www.europesays.com\/fr\/wp-json\/wp\/v2\/posts"}],"about":[{"href":"https:\/\/www.europesays.com\/fr\/wp-json\/wp\/v2\/types\/post"}],"author":[{"embeddable":true,"href":"https:\/\/www.europesays.com\/fr\/wp-json\/wp\/v2\/users\/2"}],"replies":[{"embeddable":true,"href":"https:\/\/www.europesays.com\/fr\/wp-json\/wp\/v2\/comments?post=334454"}],"version-history":[{"count":0,"href":"https:\/\/www.europesays.com\/fr\/wp-json\/wp\/v2\/posts\/334454\/revisions"}],"wp:featuredmedia":[{"embeddable":true,"href":"https:\/\/www.europesays.com\/fr\/wp-json\/wp\/v2\/media\/334455"}],"wp:attachment":[{"href":"https:\/\/www.europesays.com\/fr\/wp-json\/wp\/v2\/media?parent=334454"}],"wp:term":[{"taxonomy":"category","embeddable":true,"href":"https:\/\/www.europesays.com\/fr\/wp-json\/wp\/v2\/categories?post=334454"},{"taxonomy":"post_tag","embeddable":true,"href":"https:\/\/www.europesays.com\/fr\/wp-json\/wp\/v2\/tags?post=334454"}],"curies":[{"name":"wp","href":"https:\/\/api.w.org\/{rel}","templated":true}]}}