{"id":334460,"date":"2025-08-21T17:55:15","date_gmt":"2025-08-21T17:55:15","guid":{"rendered":"https:\/\/www.europesays.com\/fr\/334460\/"},"modified":"2025-08-21T17:55:15","modified_gmt":"2025-08-21T17:55:15","slug":"un-mort-dans-de-nouvelles-attaques-russes-leurope-doit-porter-la-plus-grande-part-du-fardeau","status":"publish","type":"post","link":"https:\/\/www.europesays.com\/fr\/334460\/","title":{"rendered":"Un mort dans de nouvelles attaques russes, l\u2019Europe doit porter \u00ab la plus grande part du fardeau \u00bb"},"content":{"rendered":"<p><strong>R\u00e9cap&rsquo; &#8211; \u00ab\u00a020 Minutes\u00a0\u00bb fait le point pour vous tous les soirs sur le conflit. Ce jeudi, et malgr\u00e9 les n\u00e9gociations en cours, de nouvelles attaques russes font un mort et de nombreux bless\u00e9s du c\u00f4t\u00e9 ukrainien<\/strong><\/p>\n<p>Vous avez rat\u00e9 les derniers \u00e9v\u00e9nements sur la guerre en Ukraine\u00a0? 20 Minutes fait le point pour vous tous les soirs. Voici l\u2019essentiel de ce jeudi 21\u00a0ao\u00fbt, au 1.275e jour du conflit.<\/p>\n<p>Le fait du jour<\/p>\n<p>Si une rencontre entre <a href=\"https:\/\/www.20minutes.fr\/monde\/vladimir_poutine\/?at_medium=RSS%20feed&amp;at_campaign=ynews&amp;utm_source=yahoo&amp;utm_medium=rss&amp;utm_campaign=news_feed&amp;utm_content=in_article_link\" rel=\"nofollow noopener\" target=\"_blank\" data-ylk=\"slk:Vladimir Poutine;elm:context_link;itc:0;sec:content-canvas\" class=\"link \">Vladimir Poutine<\/a> et <a href=\"https:\/\/www.20minutes.fr\/monde\/volodymyr-zelensky\/?at_medium=RSS%20feed&amp;at_campaign=ynews&amp;utm_source=yahoo&amp;utm_medium=rss&amp;utm_campaign=news_feed&amp;utm_content=in_article_link\" rel=\"nofollow noopener\" target=\"_blank\" data-ylk=\"slk:Volodymyr Zelensky;elm:context_link;itc:0;sec:content-canvas\" class=\"link \">Volodymyr Zelensky<\/a> pour mettre fin \u00e0 la guerre tente de s\u2019organiser, la Russie ne semble pas y mettre du sien. D\u2019importantes frappes de drones et missiles russes ont touch\u00e9 plusieurs villes de l\u2019ouest de l\u2019<a href=\"https:\/\/www.20minutes.fr\/monde\/ukraine\/?at_medium=RSS%20feed&amp;at_campaign=ynews&amp;utm_source=yahoo&amp;utm_medium=rss&amp;utm_campaign=news_feed&amp;utm_content=in_article_link\" rel=\"nofollow noopener\" target=\"_blank\" data-ylk=\"slk:Ukraine;elm:context_link;itc:0;sec:content-canvas\" class=\"link \">Ukraine<\/a> t\u00f4t jeudi, causant un mort \u00e0 Lviv et plus d\u2019une dizaine de bless\u00e9s dans la r\u00e9gion, ont annonc\u00e9 les autorit\u00e9s locales. Des dizaines de b\u00e2timents r\u00e9sidentiels ont \u00e9galement \u00e9t\u00e9 touch\u00e9es.<\/p>\n<p>\u00ab\u00a0L\u2019ennemi a attaqu\u00e9 avec 614 armes de frappe a\u00e9rienne\u00a0\u00bb, a indiqu\u00e9 l\u2019arm\u00e9e de l\u2019air ukrainienne sur Telegram, assurant avoir abattu 546 drones et 31 missiles. Volodymyr Zelensky a \u00e9galement indiqu\u00e9 que \u00ab\u00a0le regroupement de troupes ennemies est en cours\u00a0\u00bb \u00e0 Zaporijjia. Selon le dirigeant ukrainien, <a href=\"https:\/\/www.20minutes.fr\/monde\/moscou\/?at_medium=RSS%20feed&amp;at_campaign=ynews&amp;utm_source=yahoo&amp;utm_medium=rss&amp;utm_campaign=news_feed&amp;utm_content=in_article_link\" rel=\"nofollow noopener\" target=\"_blank\" data-ylk=\"slk:Moscou;elm:context_link;itc:0;sec:content-canvas\" class=\"link \">Moscou<\/a> transf\u00e8re vers cette zone ses forces depuis la r\u00e9gion russe de Koursk.<\/p>\n<p>La r\u00e9ponse de la <a href=\"https:\/\/www.20minutes.fr\/france\/?at_medium=RSS%20feed&amp;at_campaign=ynews&amp;utm_source=yahoo&amp;utm_medium=rss&amp;utm_campaign=news_feed&amp;utm_content=in_article_link\" rel=\"nofollow noopener\" target=\"_blank\" data-ylk=\"slk:France;elm:context_link;itc:0;sec:content-canvas\" class=\"link \">France<\/a> ne s\u2019est pas fait attendre. Ces frappes \u00ab\u00a0illustrent l\u2019absence de volont\u00e9 de la Russie de s\u2019engager s\u00e9rieusement en faveur de pourparlers de paix\u00a0\u00bb, a affirm\u00e9 un porte-parole de la diplomatie fran\u00e7aise. Elles \u00ab\u00a0t\u00e9moignent une fois de plus de la n\u00e9cessit\u00e9 de mettre fin aux tueries, et donc de la n\u00e9cessit\u00e9 de maintenir et de renforcer la pression sur la <a href=\"https:\/\/www.20minutes.fr\/monde\/russie\/?at_medium=RSS%20feed&amp;at_campaign=ynews&amp;utm_source=yahoo&amp;utm_medium=rss&amp;utm_campaign=news_feed&amp;utm_content=in_article_link\" rel=\"nofollow noopener\" target=\"_blank\" data-ylk=\"slk:Russie;elm:context_link;itc:0;sec:content-canvas\" class=\"link \">Russie<\/a>\u00a0\u00bb, estime-t-il.<\/p>\n<p>\u00ab\u00a0Alors que la Russie se dit pr\u00eate \u00e0 n\u00e9gocier, elle poursuit dans le m\u00eame temp(&#8230;)<\/p>\n<p><a href=\"https:\/\/www.20minutes.fr\/monde\/ukraine\/4168888-20250821-guerre-ukraine-mort-nouvelles-attaques-russes-europe-doit-porter-plus-grande-part-fardeau?at_medium=RSS%20feed&amp;at_campaign=ynews&amp;utm_source=yahoo&amp;utm_medium=rss&amp;utm_campaign=news_feed&amp;utm_content=read_more_link&quot;\" rel=\"nofollow noopener\" target=\"_blank\" data-ylk=\"slk:Lire la suite sur 20minutes;elm:context_link;itc:0;sec:content-canvas\" class=\"link \">Lire la suite sur 20minutes<\/a><\/p>\n<p>\u00c0 lire aussi :<br \/><a href=\"https:\/\/www.20minutes.fr\/monde\/ukraine\/4168835-20250821-guerre-ukraine-si-paix-passait-influence-premieres-dames-melania-trump-olena-zelenska?at_medium=RSS%20feed&amp;at_campaign=ynews&amp;utm_source=yahoo&amp;utm_medium=rss&amp;utm_campaign=news_feed&amp;utm_content=related_content_link\" rel=\"nofollow noopener\" target=\"_blank\" data-ylk=\"slk:Guerre en Ukraine\u00a0: Et si la paix passait par l\u2019influence des premi\u00e8res dames Melania Trump et Olena Zelenska\u00a0?;elm:context_link;itc:0;sec:content-canvas\" class=\"link \">Guerre en Ukraine\u00a0: Et si la paix passait par l\u2019influence des premi\u00e8res dames Melania Trump et Olena Zelenska\u00a0?<\/a><br \/><a href=\"https:\/\/www.20minutes.fr\/monde\/coree_du_nord\/4168815-20250821-guerre-ukraine-kim-jong-satisfait-actions-coree-nord-russie-contre-kiev?at_medium=RSS%20feed&amp;at_campaign=ynews&amp;utm_source=yahoo&amp;utm_medium=rss&amp;utm_campaign=news_feed&amp;utm_content=related_content_link\" rel=\"nofollow noopener\" target=\"_blank\" data-ylk=\"slk:Guerre en Ukraine\u00a0: Kim Jong-un satisfait des actions de la Cor\u00e9e du Nord avec la Russie contre Kiev;elm:context_link;itc:0;sec:content-canvas\" class=\"link \">Guerre en Ukraine\u00a0: Kim Jong-un satisfait des actions de la Cor\u00e9e du Nord avec la Russie contre Kiev<\/a><\/p>\n","protected":false},"excerpt":{"rendered":"R\u00e9cap&rsquo; &#8211; \u00ab\u00a020 Minutes\u00a0\u00bb fait le point pour vous tous les soirs sur le conflit. Ce jeudi, et&hellip;\n","protected":false},"author":2,"featured_media":334461,"comment_status":"","ping_status":"","sticky":false,"template":"","format":"standard","meta":{"footnotes":""},"categories":[1586],"tags":[642,11,1777,674,1011,27,2489,24666,12,25,135,134],"class_list":{"0":"post-334460","1":"post","2":"type-post","3":"status-publish","4":"format-standard","5":"has-post-thumbnail","7":"category-europe","8":"tag-20-minutes","9":"tag-actualites","10":"tag-eu","11":"tag-europe","12":"tag-fr","13":"tag-france","14":"tag-la-russie","15":"tag-missiles-russes","16":"tag-news","17":"tag-republique-francaise","18":"tag-vladimir-poutine","19":"tag-volodymyr-zelensky"},"share_on_mastodon":{"url":"https:\/\/pubeurope.com\/@fr\/115068044813439501","error":""},"_links":{"self":[{"href":"https:\/\/www.europesays.com\/fr\/wp-json\/wp\/v2\/posts\/334460","targetHints":{"allow":["GET"]}}],"collection":[{"href":"https:\/\/www.europesays.com\/fr\/wp-json\/wp\/v2\/posts"}],"about":[{"href":"https:\/\/www.europesays.com\/fr\/wp-json\/wp\/v2\/types\/post"}],"author":[{"embeddable":true,"href":"https:\/\/www.europesays.com\/fr\/wp-json\/wp\/v2\/users\/2"}],"replies":[{"embeddable":true,"href":"https:\/\/www.europesays.com\/fr\/wp-json\/wp\/v2\/comments?post=334460"}],"version-history":[{"count":0,"href":"https:\/\/www.europesays.com\/fr\/wp-json\/wp\/v2\/posts\/334460\/revisions"}],"wp:featuredmedia":[{"embeddable":true,"href":"https:\/\/www.europesays.com\/fr\/wp-json\/wp\/v2\/media\/334461"}],"wp:attachment":[{"href":"https:\/\/www.europesays.com\/fr\/wp-json\/wp\/v2\/media?parent=334460"}],"wp:term":[{"taxonomy":"category","embeddable":true,"href":"https:\/\/www.europesays.com\/fr\/wp-json\/wp\/v2\/categories?post=334460"},{"taxonomy":"post_tag","embeddable":true,"href":"https:\/\/www.europesays.com\/fr\/wp-json\/wp\/v2\/tags?post=334460"}],"curies":[{"name":"wp","href":"https:\/\/api.w.org\/{rel}","templated":true}]}}