{"id":334462,"date":"2025-08-21T17:56:11","date_gmt":"2025-08-21T17:56:11","guid":{"rendered":"https:\/\/www.europesays.com\/fr\/334462\/"},"modified":"2025-08-21T17:56:11","modified_gmt":"2025-08-21T17:56:11","slug":"droits-de-douane-les-constructeurs-automobiles-europeens-se-rejouissent-de-laccord-ue-etats-unis","status":"publish","type":"post","link":"https:\/\/www.europesays.com\/fr\/334462\/","title":{"rendered":"Droits de douane\u00a0: les constructeurs automobiles europ\u00e9ens se r\u00e9jouissent de l\u2019accord UE \u2013 \u00c9tats-Unis"},"content":{"rendered":"<p>L\u2019ACEA, qui salue une \u00e9tape positive, se r\u00e9jouit que le texte apporte \u00ab\u00a0de la clart\u00e9\u00a0\u00bb et qu\u2019il confirme une baisse, de 27,5 \u00e0 15%, des droits de douane pesant sur les importations am\u00e9ricaines de voitures europ\u00e9ennes.\u00a0Ces droits de douane de 15% sur les v\u00e9hicules et pi\u00e8ces automobiles seront en principe appliqu\u00e9s r\u00e9troactivement \u00e0 partir du 1er\u00a0ao\u00fbt.<\/p>\n<p>\u00ab\u00a0Il est maintenant crucial que la Commission europ\u00e9enne mette en \u0153uvre les engagements de l\u2019UE sans d\u00e9lai, att\u00e9nuant les cons\u00e9quences des droits de douane qui ont d\u00e9j\u00e0 co\u00fbt\u00e9 aux constructeurs automobiles des millions d\u2019euros chaque jour\u00a0\u00bb, estime le directeur g\u00e9n\u00e9ral de l\u2019ACEA, Sigrid de Vries.<\/p>\n","protected":false},"excerpt":{"rendered":"L\u2019ACEA, qui salue une \u00e9tape positive, se r\u00e9jouit que le texte apporte \u00ab\u00a0de la clart\u00e9\u00a0\u00bb et qu\u2019il confirme&hellip;\n","protected":false},"author":2,"featured_media":334463,"comment_status":"","ping_status":"","sticky":false,"template":"","format":"standard","meta":{"footnotes":""},"categories":[1586],"tags":[11,1777,674,1779,1011,27,12,25,1778,364],"class_list":{"0":"post-334462","1":"post","2":"type-post","3":"status-publish","4":"format-standard","5":"has-post-thumbnail","7":"category-europe","8":"tag-actualites","9":"tag-eu","10":"tag-europe","11":"tag-european-union","12":"tag-fr","13":"tag-france","14":"tag-news","15":"tag-republique-francaise","16":"tag-ue","17":"tag-union-europeenne"},"share_on_mastodon":{"url":"https:\/\/pubeurope.com\/@fr\/115068048762678299","error":""},"_links":{"self":[{"href":"https:\/\/www.europesays.com\/fr\/wp-json\/wp\/v2\/posts\/334462","targetHints":{"allow":["GET"]}}],"collection":[{"href":"https:\/\/www.europesays.com\/fr\/wp-json\/wp\/v2\/posts"}],"about":[{"href":"https:\/\/www.europesays.com\/fr\/wp-json\/wp\/v2\/types\/post"}],"author":[{"embeddable":true,"href":"https:\/\/www.europesays.com\/fr\/wp-json\/wp\/v2\/users\/2"}],"replies":[{"embeddable":true,"href":"https:\/\/www.europesays.com\/fr\/wp-json\/wp\/v2\/comments?post=334462"}],"version-history":[{"count":0,"href":"https:\/\/www.europesays.com\/fr\/wp-json\/wp\/v2\/posts\/334462\/revisions"}],"wp:featuredmedia":[{"embeddable":true,"href":"https:\/\/www.europesays.com\/fr\/wp-json\/wp\/v2\/media\/334463"}],"wp:attachment":[{"href":"https:\/\/www.europesays.com\/fr\/wp-json\/wp\/v2\/media?parent=334462"}],"wp:term":[{"taxonomy":"category","embeddable":true,"href":"https:\/\/www.europesays.com\/fr\/wp-json\/wp\/v2\/categories?post=334462"},{"taxonomy":"post_tag","embeddable":true,"href":"https:\/\/www.europesays.com\/fr\/wp-json\/wp\/v2\/tags?post=334462"}],"curies":[{"name":"wp","href":"https:\/\/api.w.org\/{rel}","templated":true}]}}