{"id":334483,"date":"2025-08-21T18:08:11","date_gmt":"2025-08-21T18:08:11","guid":{"rendered":"https:\/\/www.europesays.com\/fr\/334483\/"},"modified":"2025-08-21T18:08:11","modified_gmt":"2025-08-21T18:08:11","slug":"mercato-om-girona-relance-les-discussions-pour-ounahi","status":"publish","type":"post","link":"https:\/\/www.europesays.com\/fr\/334483\/","title":{"rendered":"Mercato OM &#8211; Girona relance les discussions pour Ounahi"},"content":{"rendered":"<p><strong><\/p>\n<p>Girona aurait r\u00e9activ\u00e9 les n\u00e9gociations avec l\u2019OM pour recruter Azzedine Ounahi. Michel le consid\u00e8rerait comme un compl\u00e9ment id\u00e9al pour apporter cr\u00e9ativit\u00e9 et \u00e9quilibre dans son \u00e9quipe.<\/p>\n<p><\/strong><\/p>\n<p>Azzedine Ounahi \u00e9prouve des difficult\u00e9s depuis son arriv\u00e9e \u00e0 Marseille en janvier 2023 en provenance d\u2019Angers. L\u2019international marocain n\u2019a jamais r\u00e9ussi \u00e0 s\u2019imposer durablement et cherche d\u00e9sormais un nouveau d\u00e9fi.<\/p>\n<p>Selon Nil Sol\u00e0 de la Cadena SER, <strong>Girona pense \u00e0 l\u2019Olympien de 25 ans<\/strong>, qui <a href=\"https:\/\/www.footmarseille.com\/127880-ounahi-vers-la-liga-ou-la-turquie\" rel=\"nofollow noopener\" target=\"_blank\">privil\u00e9gierait un d\u00e9part vers la Liga<\/a>. Ounahi n\u2019a pas particip\u00e9 \u00e0 la pr\u00e9paration avec Roberto De Zerbi.<\/p>\n<p>L\u2019entra\u00eeneur Michel (un homonyme du Michel qui a entra\u00een\u00e9 l\u2019OM) voudrait miser sur son profil technique pour compenser les r\u00e9cents d\u00e9parts dans son entrejeu. Il appr\u00e9cierait particuli\u00e8rement sa capacit\u00e9 \u00e0 \u00e9voluer dans diff\u00e9rents registres au milieu de terrain.<\/p>\n<p><strong>La volont\u00e9 du joueur de rejoindre l\u2019Espagne<\/strong> constituerait un atout majeur pour Girona. Cela faciliterait les discussions entre les deux clubs.<\/p>\n<p>C\u00f4t\u00e9 OM, le d\u00e9part d\u2019Ounahi pourrait lib\u00e9rer une place et des ressources financi\u00e8res pour d\u2019autres recrutements prioritaires.<\/p>\n","protected":false},"excerpt":{"rendered":"Girona aurait r\u00e9activ\u00e9 les n\u00e9gociations avec l\u2019OM pour recruter Azzedine Ounahi. Michel le consid\u00e8rerait comme un compl\u00e9ment id\u00e9al&hellip;\n","protected":false},"author":2,"featured_media":334484,"comment_status":"","ping_status":"","sticky":false,"template":"","format":"standard","meta":{"footnotes":""},"categories":[1410],"tags":[63,1011,27,60],"class_list":{"0":"post-334483","1":"post","2":"type-post","3":"status-publish","4":"format-standard","5":"has-post-thumbnail","7":"category-football","8":"tag-football","9":"tag-fr","10":"tag-france","11":"tag-sports"},"share_on_mastodon":{"url":"https:\/\/pubeurope.com\/@fr\/115068096147496130","error":""},"_links":{"self":[{"href":"https:\/\/www.europesays.com\/fr\/wp-json\/wp\/v2\/posts\/334483","targetHints":{"allow":["GET"]}}],"collection":[{"href":"https:\/\/www.europesays.com\/fr\/wp-json\/wp\/v2\/posts"}],"about":[{"href":"https:\/\/www.europesays.com\/fr\/wp-json\/wp\/v2\/types\/post"}],"author":[{"embeddable":true,"href":"https:\/\/www.europesays.com\/fr\/wp-json\/wp\/v2\/users\/2"}],"replies":[{"embeddable":true,"href":"https:\/\/www.europesays.com\/fr\/wp-json\/wp\/v2\/comments?post=334483"}],"version-history":[{"count":0,"href":"https:\/\/www.europesays.com\/fr\/wp-json\/wp\/v2\/posts\/334483\/revisions"}],"wp:featuredmedia":[{"embeddable":true,"href":"https:\/\/www.europesays.com\/fr\/wp-json\/wp\/v2\/media\/334484"}],"wp:attachment":[{"href":"https:\/\/www.europesays.com\/fr\/wp-json\/wp\/v2\/media?parent=334483"}],"wp:term":[{"taxonomy":"category","embeddable":true,"href":"https:\/\/www.europesays.com\/fr\/wp-json\/wp\/v2\/categories?post=334483"},{"taxonomy":"post_tag","embeddable":true,"href":"https:\/\/www.europesays.com\/fr\/wp-json\/wp\/v2\/tags?post=334483"}],"curies":[{"name":"wp","href":"https:\/\/api.w.org\/{rel}","templated":true}]}}