{"id":334494,"date":"2025-08-21T18:14:22","date_gmt":"2025-08-21T18:14:22","guid":{"rendered":"https:\/\/www.europesays.com\/fr\/334494\/"},"modified":"2025-08-21T18:14:22","modified_gmt":"2025-08-21T18:14:22","slug":"les-confidences-touchantes-de-julie-depardieu-sur-le-poids-du-succes-de-ses-parents-je-me-disais-que-je-netais-bonne-a-rien","status":"publish","type":"post","link":"https:\/\/www.europesays.com\/fr\/334494\/","title":{"rendered":"Les confidences touchantes de Julie Depardieu sur le poids du succ\u00e8s de ses parents\u00a0: \u00ab\u00a0Je me disais que je n&rsquo;\u00e9tais bonne \u00e0 rien\u00a0\u00bb"},"content":{"rendered":"<p class=\"ap-StoryElement ap-StoryElement--mb ap-StoryText\">Un nom peut parfois peser tr\u00e8s lourd. Si \u00eatre un enfant de stars semble de prime abord \u00eatre un privil\u00e8ge ouvrant de tr\u00e8s nombreuses portes, cela comporte \u00e9galement des d\u00e9savantages beaucoup moins visibles. Psychologiquement, cette situation peut, en effet, \u00eatre difficile \u00e0 vivre, comme l&rsquo;atteste encore cette semaine le r\u00e9cent t\u00e9moignage de <b>Julie Depardieu<\/b>.<\/p>\n<p class=\"ap-StoryElement ap-StoryElement--mb ap-StoryText\">La fille d&rsquo;<b>\u00c9lisabeth Guignot<\/b> et de <b>G\u00e9rard Depardieu <\/b>s&rsquo;est, en effet, entretenue avec nos confr\u00e8res de Gala dans le cadre de la promotion d&rsquo;un nouveau spectacle intitul\u00e9 \u00ab\u00a0La Mis\u00e9rable\u00a0\u00bb qui la fera monter sur les planches d\u00e9but octobre \u00e0 Paris. Et elle en a profit\u00e9 pour revenir sur ses d\u00e9buts en tant que com\u00e9dienne.<\/p>\n<p>Pour acc\u00e9der \u00e0 cet article, veuillez vous connecter au r\u00e9seau internet.<\/p>\n","protected":false},"excerpt":{"rendered":"Un nom peut parfois peser tr\u00e8s lourd. Si \u00eatre un enfant de stars semble de prime abord \u00eatre&hellip;\n","protected":false},"author":2,"featured_media":334495,"comment_status":"","ping_status":"","sticky":false,"template":"","format":"standard","meta":{"footnotes":""},"categories":[1354],"tags":[972,650,58,59,1346,1011,27,1360,973,7347],"class_list":{"0":"post-334494","1":"post","2":"type-post","3":"status-publish","4":"format-standard","5":"has-post-thumbnail","7":"category-films","8":"tag-celebrite","9":"tag-cinema","10":"tag-divertissement","11":"tag-entertainment","12":"tag-films","13":"tag-fr","14":"tag-france","15":"tag-movies","16":"tag-people","17":"tag-scene"},"share_on_mastodon":{"url":"https:\/\/pubeurope.com\/@fr\/115068119671957964","error":""},"_links":{"self":[{"href":"https:\/\/www.europesays.com\/fr\/wp-json\/wp\/v2\/posts\/334494","targetHints":{"allow":["GET"]}}],"collection":[{"href":"https:\/\/www.europesays.com\/fr\/wp-json\/wp\/v2\/posts"}],"about":[{"href":"https:\/\/www.europesays.com\/fr\/wp-json\/wp\/v2\/types\/post"}],"author":[{"embeddable":true,"href":"https:\/\/www.europesays.com\/fr\/wp-json\/wp\/v2\/users\/2"}],"replies":[{"embeddable":true,"href":"https:\/\/www.europesays.com\/fr\/wp-json\/wp\/v2\/comments?post=334494"}],"version-history":[{"count":0,"href":"https:\/\/www.europesays.com\/fr\/wp-json\/wp\/v2\/posts\/334494\/revisions"}],"wp:featuredmedia":[{"embeddable":true,"href":"https:\/\/www.europesays.com\/fr\/wp-json\/wp\/v2\/media\/334495"}],"wp:attachment":[{"href":"https:\/\/www.europesays.com\/fr\/wp-json\/wp\/v2\/media?parent=334494"}],"wp:term":[{"taxonomy":"category","embeddable":true,"href":"https:\/\/www.europesays.com\/fr\/wp-json\/wp\/v2\/categories?post=334494"},{"taxonomy":"post_tag","embeddable":true,"href":"https:\/\/www.europesays.com\/fr\/wp-json\/wp\/v2\/tags?post=334494"}],"curies":[{"name":"wp","href":"https:\/\/api.w.org\/{rel}","templated":true}]}}