{"id":334508,"date":"2025-08-21T18:21:09","date_gmt":"2025-08-21T18:21:09","guid":{"rendered":"https:\/\/www.europesays.com\/fr\/334508\/"},"modified":"2025-08-21T18:21:09","modified_gmt":"2025-08-21T18:21:09","slug":"les-clubs-de-football-de-la-manche-rendent-hommage-a-morgan-mauger-tue-dans-un-accident","status":"publish","type":"post","link":"https:\/\/www.europesays.com\/fr\/334508\/","title":{"rendered":"Les clubs de football de la Manche rendent hommage \u00e0 Morgan Mauger, tu\u00e9 dans un accident"},"content":{"rendered":"<p>            Par<br \/>\n        <strong><br \/>\n            <a href=\"https:\/\/actu.fr\/auteur\/juliette-voisin02-lapressedelamanche-fr\" title=\"Consulter tous les articles de Juliette Voisin\" target=\"_blank\" rel=\"noopener\">Juliette Voisin<\/a><br \/>\n        <\/strong><\/p>\n<p>        Publi\u00e9 le<\/p>\n<p>            21 ao\u00fbt 2025 \u00e0 18h08        <\/p>\n<p>Les clubs de football du pays <a href=\"https:\/\/actu.fr\/normandie\/saint-lo_50502\" target=\"_blank\" rel=\"noopener\">saint-lois<\/a> sont <b>en deuil<\/b>. <b>Morgan Mauger<\/b>, ancien joueur et \u00e9ducateur sportif, est <b>d\u00e9c\u00e9d\u00e9 <\/b>dans <a href=\"https:\/\/actu.fr\/pays-de-la-loire\/sainte-gemme-la-plaine_85216\/un-mort-un-enfant-de-2-ans-et-une-femme-heliportes-apres-un-choc-entre-un-tracteur-et-une-voiture-en-vendee_63048045.html\" target=\"_blank\" rel=\"noopener\">une collision avec un tracteur<\/a> survenue \u00e0 <a href=\"https:\/\/actu.fr\/pays-de-la-loire\/sainte-gemme-la-plaine_85216\" target=\"_blank\" rel=\"noopener\">Sainte-Gemme-la-Plaine<\/a> (Vend\u00e9e) <b>lundi 18\u00a0ao\u00fbt 2025<\/b>.<\/p>\n<p class=\" wall-content\"><b>Sa femme Ya\u00ebl, 32\u00a0ans,<\/b> et <b>leur fils So\u00ebn<\/b>, \u00e2g\u00e9 d\u2019un an et demi, d\u2019abord h\u00e9liport\u00e9s \u00e0 <a href=\"https:\/\/actu.fr\/pays-de-la-loire\/nantes_44109\" target=\"_blank\" rel=\"noopener\">Nantes<\/a> et <a href=\"https:\/\/actu.fr\/pays-de-la-loire\/angers_49007\" target=\"_blank\" rel=\"noopener\">Angers<\/a><b> en urgence absolue<\/b>, sont \u00e9galement d\u00e9c\u00e9d\u00e9s. Ils laissent derri\u00e8re eux une petite fille, <b>Z\u00e9lie<\/b>, \u00e2g\u00e9e de 5\u00a0ans.<\/p>\n<p>Sa famille du football lui rend hommage<\/p>\n<p class=\" wall-content\">Morgan Mauger, <b>34\u00a0ans<\/b>, avait jou\u00e9 au ballon rond dans plusieurs clubs du Centre-Manche, notamment le <b>FC Saint-L\u00f4<\/b>.<\/p>\n<p class=\" wall-content\">L\u2019actuel directeur sportif du club, Yann Mesnil-Letellier, se souvient\u2009: \u00ab\u2009Morgan \u00e9tait un jeune tr\u00e8s <b>bien \u00e9duqu\u00e9<\/b>, <b>toujours l\u00e0 pour aider<\/b>, <b>fiable<\/b>, <b>enthousiaste <\/b>et qui respectait <b>les valeurs du sport collectif<\/b>\u2009\u00bb. La preuve, il exer\u00e7ait la profession d\u2019<b>\u00e9ducateur<\/b> <b>sportif <\/b>et <b>animateur socioculturel<\/b>.<\/p>\n<p class=\" wall-content\">Une carri\u00e8re qui a d\u2019ailleurs d\u00e9but\u00e9 au club de <b>Tessy Moyon Sports<\/b>. L\u2019ancien pr\u00e9sident du club, devenu son ami, <b>Laurent Beslon<\/b> l\u2019avait embauch\u00e9 comme salari\u00e9 durant deux saisons, il y a dix ans. \u00ab\u2009C\u2019est une trag\u00e9die tr\u00e8s difficile \u00e0 encaisser. Il \u00e9tait top en <b>p\u00e9dagogie <\/b>avec les enfants, toujours <b>bienveillant <\/b>et dot\u00e9 d\u2019un <b>bon relationnel <\/b>avec le bureau\u2009\u00bb, raconte-t-il.<\/p>\n<blockquote class=\"ac-article-quote wall-content\">\n<p>Avec Morgan, nous avons la chance d\u2019avoir v\u00e9cu l\u2019\u00e9pop\u00e9e de la Coupe Gambardella en 2009, o\u00f9 nous nous sommes fait \u00e9liminer par le PSG. Un souvenir qui restera grav\u00e9.<\/p>\n<p>Yann Mesnil-Letellier, directeur sportif du FC Saint-L\u00f4<\/p><\/blockquote>\n<p class=\" wall-content\"><a href=\"https:\/\/www.instagram.com\/p\/DNm6HPDoRfi\/embed\" title=\"Ouvrir le lien sur Instagram\" target=\"_blank\" rel=\"noopener\">Visualiser le contenu sur Instagram<\/a><\/p>\n<p class=\" wall-content\">Depuis le <b>drame<\/b>, les messages de soutien se multiplient sur les r\u00e9seaux sociaux.<\/p>\n<blockquote class=\"ac-article-quote wall-content\">\n<p>En ces moments douloureux, toutes nos pens\u00e9es de soutien et de r\u00e9confort se tournent vers Jean-Luc et Josiane, les parents de Morgan, b\u00e9n\u00e9voles d\u00e9vou\u00e9s de notre association, \u00e0 Z\u00e9lie, leurs proches, ainsi que toutes les personnes qui ont eu la chance de croiser leur chemin.<\/p>\n<p>Le club de Tessy Moyon Sports<\/p><\/blockquote>\n<p>Votre r\u00e9gion, votre actu !<\/p>\n<p>Recevez chaque jour les infos qui comptent pour vous.<\/p>\n<p>\t<a href=\"https:\/\/actu.fr\/newsletter\" class=\"ac-btn ac-btn--corner ac-btn--medium ac-btn--blue800\" target=\"_blank\" rel=\"noopener\">S&rsquo;incrire<\/a><\/p>\n<p class=\" wall-content\">Morgan Mauger \u00e9tait \u00e9galement pass\u00e9 par l\u2019<b>Agneaux FC, o\u00f9 ses parents sont des b\u00e9n\u00e9voles fid\u00e8les et actifs<\/b>, ainsi qu\u2019\u00e0 l\u2019<b>ES Coutances<\/b>.<\/p>\n<p>Minute de silence<\/p>\n<p class=\" wall-content\">L\u2019<b>\u00e9motion<\/b> sera <b>palpable <\/b>sur les terrains en ce week-end de matches amicaux et de premier tour de <a href=\"https:\/\/actu.fr\/sports\/football\/coupe-de-france\" target=\"_blank\" rel=\"noopener\">Coupe de France<\/a>. Une <b>minute de silence<\/b> sera observ\u00e9e en hommage \u00e0 Morgan, Ya\u00ebl et So\u00ebn, comme avant le match de pr\u00e9paration des U18 de <b>Tessy Moyon Sports<\/b>.<\/p>\n<p class=\" wall-content\"><a href=\"https:\/\/www.instagram.com\/p\/DNlwPNhuXYk\/embed\" title=\"Ouvrir le lien sur Instagram\" target=\"_blank\" rel=\"noopener\">Visualiser le contenu sur Instagram<\/a><\/p>\n<p class=\" wall-content\">Sa compagne Ya\u00ebl Rotrou \u00e9tait connue autour de Saint-L\u00f4 pour avoir \u00e9t\u00e9 l\u2019ancienne directrice du centre de loisirs de <a href=\"https:\/\/actu.fr\/normandie\/bourgvallees_50546\" target=\"_blank\" rel=\"noopener\">Bourgvall\u00e9es<\/a>, selon nos confr\u00e8res de <a href=\"https:\/\/www.ouest-france.fr\/faits-divers\/accidents\/jai-du-mal-a-realiser-la-vive-emotion-des-proches-de-yael-rotrou-tuee-dans-un-accident-fa588c00-7dba-11f0-8eb0-56f672d6e343\" target=\"_blank\" rel=\"noopener\">Ouest-France<\/a>.<\/p>\n<p>\u00ab\u2009Une famille attachante\u2009\u00bb<\/p>\n<p class=\" wall-content\">Le couple s\u2019\u00e9tait \u00e9loign\u00e9 de la <a href=\"https:\/\/actu.fr\/normandie\/manche_50\" target=\"_blank\" rel=\"noopener\">Manche<\/a> depuis 2023 pour un nouveau projet professionnel en <a href=\"https:\/\/actu.fr\/pays-de-la-loire\/vendee_85\" target=\"_blank\" rel=\"noopener\">Vend\u00e9e<\/a>, mais gardait toujours un<b> lien avec le territoire<\/b> \u00e0 travers leur famille et leurs amis.<\/p>\n<p class=\" wall-content\">Ils jouaient tous les deux au <a href=\"https:\/\/actu.fr\/pays-de-la-loire\/sainte-gemme-la-plaine_85216\/le-coeur-lourd-emotion-apres-la-mort-de-trois-personnes-dune-meme-famille-dans-un-accident-en-vendee_63060141.html\" target=\"_blank\" rel=\"noopener\">Foot Espoir 85<\/a>, qui leur rend hommage\u2009: \u00ab\u2009Ils formaient une famille attachante, investie, et <b>profond\u00e9ment aim\u00e9e au sein de notre club et bien au-del\u00e0<\/b>. Leur sourire, leur g\u00e9n\u00e9rosit\u00e9 et leur passion pour le football laisseront une empreinte ind\u00e9l\u00e9bile dans nos m\u00e9moires et nos c\u0153urs. Les mots manquent face \u00e0 une telle injustice, et l\u2019immense vide qu\u2019ils laissent ne pourra jamais \u00eatre combl\u00e9\u2009\u00bb.<\/p>\n<p class=\" wall-content\"><a href=\"https:\/\/www.instagram.com\/p\/DNlS_YAtSq9\/embed\" title=\"Ouvrir le lien sur Instagram\" target=\"_blank\" rel=\"noopener\">Visualiser le contenu sur Instagram<\/a><\/p>\n<p>Le conducteur du tracteur en garde \u00e0 vue<\/p>\n<p class=\" wall-content\">Une enqu\u00eate est en cours pour d\u00e9terminer les <b>circonstances<\/b> de l\u2019accident. D\u2019apr\u00e8s Ouest-France, le conducteur du tracteur a \u00e9t\u00e9 plac\u00e9 en <b>garde \u00e0 vue<\/b>.<\/p>\n<p class=\" wall-content\"><a href=\"https:\/\/actu.fr\/la-presse-de-la-manche\/\" target=\"_blank\" rel=\"noopener\">La Presse de la Manche<\/a> adresse ses plus sinc\u00e8res condol\u00e9ances aux familles et aux proches des victimes.<\/p>\n<p class=\" wall-content\">Personnalisez votre actualit\u00e9 en ajoutant vos villes et m\u00e9dias en favori avec <a href=\"https:\/\/moncompte.actu.fr\" title=\"D\u00e9couvez Mon Actu\" rel=\"nofollow noopener\" data-trk=\"{&quot;cta&quot;:{&quot;action&quot;:&quot;https:\\\/\\\/moncompte.actu.fr&quot;,&quot;category&quot;:&quot;mon compte&quot;,&quot;from&quot;:&quot;article footer&quot;,&quot;name&quot;:&quot;Mon actu&quot;,&quot;type&quot;:&quot;cta&quot;}}\" target=\"_blank\">Mon Actu<\/a>.<\/p>\n<p>                    <script async src=\"\/\/www.instagram.com\/embed.js\"><\/script><\/p>\n","protected":false},"excerpt":{"rendered":"Par Juliette Voisin Publi\u00e9 le 21 ao\u00fbt 2025 \u00e0 18h08 Les clubs de football du pays saint-lois sont&hellip;\n","protected":false},"author":2,"featured_media":334509,"comment_status":"","ping_status":"","sticky":false,"template":"","format":"standard","meta":{"footnotes":""},"categories":[4],"tags":[119,11,118,25068,1011,27,1391,12,25],"class_list":{"0":"post-334508","1":"post","2":"type-post","3":"status-publish","4":"format-standard","5":"has-post-thumbnail","7":"category-france","8":"tag-accident","9":"tag-actualites","10":"tag-faits-divers","11":"tag-foot-normandie","12":"tag-fr","13":"tag-france","14":"tag-necrologie","15":"tag-news","16":"tag-republique-francaise"},"share_on_mastodon":{"url":"https:\/\/pubeurope.com\/@fr\/115068147061513866","error":""},"_links":{"self":[{"href":"https:\/\/www.europesays.com\/fr\/wp-json\/wp\/v2\/posts\/334508","targetHints":{"allow":["GET"]}}],"collection":[{"href":"https:\/\/www.europesays.com\/fr\/wp-json\/wp\/v2\/posts"}],"about":[{"href":"https:\/\/www.europesays.com\/fr\/wp-json\/wp\/v2\/types\/post"}],"author":[{"embeddable":true,"href":"https:\/\/www.europesays.com\/fr\/wp-json\/wp\/v2\/users\/2"}],"replies":[{"embeddable":true,"href":"https:\/\/www.europesays.com\/fr\/wp-json\/wp\/v2\/comments?post=334508"}],"version-history":[{"count":0,"href":"https:\/\/www.europesays.com\/fr\/wp-json\/wp\/v2\/posts\/334508\/revisions"}],"wp:featuredmedia":[{"embeddable":true,"href":"https:\/\/www.europesays.com\/fr\/wp-json\/wp\/v2\/media\/334509"}],"wp:attachment":[{"href":"https:\/\/www.europesays.com\/fr\/wp-json\/wp\/v2\/media?parent=334508"}],"wp:term":[{"taxonomy":"category","embeddable":true,"href":"https:\/\/www.europesays.com\/fr\/wp-json\/wp\/v2\/categories?post=334508"},{"taxonomy":"post_tag","embeddable":true,"href":"https:\/\/www.europesays.com\/fr\/wp-json\/wp\/v2\/tags?post=334508"}],"curies":[{"name":"wp","href":"https:\/\/api.w.org\/{rel}","templated":true}]}}